{"id":3653,"date":"2023-07-20T16:12:44","date_gmt":"2023-07-20T19:12:44","guid":{"rendered":"https:\/\/www.pmpf.rs.gov.br\/cultura\/?p=3653"},"modified":"2023-07-20T16:12:51","modified_gmt":"2023-07-20T19:12:51","slug":"vovo-voice-prefeitura-realiza-concurso-musical-entre-idosos","status":"publish","type":"post","link":"https:\/\/www.pmpf.rs.gov.br\/cultura\/2023\/07\/20\/vovo-voice-prefeitura-realiza-concurso-musical-entre-idosos\/","title":{"rendered":"Vov\u00f4 Voice: Prefeitura realiza concurso musical entre idosos"},"content":{"rendered":"\n<p><br>Um repert\u00f3rio carregado de alegria e lembran\u00e7as foi escolhido pelos participantes de mais uma edi\u00e7\u00e3o do Vov\u00f4 Voice, concurso musical realizado pela Prefeitura de Passo Fundo e que envolve os idosos que integram as atividades da Coordenadoria Municipal do Idoso (Comai). Na tarde desta quinta-feira (20), 12 cantores mostraram o seu talento a um time de jurados, simulando uma final da famosa competi\u00e7\u00e3o The Voice.<br><br>A coordenadora do Idoso, T\u00e2nia Carraro, explica que os participantes se inscreveram no concurso e, durante quatro meses, iniciando em fevereiro, tiveram aulas de canto e t\u00e9cnicas vocais. \u201c\u00c9 um momento muito gratificante para eles e para n\u00f3s. Foi muito prazeroso acompanhar esses quatro meses de treino. Com chuva e frio, eles estavam l\u00e1, ensaiando e mostrando o potencial, a capacidade e a vitalidade de cada um\u201d, disse.<br><br>Esta \u00e9 a terceira edi\u00e7\u00e3o do evento, que se tornou muito aguardado pelos idosos. \u201cLan\u00e7amos, em 2018, a primeira edi\u00e7\u00e3o do concurso. Deu t\u00e3o certo que, em 2019, teve a segunda. Depois, veio a pandemia, e precisamos parar. Quando retornamos \u00e0s atividades, em maio do ano passado, a preocupa\u00e7\u00e3o deles era sobre quando teria o Vov\u00f4 Voice\u201d, comentou T\u00e2nia.<br><br>A iniciativa foi da Coordenadoria do Idoso, que buscou realizar uma competi\u00e7\u00e3o saud\u00e1vel e que, al\u00e9m disso, resgatasse e criasse novas mem\u00f3rias A Jovita Vieira da Silva, de 64 anos, escolheu a m\u00fasica \u201cMenina, n\u00e3o corte os cabelos\u201d para interpretar. Antes de subir ao palco, ela falou sobre o entusiasmo de participar do concurso. \u201cN\u00f3s ensaiamos bastante para este momento e acredito que teremos \u00f3timas apresenta\u00e7\u00f5es\u201d, enfatizou.<br><br>O evento foi prestigiado pelo prefeito Pedro Almeida, que destacou o apoio da Prefeitura \u00e0s a\u00e7\u00f5es desenvolvidas pela Coordenadoria Municipal do Idoso a fim de manter a popula\u00e7\u00e3o idosa em movimento e ativa na sociedade. \u201cS\u00e3o feitas pela Coordenadoria mais de 20 oficinas. No ano passado, entregamos uma nova sede, que trouxe melhores condi\u00e7\u00f5es para as atividades e que est\u00e1 sendo muito bem aproveitada. Que este dia fique marcado na vida de todos os participantes\u201d, comentou.<\/p>\n\n\n\n<p><strong>Fotos: Michel Sanderi<\/strong><\/p>\n","protected":false},"excerpt":{"rendered":"<p>Iniciativa da Coordenadoria do Idoso promove uma integra\u00e7\u00e3o entre os membros dos grupos do DATI\/COMAI, estimulando uma competi\u00e7\u00e3o saud\u00e1vel que resgatasse e criasse novas mem\u00f3rias<\/p>\n","protected":false},"author":6,"featured_media":3654,"comment_status":"closed","ping_status":"closed","sticky":true,"template":"","format":"standard","meta":{"footnotes":""},"categories":[1],"tags":[],"class_list":["post-3653","post","type-post","status-publish","format-standard","has-post-thumbnail","hentry","category-sem-categoria"],"yoast_head":"<!-- This site is optimized with the Yoast SEO plugin v23.8 - https:\/\/yoast.com\/wordpress\/plugins\/seo\/ -->\n<title>Vov\u00f4 Voice: Prefeitura realiza concurso musical entre idosos - Secretaria de Cultura<\/title>\n<meta name=\"robots\" content=\"index, follow, max-snippet:-1, max-image-preview:large, max-video-preview:-1\" \/>\n<link rel=\"canonical\" href=\"https:\/\/www.pmpf.rs.gov.br\/cultura\/2023\/07\/20\/vovo-voice-prefeitura-realiza-concurso-musical-entre-idosos\/\" \/>\n<meta property=\"og:locale\" content=\"pt_BR\" \/>\n<meta property=\"og:type\" content=\"article\" \/>\n<meta property=\"og:title\" content=\"Vov\u00f4 Voice: Prefeitura realiza concurso musical entre idosos - Secretaria de Cultura\" \/>\n<meta property=\"og:description\" content=\"Iniciativa da Coordenadoria do Idoso promove uma integra\u00e7\u00e3o entre os membros dos grupos do DATI\/COMAI, estimulando uma competi\u00e7\u00e3o saud\u00e1vel que resgatasse e criasse novas mem\u00f3rias\" \/>\n<meta property=\"og:url\" content=\"https:\/\/www.pmpf.rs.gov.br\/cultura\/2023\/07\/20\/vovo-voice-prefeitura-realiza-concurso-musical-entre-idosos\/\" \/>\n<meta property=\"og:site_name\" content=\"Secretaria de Cultura\" \/>\n<meta property=\"article:published_time\" content=\"2023-07-20T19:12:44+00:00\" \/>\n<meta property=\"article:modified_time\" content=\"2023-07-20T19:12:51+00:00\" \/>\n<meta name=\"author\" content=\"andressazorzetto07\" \/>\n<meta name=\"twitter:card\" content=\"summary_large_image\" \/>\n<meta name=\"twitter:label1\" content=\"Escrito por\" \/>\n\t<meta name=\"twitter:data1\" content=\"andressazorzetto07\" \/>\n\t<meta name=\"twitter:label2\" content=\"Est. tempo de leitura\" \/>\n\t<meta name=\"twitter:data2\" content=\"2 minutos\" \/>\n<script type=\"application\/ld+json\" class=\"yoast-schema-graph\">{\"@context\":\"https:\/\/schema.org\",\"@graph\":[{\"@type\":\"WebPage\",\"@id\":\"https:\/\/www.pmpf.rs.gov.br\/cultura\/2023\/07\/20\/vovo-voice-prefeitura-realiza-concurso-musical-entre-idosos\/\",\"url\":\"https:\/\/www.pmpf.rs.gov.br\/cultura\/2023\/07\/20\/vovo-voice-prefeitura-realiza-concurso-musical-entre-idosos\/\",\"name\":\"Vov\u00f4 Voice: Prefeitura realiza concurso musical entre idosos - Secretaria de Cultura\",\"isPartOf\":{\"@id\":\"https:\/\/www.pmpf.rs.gov.br\/cultura\/#website\"},\"primaryImageOfPage\":{\"@id\":\"https:\/\/www.pmpf.rs.gov.br\/cultura\/2023\/07\/20\/vovo-voice-prefeitura-realiza-concurso-musical-entre-idosos\/#primaryimage\"},\"image\":{\"@id\":\"https:\/\/www.pmpf.rs.gov.br\/cultura\/2023\/07\/20\/vovo-voice-prefeitura-realiza-concurso-musical-entre-idosos\/#primaryimage\"},\"thumbnailUrl\":\"https:\/\/www.pmpf.rs.gov.br\/cultura\/wp-content\/uploads\/sites\/25\/2023\/07\/vovovoice1.jpg\",\"datePublished\":\"2023-07-20T19:12:44+00:00\",\"dateModified\":\"2023-07-20T19:12:51+00:00\",\"author\":{\"@id\":\"https:\/\/www.pmpf.rs.gov.br\/cultura\/#\/schema\/person\/30ee1d1bd74da1469b01fcf086e43351\"},\"inLanguage\":\"pt-BR\",\"potentialAction\":[{\"@type\":\"ReadAction\",\"target\":[\"https:\/\/www.pmpf.rs.gov.br\/cultura\/2023\/07\/20\/vovo-voice-prefeitura-realiza-concurso-musical-entre-idosos\/\"]}]},{\"@type\":\"ImageObject\",\"inLanguage\":\"pt-BR\",\"@id\":\"https:\/\/www.pmpf.rs.gov.br\/cultura\/2023\/07\/20\/vovo-voice-prefeitura-realiza-concurso-musical-entre-idosos\/#primaryimage\",\"url\":\"https:\/\/www.pmpf.rs.gov.br\/cultura\/wp-content\/uploads\/sites\/25\/2023\/07\/vovovoice1.jpg\",\"contentUrl\":\"https:\/\/www.pmpf.rs.gov.br\/cultura\/wp-content\/uploads\/sites\/25\/2023\/07\/vovovoice1.jpg\",\"width\":1600,\"height\":1066},{\"@type\":\"WebSite\",\"@id\":\"https:\/\/www.pmpf.rs.gov.br\/cultura\/#website\",\"url\":\"https:\/\/www.pmpf.rs.gov.br\/cultura\/\",\"name\":\"Secretaria de Cultura\",\"description\":\"S\u00f3 mais um site Prefeitura de Passo Fundo\",\"potentialAction\":[{\"@type\":\"SearchAction\",\"target\":{\"@type\":\"EntryPoint\",\"urlTemplate\":\"https:\/\/www.pmpf.rs.gov.br\/cultura\/?s={search_term_string}\"},\"query-input\":{\"@type\":\"PropertyValueSpecification\",\"valueRequired\":true,\"valueName\":\"search_term_string\"}}],\"inLanguage\":\"pt-BR\"},{\"@type\":\"Person\",\"@id\":\"https:\/\/www.pmpf.rs.gov.br\/cultura\/#\/schema\/person\/30ee1d1bd74da1469b01fcf086e43351\",\"name\":\"andressazorzetto07\",\"image\":{\"@type\":\"ImageObject\",\"inLanguage\":\"pt-BR\",\"@id\":\"https:\/\/www.pmpf.rs.gov.br\/cultura\/#\/schema\/person\/image\/\",\"url\":\"https:\/\/secure.gravatar.com\/avatar\/14c5458ed79dc81da99a13b9ff5f9f19?s=96&d=mm&r=g\",\"contentUrl\":\"https:\/\/secure.gravatar.com\/avatar\/14c5458ed79dc81da99a13b9ff5f9f19?s=96&d=mm&r=g\",\"caption\":\"andressazorzetto07\"},\"url\":\"https:\/\/www.pmpf.rs.gov.br\/cultura\/author\/andressazorzetto07\/\"}]}<\/script>\n<!-- \/ Yoast SEO plugin. -->","yoast_head_json":{"title":"Vov\u00f4 Voice: Prefeitura realiza concurso musical entre idosos - Secretaria de Cultura","robots":{"index":"index","follow":"follow","max-snippet":"max-snippet:-1","max-image-preview":"max-image-preview:large","max-video-preview":"max-video-preview:-1"},"canonical":"https:\/\/www.pmpf.rs.gov.br\/cultura\/2023\/07\/20\/vovo-voice-prefeitura-realiza-concurso-musical-entre-idosos\/","og_locale":"pt_BR","og_type":"article","og_title":"Vov\u00f4 Voice: Prefeitura realiza concurso musical entre idosos - Secretaria de Cultura","og_description":"Iniciativa da Coordenadoria do Idoso promove uma integra\u00e7\u00e3o entre os membros dos grupos do DATI\/COMAI, estimulando uma competi\u00e7\u00e3o saud\u00e1vel que resgatasse e criasse novas mem\u00f3rias","og_url":"https:\/\/www.pmpf.rs.gov.br\/cultura\/2023\/07\/20\/vovo-voice-prefeitura-realiza-concurso-musical-entre-idosos\/","og_site_name":"Secretaria de Cultura","article_published_time":"2023-07-20T19:12:44+00:00","article_modified_time":"2023-07-20T19:12:51+00:00","author":"andressazorzetto07","twitter_card":"summary_large_image","twitter_misc":{"Escrito por":"andressazorzetto07","Est. tempo de leitura":"2 minutos"},"schema":{"@context":"https:\/\/schema.org","@graph":[{"@type":"WebPage","@id":"https:\/\/www.pmpf.rs.gov.br\/cultura\/2023\/07\/20\/vovo-voice-prefeitura-realiza-concurso-musical-entre-idosos\/","url":"https:\/\/www.pmpf.rs.gov.br\/cultura\/2023\/07\/20\/vovo-voice-prefeitura-realiza-concurso-musical-entre-idosos\/","name":"Vov\u00f4 Voice: Prefeitura realiza concurso musical entre idosos - Secretaria de Cultura","isPartOf":{"@id":"https:\/\/www.pmpf.rs.gov.br\/cultura\/#website"},"primaryImageOfPage":{"@id":"https:\/\/www.pmpf.rs.gov.br\/cultura\/2023\/07\/20\/vovo-voice-prefeitura-realiza-concurso-musical-entre-idosos\/#primaryimage"},"image":{"@id":"https:\/\/www.pmpf.rs.gov.br\/cultura\/2023\/07\/20\/vovo-voice-prefeitura-realiza-concurso-musical-entre-idosos\/#primaryimage"},"thumbnailUrl":"https:\/\/www.pmpf.rs.gov.br\/cultura\/wp-content\/uploads\/sites\/25\/2023\/07\/vovovoice1.jpg","datePublished":"2023-07-20T19:12:44+00:00","dateModified":"2023-07-20T19:12:51+00:00","author":{"@id":"https:\/\/www.pmpf.rs.gov.br\/cultura\/#\/schema\/person\/30ee1d1bd74da1469b01fcf086e43351"},"inLanguage":"pt-BR","potentialAction":[{"@type":"ReadAction","target":["https:\/\/www.pmpf.rs.gov.br\/cultura\/2023\/07\/20\/vovo-voice-prefeitura-realiza-concurso-musical-entre-idosos\/"]}]},{"@type":"ImageObject","inLanguage":"pt-BR","@id":"https:\/\/www.pmpf.rs.gov.br\/cultura\/2023\/07\/20\/vovo-voice-prefeitura-realiza-concurso-musical-entre-idosos\/#primaryimage","url":"https:\/\/www.pmpf.rs.gov.br\/cultura\/wp-content\/uploads\/sites\/25\/2023\/07\/vovovoice1.jpg","contentUrl":"https:\/\/www.pmpf.rs.gov.br\/cultura\/wp-content\/uploads\/sites\/25\/2023\/07\/vovovoice1.jpg","width":1600,"height":1066},{"@type":"WebSite","@id":"https:\/\/www.pmpf.rs.gov.br\/cultura\/#website","url":"https:\/\/www.pmpf.rs.gov.br\/cultura\/","name":"Secretaria de Cultura","description":"S\u00f3 mais um site Prefeitura de Passo Fundo","potentialAction":[{"@type":"SearchAction","target":{"@type":"EntryPoint","urlTemplate":"https:\/\/www.pmpf.rs.gov.br\/cultura\/?s={search_term_string}"},"query-input":{"@type":"PropertyValueSpecification","valueRequired":true,"valueName":"search_term_string"}}],"inLanguage":"pt-BR"},{"@type":"Person","@id":"https:\/\/www.pmpf.rs.gov.br\/cultura\/#\/schema\/person\/30ee1d1bd74da1469b01fcf086e43351","name":"andressazorzetto07","image":{"@type":"ImageObject","inLanguage":"pt-BR","@id":"https:\/\/www.pmpf.rs.gov.br\/cultura\/#\/schema\/person\/image\/","url":"https:\/\/secure.gravatar.com\/avatar\/14c5458ed79dc81da99a13b9ff5f9f19?s=96&d=mm&r=g","contentUrl":"https:\/\/secure.gravatar.com\/avatar\/14c5458ed79dc81da99a13b9ff5f9f19?s=96&d=mm&r=g","caption":"andressazorzetto07"},"url":"https:\/\/www.pmpf.rs.gov.br\/cultura\/author\/andressazorzetto07\/"}]}},"_links":{"self":[{"href":"https:\/\/www.pmpf.rs.gov.br\/cultura\/wp-json\/wp\/v2\/posts\/3653"}],"collection":[{"href":"https:\/\/www.pmpf.rs.gov.br\/cultura\/wp-json\/wp\/v2\/posts"}],"about":[{"href":"https:\/\/www.pmpf.rs.gov.br\/cultura\/wp-json\/wp\/v2\/types\/post"}],"author":[{"embeddable":true,"href":"https:\/\/www.pmpf.rs.gov.br\/cultura\/wp-json\/wp\/v2\/users\/6"}],"replies":[{"embeddable":true,"href":"https:\/\/www.pmpf.rs.gov.br\/cultura\/wp-json\/wp\/v2\/comments?post=3653"}],"version-history":[{"count":1,"href":"https:\/\/www.pmpf.rs.gov.br\/cultura\/wp-json\/wp\/v2\/posts\/3653\/revisions"}],"predecessor-version":[{"id":3655,"href":"https:\/\/www.pmpf.rs.gov.br\/cultura\/wp-json\/wp\/v2\/posts\/3653\/revisions\/3655"}],"wp:featuredmedia":[{"embeddable":true,"href":"https:\/\/www.pmpf.rs.gov.br\/cultura\/wp-json\/wp\/v2\/media\/3654"}],"wp:attachment":[{"href":"https:\/\/www.pmpf.rs.gov.br\/cultura\/wp-json\/wp\/v2\/media?parent=3653"}],"wp:term":[{"taxonomy":"category","embeddable":true,"href":"https:\/\/www.pmpf.rs.gov.br\/cultura\/wp-json\/wp\/v2\/categories?post=3653"},{"taxonomy":"post_tag","embeddable":true,"href":"https:\/\/www.pmpf.rs.gov.br\/cultura\/wp-json\/wp\/v2\/tags?post=3653"}],"curies":[{"name":"wp","href":"https:\/\/api.w.org\/{rel}","templated":true}]}}