{"id":3649,"date":"2023-05-19T10:28:34","date_gmt":"2023-05-19T13:28:34","guid":{"rendered":"https:\/\/www.pmpf.rs.gov.br\/cultura\/?p=3649"},"modified":"2023-05-19T10:28:41","modified_gmt":"2023-05-19T13:28:41","slug":"neste-domingo-havera-espetaculo-gratuito-no-teatro-mucio-de-castro","status":"publish","type":"post","link":"https:\/\/www.pmpf.rs.gov.br\/cultura\/2023\/05\/19\/neste-domingo-havera-espetaculo-gratuito-no-teatro-mucio-de-castro\/","title":{"rendered":"Neste domingo, haver\u00e1 espet\u00e1culo gratuito no Teatro M\u00facio de Castro"},"content":{"rendered":"\n<p><\/p>\n\n\n\n<p>O Teatro Municipal M\u00facio de Castro ser\u00e1 palco de muitos espet\u00e1culos gratuitos para a comunidade. A partir do projeto Cultura Presente no Teatro, 30 iniciativas culturais, sendo 8 de dan\u00e7a e 22 de teatro, j\u00e1 est\u00e3o confirmadas para acontecer. A primeira ser\u00e1 neste domingo (21), \u00e0s 16h, com a pe\u00e7a infantil O Gigante Ego\u00edsta.<\/p>\n\n\n\n<p>Ampliar o acesso \u00e0 Cultura e valorizar os artistas locais s\u00e3o os principais objetivos do projeto. Por isso, com o decreto 92\/2022, o Munic\u00edpio prop\u00f4s a isen\u00e7\u00e3o de taxas para as apresenta\u00e7\u00f5es dos artistas da cidade no Teatro Municipal e, posteriormente, realizou um edital para chamar os espet\u00e1culos.<\/p>\n\n\n\n<p>\u201cEstamos valorizando nossos artistas locais, esses profissionais que, mesmo no pior momento de nossa hist\u00f3ria, que foi a pandemia, continuaram produzindo cultura. Estamos valorizando nossa popula\u00e7\u00e3o, que ter\u00e1 acesso sem qualquer custo aos espet\u00e1culos e tamb\u00e9m o nosso lindo Teatro Municipal, um pr\u00e9dio hist\u00f3rico do munic\u00edpio, que merece ser visitado por todas as pessoas\u201d, destaca a secret\u00e1ria de Cultura, Miri\u00ea Tedesco.<\/p>\n\n\n\n<p>Os ingressos gratuitos para a pe\u00e7a O Gigante Ego\u00edsta podem ser retirados at\u00e9 esta sexta-feira (19), no Teatro Municipal M\u00facio de Castro, que fica na Avenida Brasil, junto ao Museu e \u00e0 Academia Passo-fundense de Letras, das 13h30 \u00e0s 17h.<\/p>\n","protected":false},"excerpt":{"rendered":"<p>A pe\u00e7a infantil O Gigante Ego\u00edsta faz parte do projeto Cultura Presente no Teatro, que chega para trazer teatro e dan\u00e7a de gra\u00e7a<\/p>\n","protected":false},"author":6,"featured_media":0,"comment_status":"closed","ping_status":"closed","sticky":true,"template":"","format":"standard","meta":{"footnotes":""},"categories":[1],"tags":[],"class_list":["post-3649","post","type-post","status-publish","format-standard","hentry","category-sem-categoria"],"yoast_head":"<!-- This site is optimized with the Yoast SEO plugin v23.8 - https:\/\/yoast.com\/wordpress\/plugins\/seo\/ -->\n<title>Neste domingo, haver\u00e1 espet\u00e1culo gratuito no Teatro M\u00facio de Castro - Secretaria de Cultura<\/title>\n<meta name=\"robots\" content=\"index, follow, max-snippet:-1, max-image-preview:large, max-video-preview:-1\" \/>\n<link rel=\"canonical\" href=\"https:\/\/www.pmpf.rs.gov.br\/cultura\/2023\/05\/19\/neste-domingo-havera-espetaculo-gratuito-no-teatro-mucio-de-castro\/\" \/>\n<meta property=\"og:locale\" content=\"pt_BR\" \/>\n<meta property=\"og:type\" content=\"article\" \/>\n<meta property=\"og:title\" content=\"Neste domingo, haver\u00e1 espet\u00e1culo gratuito no Teatro M\u00facio de Castro - Secretaria de Cultura\" \/>\n<meta property=\"og:description\" content=\"A pe\u00e7a infantil O Gigante Ego\u00edsta faz parte do projeto Cultura Presente no Teatro, que chega para trazer teatro e dan\u00e7a de gra\u00e7a\" \/>\n<meta property=\"og:url\" content=\"https:\/\/www.pmpf.rs.gov.br\/cultura\/2023\/05\/19\/neste-domingo-havera-espetaculo-gratuito-no-teatro-mucio-de-castro\/\" \/>\n<meta property=\"og:site_name\" content=\"Secretaria de Cultura\" \/>\n<meta property=\"article:published_time\" content=\"2023-05-19T13:28:34+00:00\" \/>\n<meta property=\"article:modified_time\" content=\"2023-05-19T13:28:41+00:00\" \/>\n<meta name=\"author\" content=\"andressazorzetto07\" \/>\n<meta name=\"twitter:card\" content=\"summary_large_image\" \/>\n<meta name=\"twitter:label1\" content=\"Escrito por\" \/>\n\t<meta name=\"twitter:data1\" content=\"andressazorzetto07\" \/>\n\t<meta name=\"twitter:label2\" content=\"Est. tempo de leitura\" \/>\n\t<meta name=\"twitter:data2\" content=\"1 minuto\" \/>\n<script type=\"application\/ld+json\" class=\"yoast-schema-graph\">{\"@context\":\"https:\/\/schema.org\",\"@graph\":[{\"@type\":\"WebPage\",\"@id\":\"https:\/\/www.pmpf.rs.gov.br\/cultura\/2023\/05\/19\/neste-domingo-havera-espetaculo-gratuito-no-teatro-mucio-de-castro\/\",\"url\":\"https:\/\/www.pmpf.rs.gov.br\/cultura\/2023\/05\/19\/neste-domingo-havera-espetaculo-gratuito-no-teatro-mucio-de-castro\/\",\"name\":\"Neste domingo, haver\u00e1 espet\u00e1culo gratuito no Teatro M\u00facio de Castro - Secretaria de Cultura\",\"isPartOf\":{\"@id\":\"https:\/\/www.pmpf.rs.gov.br\/cultura\/#website\"},\"datePublished\":\"2023-05-19T13:28:34+00:00\",\"dateModified\":\"2023-05-19T13:28:41+00:00\",\"author\":{\"@id\":\"https:\/\/www.pmpf.rs.gov.br\/cultura\/#\/schema\/person\/30ee1d1bd74da1469b01fcf086e43351\"},\"inLanguage\":\"pt-BR\",\"potentialAction\":[{\"@type\":\"ReadAction\",\"target\":[\"https:\/\/www.pmpf.rs.gov.br\/cultura\/2023\/05\/19\/neste-domingo-havera-espetaculo-gratuito-no-teatro-mucio-de-castro\/\"]}]},{\"@type\":\"WebSite\",\"@id\":\"https:\/\/www.pmpf.rs.gov.br\/cultura\/#website\",\"url\":\"https:\/\/www.pmpf.rs.gov.br\/cultura\/\",\"name\":\"Secretaria de Cultura\",\"description\":\"S\u00f3 mais um site Prefeitura de Passo Fundo\",\"potentialAction\":[{\"@type\":\"SearchAction\",\"target\":{\"@type\":\"EntryPoint\",\"urlTemplate\":\"https:\/\/www.pmpf.rs.gov.br\/cultura\/?s={search_term_string}\"},\"query-input\":{\"@type\":\"PropertyValueSpecification\",\"valueRequired\":true,\"valueName\":\"search_term_string\"}}],\"inLanguage\":\"pt-BR\"},{\"@type\":\"Person\",\"@id\":\"https:\/\/www.pmpf.rs.gov.br\/cultura\/#\/schema\/person\/30ee1d1bd74da1469b01fcf086e43351\",\"name\":\"andressazorzetto07\",\"image\":{\"@type\":\"ImageObject\",\"inLanguage\":\"pt-BR\",\"@id\":\"https:\/\/www.pmpf.rs.gov.br\/cultura\/#\/schema\/person\/image\/\",\"url\":\"https:\/\/secure.gravatar.com\/avatar\/14c5458ed79dc81da99a13b9ff5f9f19?s=96&d=mm&r=g\",\"contentUrl\":\"https:\/\/secure.gravatar.com\/avatar\/14c5458ed79dc81da99a13b9ff5f9f19?s=96&d=mm&r=g\",\"caption\":\"andressazorzetto07\"},\"url\":\"https:\/\/www.pmpf.rs.gov.br\/cultura\/author\/andressazorzetto07\/\"}]}<\/script>\n<!-- \/ Yoast SEO plugin. -->","yoast_head_json":{"title":"Neste domingo, haver\u00e1 espet\u00e1culo gratuito no Teatro M\u00facio de Castro - Secretaria de Cultura","robots":{"index":"index","follow":"follow","max-snippet":"max-snippet:-1","max-image-preview":"max-image-preview:large","max-video-preview":"max-video-preview:-1"},"canonical":"https:\/\/www.pmpf.rs.gov.br\/cultura\/2023\/05\/19\/neste-domingo-havera-espetaculo-gratuito-no-teatro-mucio-de-castro\/","og_locale":"pt_BR","og_type":"article","og_title":"Neste domingo, haver\u00e1 espet\u00e1culo gratuito no Teatro M\u00facio de Castro - Secretaria de Cultura","og_description":"A pe\u00e7a infantil O Gigante Ego\u00edsta faz parte do projeto Cultura Presente no Teatro, que chega para trazer teatro e dan\u00e7a de gra\u00e7a","og_url":"https:\/\/www.pmpf.rs.gov.br\/cultura\/2023\/05\/19\/neste-domingo-havera-espetaculo-gratuito-no-teatro-mucio-de-castro\/","og_site_name":"Secretaria de Cultura","article_published_time":"2023-05-19T13:28:34+00:00","article_modified_time":"2023-05-19T13:28:41+00:00","author":"andressazorzetto07","twitter_card":"summary_large_image","twitter_misc":{"Escrito por":"andressazorzetto07","Est. tempo de leitura":"1 minuto"},"schema":{"@context":"https:\/\/schema.org","@graph":[{"@type":"WebPage","@id":"https:\/\/www.pmpf.rs.gov.br\/cultura\/2023\/05\/19\/neste-domingo-havera-espetaculo-gratuito-no-teatro-mucio-de-castro\/","url":"https:\/\/www.pmpf.rs.gov.br\/cultura\/2023\/05\/19\/neste-domingo-havera-espetaculo-gratuito-no-teatro-mucio-de-castro\/","name":"Neste domingo, haver\u00e1 espet\u00e1culo gratuito no Teatro M\u00facio de Castro - Secretaria de Cultura","isPartOf":{"@id":"https:\/\/www.pmpf.rs.gov.br\/cultura\/#website"},"datePublished":"2023-05-19T13:28:34+00:00","dateModified":"2023-05-19T13:28:41+00:00","author":{"@id":"https:\/\/www.pmpf.rs.gov.br\/cultura\/#\/schema\/person\/30ee1d1bd74da1469b01fcf086e43351"},"inLanguage":"pt-BR","potentialAction":[{"@type":"ReadAction","target":["https:\/\/www.pmpf.rs.gov.br\/cultura\/2023\/05\/19\/neste-domingo-havera-espetaculo-gratuito-no-teatro-mucio-de-castro\/"]}]},{"@type":"WebSite","@id":"https:\/\/www.pmpf.rs.gov.br\/cultura\/#website","url":"https:\/\/www.pmpf.rs.gov.br\/cultura\/","name":"Secretaria de Cultura","description":"S\u00f3 mais um site Prefeitura de Passo Fundo","potentialAction":[{"@type":"SearchAction","target":{"@type":"EntryPoint","urlTemplate":"https:\/\/www.pmpf.rs.gov.br\/cultura\/?s={search_term_string}"},"query-input":{"@type":"PropertyValueSpecification","valueRequired":true,"valueName":"search_term_string"}}],"inLanguage":"pt-BR"},{"@type":"Person","@id":"https:\/\/www.pmpf.rs.gov.br\/cultura\/#\/schema\/person\/30ee1d1bd74da1469b01fcf086e43351","name":"andressazorzetto07","image":{"@type":"ImageObject","inLanguage":"pt-BR","@id":"https:\/\/www.pmpf.rs.gov.br\/cultura\/#\/schema\/person\/image\/","url":"https:\/\/secure.gravatar.com\/avatar\/14c5458ed79dc81da99a13b9ff5f9f19?s=96&d=mm&r=g","contentUrl":"https:\/\/secure.gravatar.com\/avatar\/14c5458ed79dc81da99a13b9ff5f9f19?s=96&d=mm&r=g","caption":"andressazorzetto07"},"url":"https:\/\/www.pmpf.rs.gov.br\/cultura\/author\/andressazorzetto07\/"}]}},"_links":{"self":[{"href":"https:\/\/www.pmpf.rs.gov.br\/cultura\/wp-json\/wp\/v2\/posts\/3649"}],"collection":[{"href":"https:\/\/www.pmpf.rs.gov.br\/cultura\/wp-json\/wp\/v2\/posts"}],"about":[{"href":"https:\/\/www.pmpf.rs.gov.br\/cultura\/wp-json\/wp\/v2\/types\/post"}],"author":[{"embeddable":true,"href":"https:\/\/www.pmpf.rs.gov.br\/cultura\/wp-json\/wp\/v2\/users\/6"}],"replies":[{"embeddable":true,"href":"https:\/\/www.pmpf.rs.gov.br\/cultura\/wp-json\/wp\/v2\/comments?post=3649"}],"version-history":[{"count":1,"href":"https:\/\/www.pmpf.rs.gov.br\/cultura\/wp-json\/wp\/v2\/posts\/3649\/revisions"}],"predecessor-version":[{"id":3650,"href":"https:\/\/www.pmpf.rs.gov.br\/cultura\/wp-json\/wp\/v2\/posts\/3649\/revisions\/3650"}],"wp:attachment":[{"href":"https:\/\/www.pmpf.rs.gov.br\/cultura\/wp-json\/wp\/v2\/media?parent=3649"}],"wp:term":[{"taxonomy":"category","embeddable":true,"href":"https:\/\/www.pmpf.rs.gov.br\/cultura\/wp-json\/wp\/v2\/categories?post=3649"},{"taxonomy":"post_tag","embeddable":true,"href":"https:\/\/www.pmpf.rs.gov.br\/cultura\/wp-json\/wp\/v2\/tags?post=3649"}],"curies":[{"name":"wp","href":"https:\/\/api.w.org\/{rel}","templated":true}]}}