{"id":3593,"date":"2022-12-12T10:55:13","date_gmt":"2022-12-12T13:55:13","guid":{"rendered":"https:\/\/www.pmpf.rs.gov.br\/cultura\/?p=3593"},"modified":"2022-12-12T10:55:15","modified_gmt":"2022-12-12T13:55:15","slug":"prefeitura-vai-realizar-passeio-gratuito-de-maria-fumaca-nos-dias-14-16-e-19-de-dezembro","status":"publish","type":"post","link":"https:\/\/www.pmpf.rs.gov.br\/cultura\/2022\/12\/12\/prefeitura-vai-realizar-passeio-gratuito-de-maria-fumaca-nos-dias-14-16-e-19-de-dezembro\/","title":{"rendered":"Prefeitura vai realizar passeio gratuito de maria fuma\u00e7a nos dias 14, 16 e 19 de dezembro"},"content":{"rendered":"\n<p><\/p>\n\n\n\n<p>A Prefeitura vai realizar um passeio gratuito e guiado de maria fuma\u00e7a nos dias 14, 16 e 19 de dezembro. A locomotiva partir\u00e1 \u00e0s 20h30 da Gare Gastron\u00f4mica e passar\u00e1 por diversos pontos da cidade at\u00e9 o Bairro Boqueir\u00e3o, envolvendo tamb\u00e9m a conta\u00e7\u00e3o de hist\u00f3rias.<\/p>\n\n\n\n<p>Poder\u00e3o participar pessoas de todas as idades. O embarque acontecer\u00e1 por ordem de chegada. Ser\u00e3o feitas tr\u00eas voltas e cada uma delas ter\u00e1 o limite de 40 pessoas.<\/p>\n\n\n\n<p>O passeio \u00e9 organizado pela Secretaria de Cultura. Conforme a secret\u00e1ria da pasta, Miri\u00ea Tedesco, a ideia \u00e9, al\u00e9m de promover uma atividade tradicional dentro das comemora\u00e7\u00f5es natalinas, levar a comunidade ao reconhecimento do patrim\u00f4nio hist\u00f3rico e cultural do munic\u00edpio ao fazer uma imers\u00e3o nas tradi\u00e7\u00f5es locais. \u201cO passeio tamb\u00e9m \u00e9 um roteiro cultural, uma vez que teremos uma contadora de hist\u00f3rias que ir\u00e1 narrando os pontos importantes da cidade, que s\u00e3o a Esta\u00e7\u00e3o da Gare, o Espa\u00e7o Roseli Doleski Pretto, onde est\u00e3o os pr\u00e9dios hist\u00f3ricos do Museu, do Teatro e da Academia Passo-fundense de Letras, a Pra\u00e7a do Teixeirinha, o Col\u00e9gio Notre Dame, o Natal Ecol\u00f3gico do Boqueir\u00e3o Legal e a Catedral\u201d, mencionou.<\/p>\n","protected":false},"excerpt":{"rendered":"<p>A locomotiva partir\u00e1 \u00e0s 20h30 da Gare Gastron\u00f4mica e passar\u00e1 por diversos pontos da cidade at\u00e9 o Bairro Boqueir\u00e3o, envolvendo tamb\u00e9m a conta\u00e7\u00e3o de hist\u00f3rias<\/p>\n","protected":false},"author":6,"featured_media":3594,"comment_status":"closed","ping_status":"closed","sticky":true,"template":"","format":"standard","meta":{"footnotes":""},"categories":[1],"tags":[],"class_list":["post-3593","post","type-post","status-publish","format-standard","has-post-thumbnail","hentry","category-sem-categoria"],"yoast_head":"<!-- This site is optimized with the Yoast SEO plugin v23.8 - https:\/\/yoast.com\/wordpress\/plugins\/seo\/ -->\n<title>Prefeitura vai realizar passeio gratuito de maria fuma\u00e7a nos dias 14, 16 e 19 de dezembro - Secretaria de Cultura<\/title>\n<meta name=\"robots\" content=\"index, follow, max-snippet:-1, max-image-preview:large, max-video-preview:-1\" \/>\n<link rel=\"canonical\" href=\"https:\/\/www.pmpf.rs.gov.br\/cultura\/2022\/12\/12\/prefeitura-vai-realizar-passeio-gratuito-de-maria-fumaca-nos-dias-14-16-e-19-de-dezembro\/\" \/>\n<meta property=\"og:locale\" content=\"pt_BR\" \/>\n<meta property=\"og:type\" content=\"article\" \/>\n<meta property=\"og:title\" content=\"Prefeitura vai realizar passeio gratuito de maria fuma\u00e7a nos dias 14, 16 e 19 de dezembro - Secretaria de Cultura\" \/>\n<meta property=\"og:description\" content=\"A locomotiva partir\u00e1 \u00e0s 20h30 da Gare Gastron\u00f4mica e passar\u00e1 por diversos pontos da cidade at\u00e9 o Bairro Boqueir\u00e3o, envolvendo tamb\u00e9m a conta\u00e7\u00e3o de hist\u00f3rias\" \/>\n<meta property=\"og:url\" content=\"https:\/\/www.pmpf.rs.gov.br\/cultura\/2022\/12\/12\/prefeitura-vai-realizar-passeio-gratuito-de-maria-fumaca-nos-dias-14-16-e-19-de-dezembro\/\" \/>\n<meta property=\"og:site_name\" content=\"Secretaria de Cultura\" \/>\n<meta property=\"article:published_time\" content=\"2022-12-12T13:55:13+00:00\" \/>\n<meta property=\"article:modified_time\" content=\"2022-12-12T13:55:15+00:00\" \/>\n<meta name=\"author\" content=\"andressazorzetto07\" \/>\n<meta name=\"twitter:card\" content=\"summary_large_image\" \/>\n<meta name=\"twitter:label1\" content=\"Escrito por\" \/>\n\t<meta name=\"twitter:data1\" content=\"andressazorzetto07\" \/>\n\t<meta name=\"twitter:label2\" content=\"Est. tempo de leitura\" \/>\n\t<meta name=\"twitter:data2\" content=\"1 minuto\" \/>\n<script type=\"application\/ld+json\" class=\"yoast-schema-graph\">{\"@context\":\"https:\/\/schema.org\",\"@graph\":[{\"@type\":\"WebPage\",\"@id\":\"https:\/\/www.pmpf.rs.gov.br\/cultura\/2022\/12\/12\/prefeitura-vai-realizar-passeio-gratuito-de-maria-fumaca-nos-dias-14-16-e-19-de-dezembro\/\",\"url\":\"https:\/\/www.pmpf.rs.gov.br\/cultura\/2022\/12\/12\/prefeitura-vai-realizar-passeio-gratuito-de-maria-fumaca-nos-dias-14-16-e-19-de-dezembro\/\",\"name\":\"Prefeitura vai realizar passeio gratuito de maria fuma\u00e7a nos dias 14, 16 e 19 de dezembro - Secretaria de Cultura\",\"isPartOf\":{\"@id\":\"https:\/\/www.pmpf.rs.gov.br\/cultura\/#website\"},\"primaryImageOfPage\":{\"@id\":\"https:\/\/www.pmpf.rs.gov.br\/cultura\/2022\/12\/12\/prefeitura-vai-realizar-passeio-gratuito-de-maria-fumaca-nos-dias-14-16-e-19-de-dezembro\/#primaryimage\"},\"image\":{\"@id\":\"https:\/\/www.pmpf.rs.gov.br\/cultura\/2022\/12\/12\/prefeitura-vai-realizar-passeio-gratuito-de-maria-fumaca-nos-dias-14-16-e-19-de-dezembro\/#primaryimage\"},\"thumbnailUrl\":\"https:\/\/www.pmpf.rs.gov.br\/cultura\/wp-content\/uploads\/sites\/25\/2022\/12\/maria-fumaca.jpg\",\"datePublished\":\"2022-12-12T13:55:13+00:00\",\"dateModified\":\"2022-12-12T13:55:15+00:00\",\"author\":{\"@id\":\"https:\/\/www.pmpf.rs.gov.br\/cultura\/#\/schema\/person\/30ee1d1bd74da1469b01fcf086e43351\"},\"inLanguage\":\"pt-BR\",\"potentialAction\":[{\"@type\":\"ReadAction\",\"target\":[\"https:\/\/www.pmpf.rs.gov.br\/cultura\/2022\/12\/12\/prefeitura-vai-realizar-passeio-gratuito-de-maria-fumaca-nos-dias-14-16-e-19-de-dezembro\/\"]}]},{\"@type\":\"ImageObject\",\"inLanguage\":\"pt-BR\",\"@id\":\"https:\/\/www.pmpf.rs.gov.br\/cultura\/2022\/12\/12\/prefeitura-vai-realizar-passeio-gratuito-de-maria-fumaca-nos-dias-14-16-e-19-de-dezembro\/#primaryimage\",\"url\":\"https:\/\/www.pmpf.rs.gov.br\/cultura\/wp-content\/uploads\/sites\/25\/2022\/12\/maria-fumaca.jpg\",\"contentUrl\":\"https:\/\/www.pmpf.rs.gov.br\/cultura\/wp-content\/uploads\/sites\/25\/2022\/12\/maria-fumaca.jpg\",\"width\":1280,\"height\":719},{\"@type\":\"WebSite\",\"@id\":\"https:\/\/www.pmpf.rs.gov.br\/cultura\/#website\",\"url\":\"https:\/\/www.pmpf.rs.gov.br\/cultura\/\",\"name\":\"Secretaria de Cultura\",\"description\":\"S\u00f3 mais um site Prefeitura de Passo Fundo\",\"potentialAction\":[{\"@type\":\"SearchAction\",\"target\":{\"@type\":\"EntryPoint\",\"urlTemplate\":\"https:\/\/www.pmpf.rs.gov.br\/cultura\/?s={search_term_string}\"},\"query-input\":{\"@type\":\"PropertyValueSpecification\",\"valueRequired\":true,\"valueName\":\"search_term_string\"}}],\"inLanguage\":\"pt-BR\"},{\"@type\":\"Person\",\"@id\":\"https:\/\/www.pmpf.rs.gov.br\/cultura\/#\/schema\/person\/30ee1d1bd74da1469b01fcf086e43351\",\"name\":\"andressazorzetto07\",\"image\":{\"@type\":\"ImageObject\",\"inLanguage\":\"pt-BR\",\"@id\":\"https:\/\/www.pmpf.rs.gov.br\/cultura\/#\/schema\/person\/image\/\",\"url\":\"https:\/\/secure.gravatar.com\/avatar\/14c5458ed79dc81da99a13b9ff5f9f19?s=96&d=mm&r=g\",\"contentUrl\":\"https:\/\/secure.gravatar.com\/avatar\/14c5458ed79dc81da99a13b9ff5f9f19?s=96&d=mm&r=g\",\"caption\":\"andressazorzetto07\"},\"url\":\"https:\/\/www.pmpf.rs.gov.br\/cultura\/author\/andressazorzetto07\/\"}]}<\/script>\n<!-- \/ Yoast SEO plugin. -->","yoast_head_json":{"title":"Prefeitura vai realizar passeio gratuito de maria fuma\u00e7a nos dias 14, 16 e 19 de dezembro - Secretaria de Cultura","robots":{"index":"index","follow":"follow","max-snippet":"max-snippet:-1","max-image-preview":"max-image-preview:large","max-video-preview":"max-video-preview:-1"},"canonical":"https:\/\/www.pmpf.rs.gov.br\/cultura\/2022\/12\/12\/prefeitura-vai-realizar-passeio-gratuito-de-maria-fumaca-nos-dias-14-16-e-19-de-dezembro\/","og_locale":"pt_BR","og_type":"article","og_title":"Prefeitura vai realizar passeio gratuito de maria fuma\u00e7a nos dias 14, 16 e 19 de dezembro - Secretaria de Cultura","og_description":"A locomotiva partir\u00e1 \u00e0s 20h30 da Gare Gastron\u00f4mica e passar\u00e1 por diversos pontos da cidade at\u00e9 o Bairro Boqueir\u00e3o, envolvendo tamb\u00e9m a conta\u00e7\u00e3o de hist\u00f3rias","og_url":"https:\/\/www.pmpf.rs.gov.br\/cultura\/2022\/12\/12\/prefeitura-vai-realizar-passeio-gratuito-de-maria-fumaca-nos-dias-14-16-e-19-de-dezembro\/","og_site_name":"Secretaria de Cultura","article_published_time":"2022-12-12T13:55:13+00:00","article_modified_time":"2022-12-12T13:55:15+00:00","author":"andressazorzetto07","twitter_card":"summary_large_image","twitter_misc":{"Escrito por":"andressazorzetto07","Est. tempo de leitura":"1 minuto"},"schema":{"@context":"https:\/\/schema.org","@graph":[{"@type":"WebPage","@id":"https:\/\/www.pmpf.rs.gov.br\/cultura\/2022\/12\/12\/prefeitura-vai-realizar-passeio-gratuito-de-maria-fumaca-nos-dias-14-16-e-19-de-dezembro\/","url":"https:\/\/www.pmpf.rs.gov.br\/cultura\/2022\/12\/12\/prefeitura-vai-realizar-passeio-gratuito-de-maria-fumaca-nos-dias-14-16-e-19-de-dezembro\/","name":"Prefeitura vai realizar passeio gratuito de maria fuma\u00e7a nos dias 14, 16 e 19 de dezembro - Secretaria de Cultura","isPartOf":{"@id":"https:\/\/www.pmpf.rs.gov.br\/cultura\/#website"},"primaryImageOfPage":{"@id":"https:\/\/www.pmpf.rs.gov.br\/cultura\/2022\/12\/12\/prefeitura-vai-realizar-passeio-gratuito-de-maria-fumaca-nos-dias-14-16-e-19-de-dezembro\/#primaryimage"},"image":{"@id":"https:\/\/www.pmpf.rs.gov.br\/cultura\/2022\/12\/12\/prefeitura-vai-realizar-passeio-gratuito-de-maria-fumaca-nos-dias-14-16-e-19-de-dezembro\/#primaryimage"},"thumbnailUrl":"https:\/\/www.pmpf.rs.gov.br\/cultura\/wp-content\/uploads\/sites\/25\/2022\/12\/maria-fumaca.jpg","datePublished":"2022-12-12T13:55:13+00:00","dateModified":"2022-12-12T13:55:15+00:00","author":{"@id":"https:\/\/www.pmpf.rs.gov.br\/cultura\/#\/schema\/person\/30ee1d1bd74da1469b01fcf086e43351"},"inLanguage":"pt-BR","potentialAction":[{"@type":"ReadAction","target":["https:\/\/www.pmpf.rs.gov.br\/cultura\/2022\/12\/12\/prefeitura-vai-realizar-passeio-gratuito-de-maria-fumaca-nos-dias-14-16-e-19-de-dezembro\/"]}]},{"@type":"ImageObject","inLanguage":"pt-BR","@id":"https:\/\/www.pmpf.rs.gov.br\/cultura\/2022\/12\/12\/prefeitura-vai-realizar-passeio-gratuito-de-maria-fumaca-nos-dias-14-16-e-19-de-dezembro\/#primaryimage","url":"https:\/\/www.pmpf.rs.gov.br\/cultura\/wp-content\/uploads\/sites\/25\/2022\/12\/maria-fumaca.jpg","contentUrl":"https:\/\/www.pmpf.rs.gov.br\/cultura\/wp-content\/uploads\/sites\/25\/2022\/12\/maria-fumaca.jpg","width":1280,"height":719},{"@type":"WebSite","@id":"https:\/\/www.pmpf.rs.gov.br\/cultura\/#website","url":"https:\/\/www.pmpf.rs.gov.br\/cultura\/","name":"Secretaria de Cultura","description":"S\u00f3 mais um site Prefeitura de Passo Fundo","potentialAction":[{"@type":"SearchAction","target":{"@type":"EntryPoint","urlTemplate":"https:\/\/www.pmpf.rs.gov.br\/cultura\/?s={search_term_string}"},"query-input":{"@type":"PropertyValueSpecification","valueRequired":true,"valueName":"search_term_string"}}],"inLanguage":"pt-BR"},{"@type":"Person","@id":"https:\/\/www.pmpf.rs.gov.br\/cultura\/#\/schema\/person\/30ee1d1bd74da1469b01fcf086e43351","name":"andressazorzetto07","image":{"@type":"ImageObject","inLanguage":"pt-BR","@id":"https:\/\/www.pmpf.rs.gov.br\/cultura\/#\/schema\/person\/image\/","url":"https:\/\/secure.gravatar.com\/avatar\/14c5458ed79dc81da99a13b9ff5f9f19?s=96&d=mm&r=g","contentUrl":"https:\/\/secure.gravatar.com\/avatar\/14c5458ed79dc81da99a13b9ff5f9f19?s=96&d=mm&r=g","caption":"andressazorzetto07"},"url":"https:\/\/www.pmpf.rs.gov.br\/cultura\/author\/andressazorzetto07\/"}]}},"_links":{"self":[{"href":"https:\/\/www.pmpf.rs.gov.br\/cultura\/wp-json\/wp\/v2\/posts\/3593"}],"collection":[{"href":"https:\/\/www.pmpf.rs.gov.br\/cultura\/wp-json\/wp\/v2\/posts"}],"about":[{"href":"https:\/\/www.pmpf.rs.gov.br\/cultura\/wp-json\/wp\/v2\/types\/post"}],"author":[{"embeddable":true,"href":"https:\/\/www.pmpf.rs.gov.br\/cultura\/wp-json\/wp\/v2\/users\/6"}],"replies":[{"embeddable":true,"href":"https:\/\/www.pmpf.rs.gov.br\/cultura\/wp-json\/wp\/v2\/comments?post=3593"}],"version-history":[{"count":1,"href":"https:\/\/www.pmpf.rs.gov.br\/cultura\/wp-json\/wp\/v2\/posts\/3593\/revisions"}],"predecessor-version":[{"id":3595,"href":"https:\/\/www.pmpf.rs.gov.br\/cultura\/wp-json\/wp\/v2\/posts\/3593\/revisions\/3595"}],"wp:featuredmedia":[{"embeddable":true,"href":"https:\/\/www.pmpf.rs.gov.br\/cultura\/wp-json\/wp\/v2\/media\/3594"}],"wp:attachment":[{"href":"https:\/\/www.pmpf.rs.gov.br\/cultura\/wp-json\/wp\/v2\/media?parent=3593"}],"wp:term":[{"taxonomy":"category","embeddable":true,"href":"https:\/\/www.pmpf.rs.gov.br\/cultura\/wp-json\/wp\/v2\/categories?post=3593"},{"taxonomy":"post_tag","embeddable":true,"href":"https:\/\/www.pmpf.rs.gov.br\/cultura\/wp-json\/wp\/v2\/tags?post=3593"}],"curies":[{"name":"wp","href":"https:\/\/api.w.org\/{rel}","templated":true}]}}