{"id":3590,"date":"2022-12-09T10:35:53","date_gmt":"2022-12-09T13:35:53","guid":{"rendered":"https:\/\/www.pmpf.rs.gov.br\/cultura\/?p=3590"},"modified":"2022-12-09T10:35:54","modified_gmt":"2022-12-09T13:35:54","slug":"prefeitura-prorroga-ate-domingo-11-inscricoes-para-contratacao-de-instrutores-para-escola-publica-de-musica-yamandu-costa","status":"publish","type":"post","link":"https:\/\/www.pmpf.rs.gov.br\/cultura\/2022\/12\/09\/prefeitura-prorroga-ate-domingo-11-inscricoes-para-contratacao-de-instrutores-para-escola-publica-de-musica-yamandu-costa\/","title":{"rendered":"Prefeitura prorroga at\u00e9 domingo (11) inscri\u00e7\u00f5es para contrata\u00e7\u00e3o de instrutores para Escola P\u00fablica de M\u00fasica Yamandu Costa"},"content":{"rendered":"\n<p><\/p>\n\n\n\n<p>A Prefeitura de Passo Fundo prorrogou at\u00e9 o domingo (11), o per\u00edodo de inscri\u00e7\u00f5es para os profissionais de M\u00fasica interessados em atuar como instrutores e auxiliares t\u00e9cnicos na Escola P\u00fablica de M\u00fasica Yamandu Costa. O edital n\u00famero 138 contendo todas as informa\u00e7\u00f5es e os crit\u00e9rios t\u00e9cnicos para a participa\u00e7\u00e3o no processo seletivo est\u00e1 dispon\u00edvel no site da Prefeitura (www.pmpf.rs.gov.br), em destaque na p\u00e1gina inicial. Podem participar da sele\u00e7\u00e3o para Instrutor, profissionais com curso superior completo de Licenciatura e\/ou Bacharelado em M\u00fasica; para a fun\u00e7\u00e3o de Auxiliar T\u00e9cnico, \u00e9 necess\u00e1rio estar com o curso superior em andamento em Licenciatura e\/ou Bacharelado em M\u00fasica.<\/p>\n\n\n\n<p>Conforme o edital, as contrata\u00e7\u00f5es preveem uma jornada de trabalho de 40 horas semanais, pelo per\u00edodo de 12 meses, podendo ser prorrogado pelo mesmo per\u00edodo. Tantos os instrutores quanto os auxiliares t\u00e9cnicos atuar\u00e3o nas modalidades de Cordas Dedilhadas, Cordas Friccionadas, Sopro e Percuss\u00e3o. As etapas de sele\u00e7\u00e3o dos profissionais, assim como as datas e os crit\u00e9rios de classifica\u00e7\u00e3o, est\u00e3o descritas em edital.<br>A Escola P\u00fablica de M\u00fasica Yamandu Costa \u00e9 o programa da Prefeitura de Passo Fundo que tem o objetivo de incentivar e fomentar a educa\u00e7\u00e3o musical no munic\u00edpio. Quatro escolas de Ensino Fundamental foram selecionadas para receber as aulas de m\u00fasica. S\u00e3o elas: Senador Pasqualini, Cohab Secchi, Benoni Rosado e Wolmar Salton. A escolha dessas institui\u00e7\u00f5es foi realizada com a divis\u00e3o da cidade em quatro quadrantes. Os estudantes que tiverem interesse em fazer parte da iniciativa ter\u00e3o acesso a quatro modalidades de ensino de m\u00fasica, que contemplam instrumentos de cordas, cordas friccionadas, percuss\u00e3o e sopro. Para isso, entre as segundas e quintas-feiras de cada semana, quatro professores, em sistema de rod\u00edzio, ir\u00e3o at\u00e9 as escolas selecionadas para ministrar as aulas.<\/p>\n\n\n\n<p>Na sede da Escola de M\u00fasica Yamandu Costa, localizada no Parque da Gare, ser\u00e1 realizado um trabalho espec\u00edfico e aprofundado com os alunos que apresentarem maior aptid\u00e3o musical nas atividades desenvolvidas nas escolas de cada quadrante. Os instrumentos j\u00e1 foram adquiridos e o maestro definido \u2013 Rodrigo \u00c1vila ser\u00e1 o respons\u00e1vel por coordenar as atividades. As escolas est\u00e3o em processo de adapta\u00e7\u00e3o da infraestrutura para abrigar as salas de m\u00fasica.<\/p>\n","protected":false},"excerpt":{"rendered":"<p>Edital e formul\u00e1rio para os musicistas interessados em participar do processo seletivo est\u00e3o dispon\u00edveis no site da Prefeitura<\/p>\n","protected":false},"author":6,"featured_media":0,"comment_status":"closed","ping_status":"closed","sticky":true,"template":"","format":"standard","meta":{"footnotes":""},"categories":[15],"tags":[],"class_list":["post-3590","post","type-post","status-publish","format-standard","hentry","category-funcultura"],"yoast_head":"<!-- This site is optimized with the Yoast SEO plugin v23.8 - https:\/\/yoast.com\/wordpress\/plugins\/seo\/ -->\n<title>Prefeitura prorroga at\u00e9 domingo (11) inscri\u00e7\u00f5es para contrata\u00e7\u00e3o de instrutores para Escola P\u00fablica de M\u00fasica Yamandu Costa - Secretaria de Cultura<\/title>\n<meta name=\"robots\" content=\"index, follow, max-snippet:-1, max-image-preview:large, max-video-preview:-1\" \/>\n<link rel=\"canonical\" href=\"https:\/\/www.pmpf.rs.gov.br\/cultura\/2022\/12\/09\/prefeitura-prorroga-ate-domingo-11-inscricoes-para-contratacao-de-instrutores-para-escola-publica-de-musica-yamandu-costa\/\" \/>\n<meta property=\"og:locale\" content=\"pt_BR\" \/>\n<meta property=\"og:type\" content=\"article\" \/>\n<meta property=\"og:title\" content=\"Prefeitura prorroga at\u00e9 domingo (11) inscri\u00e7\u00f5es para contrata\u00e7\u00e3o de instrutores para Escola P\u00fablica de M\u00fasica Yamandu Costa - Secretaria de Cultura\" \/>\n<meta property=\"og:description\" content=\"Edital e formul\u00e1rio para os musicistas interessados em participar do processo seletivo est\u00e3o dispon\u00edveis no site da Prefeitura\" \/>\n<meta property=\"og:url\" content=\"https:\/\/www.pmpf.rs.gov.br\/cultura\/2022\/12\/09\/prefeitura-prorroga-ate-domingo-11-inscricoes-para-contratacao-de-instrutores-para-escola-publica-de-musica-yamandu-costa\/\" \/>\n<meta property=\"og:site_name\" content=\"Secretaria de Cultura\" \/>\n<meta property=\"article:published_time\" content=\"2022-12-09T13:35:53+00:00\" \/>\n<meta property=\"article:modified_time\" content=\"2022-12-09T13:35:54+00:00\" \/>\n<meta name=\"author\" content=\"andressazorzetto07\" \/>\n<meta name=\"twitter:card\" content=\"summary_large_image\" \/>\n<meta name=\"twitter:label1\" content=\"Escrito por\" \/>\n\t<meta name=\"twitter:data1\" content=\"andressazorzetto07\" \/>\n\t<meta name=\"twitter:label2\" content=\"Est. tempo de leitura\" \/>\n\t<meta name=\"twitter:data2\" content=\"2 minutos\" \/>\n<script type=\"application\/ld+json\" class=\"yoast-schema-graph\">{\"@context\":\"https:\/\/schema.org\",\"@graph\":[{\"@type\":\"WebPage\",\"@id\":\"https:\/\/www.pmpf.rs.gov.br\/cultura\/2022\/12\/09\/prefeitura-prorroga-ate-domingo-11-inscricoes-para-contratacao-de-instrutores-para-escola-publica-de-musica-yamandu-costa\/\",\"url\":\"https:\/\/www.pmpf.rs.gov.br\/cultura\/2022\/12\/09\/prefeitura-prorroga-ate-domingo-11-inscricoes-para-contratacao-de-instrutores-para-escola-publica-de-musica-yamandu-costa\/\",\"name\":\"Prefeitura prorroga at\u00e9 domingo (11) inscri\u00e7\u00f5es para contrata\u00e7\u00e3o de instrutores para Escola P\u00fablica de M\u00fasica Yamandu Costa - Secretaria de Cultura\",\"isPartOf\":{\"@id\":\"https:\/\/www.pmpf.rs.gov.br\/cultura\/#website\"},\"datePublished\":\"2022-12-09T13:35:53+00:00\",\"dateModified\":\"2022-12-09T13:35:54+00:00\",\"author\":{\"@id\":\"https:\/\/www.pmpf.rs.gov.br\/cultura\/#\/schema\/person\/30ee1d1bd74da1469b01fcf086e43351\"},\"inLanguage\":\"pt-BR\",\"potentialAction\":[{\"@type\":\"ReadAction\",\"target\":[\"https:\/\/www.pmpf.rs.gov.br\/cultura\/2022\/12\/09\/prefeitura-prorroga-ate-domingo-11-inscricoes-para-contratacao-de-instrutores-para-escola-publica-de-musica-yamandu-costa\/\"]}]},{\"@type\":\"WebSite\",\"@id\":\"https:\/\/www.pmpf.rs.gov.br\/cultura\/#website\",\"url\":\"https:\/\/www.pmpf.rs.gov.br\/cultura\/\",\"name\":\"Secretaria de Cultura\",\"description\":\"S\u00f3 mais um site Prefeitura de Passo Fundo\",\"potentialAction\":[{\"@type\":\"SearchAction\",\"target\":{\"@type\":\"EntryPoint\",\"urlTemplate\":\"https:\/\/www.pmpf.rs.gov.br\/cultura\/?s={search_term_string}\"},\"query-input\":{\"@type\":\"PropertyValueSpecification\",\"valueRequired\":true,\"valueName\":\"search_term_string\"}}],\"inLanguage\":\"pt-BR\"},{\"@type\":\"Person\",\"@id\":\"https:\/\/www.pmpf.rs.gov.br\/cultura\/#\/schema\/person\/30ee1d1bd74da1469b01fcf086e43351\",\"name\":\"andressazorzetto07\",\"image\":{\"@type\":\"ImageObject\",\"inLanguage\":\"pt-BR\",\"@id\":\"https:\/\/www.pmpf.rs.gov.br\/cultura\/#\/schema\/person\/image\/\",\"url\":\"https:\/\/secure.gravatar.com\/avatar\/14c5458ed79dc81da99a13b9ff5f9f19?s=96&d=mm&r=g\",\"contentUrl\":\"https:\/\/secure.gravatar.com\/avatar\/14c5458ed79dc81da99a13b9ff5f9f19?s=96&d=mm&r=g\",\"caption\":\"andressazorzetto07\"},\"url\":\"https:\/\/www.pmpf.rs.gov.br\/cultura\/author\/andressazorzetto07\/\"}]}<\/script>\n<!-- \/ Yoast SEO plugin. -->","yoast_head_json":{"title":"Prefeitura prorroga at\u00e9 domingo (11) inscri\u00e7\u00f5es para contrata\u00e7\u00e3o de instrutores para Escola P\u00fablica de M\u00fasica Yamandu Costa - Secretaria de Cultura","robots":{"index":"index","follow":"follow","max-snippet":"max-snippet:-1","max-image-preview":"max-image-preview:large","max-video-preview":"max-video-preview:-1"},"canonical":"https:\/\/www.pmpf.rs.gov.br\/cultura\/2022\/12\/09\/prefeitura-prorroga-ate-domingo-11-inscricoes-para-contratacao-de-instrutores-para-escola-publica-de-musica-yamandu-costa\/","og_locale":"pt_BR","og_type":"article","og_title":"Prefeitura prorroga at\u00e9 domingo (11) inscri\u00e7\u00f5es para contrata\u00e7\u00e3o de instrutores para Escola P\u00fablica de M\u00fasica Yamandu Costa - Secretaria de Cultura","og_description":"Edital e formul\u00e1rio para os musicistas interessados em participar do processo seletivo est\u00e3o dispon\u00edveis no site da Prefeitura","og_url":"https:\/\/www.pmpf.rs.gov.br\/cultura\/2022\/12\/09\/prefeitura-prorroga-ate-domingo-11-inscricoes-para-contratacao-de-instrutores-para-escola-publica-de-musica-yamandu-costa\/","og_site_name":"Secretaria de Cultura","article_published_time":"2022-12-09T13:35:53+00:00","article_modified_time":"2022-12-09T13:35:54+00:00","author":"andressazorzetto07","twitter_card":"summary_large_image","twitter_misc":{"Escrito por":"andressazorzetto07","Est. tempo de leitura":"2 minutos"},"schema":{"@context":"https:\/\/schema.org","@graph":[{"@type":"WebPage","@id":"https:\/\/www.pmpf.rs.gov.br\/cultura\/2022\/12\/09\/prefeitura-prorroga-ate-domingo-11-inscricoes-para-contratacao-de-instrutores-para-escola-publica-de-musica-yamandu-costa\/","url":"https:\/\/www.pmpf.rs.gov.br\/cultura\/2022\/12\/09\/prefeitura-prorroga-ate-domingo-11-inscricoes-para-contratacao-de-instrutores-para-escola-publica-de-musica-yamandu-costa\/","name":"Prefeitura prorroga at\u00e9 domingo (11) inscri\u00e7\u00f5es para contrata\u00e7\u00e3o de instrutores para Escola P\u00fablica de M\u00fasica Yamandu Costa - Secretaria de Cultura","isPartOf":{"@id":"https:\/\/www.pmpf.rs.gov.br\/cultura\/#website"},"datePublished":"2022-12-09T13:35:53+00:00","dateModified":"2022-12-09T13:35:54+00:00","author":{"@id":"https:\/\/www.pmpf.rs.gov.br\/cultura\/#\/schema\/person\/30ee1d1bd74da1469b01fcf086e43351"},"inLanguage":"pt-BR","potentialAction":[{"@type":"ReadAction","target":["https:\/\/www.pmpf.rs.gov.br\/cultura\/2022\/12\/09\/prefeitura-prorroga-ate-domingo-11-inscricoes-para-contratacao-de-instrutores-para-escola-publica-de-musica-yamandu-costa\/"]}]},{"@type":"WebSite","@id":"https:\/\/www.pmpf.rs.gov.br\/cultura\/#website","url":"https:\/\/www.pmpf.rs.gov.br\/cultura\/","name":"Secretaria de Cultura","description":"S\u00f3 mais um site Prefeitura de Passo Fundo","potentialAction":[{"@type":"SearchAction","target":{"@type":"EntryPoint","urlTemplate":"https:\/\/www.pmpf.rs.gov.br\/cultura\/?s={search_term_string}"},"query-input":{"@type":"PropertyValueSpecification","valueRequired":true,"valueName":"search_term_string"}}],"inLanguage":"pt-BR"},{"@type":"Person","@id":"https:\/\/www.pmpf.rs.gov.br\/cultura\/#\/schema\/person\/30ee1d1bd74da1469b01fcf086e43351","name":"andressazorzetto07","image":{"@type":"ImageObject","inLanguage":"pt-BR","@id":"https:\/\/www.pmpf.rs.gov.br\/cultura\/#\/schema\/person\/image\/","url":"https:\/\/secure.gravatar.com\/avatar\/14c5458ed79dc81da99a13b9ff5f9f19?s=96&d=mm&r=g","contentUrl":"https:\/\/secure.gravatar.com\/avatar\/14c5458ed79dc81da99a13b9ff5f9f19?s=96&d=mm&r=g","caption":"andressazorzetto07"},"url":"https:\/\/www.pmpf.rs.gov.br\/cultura\/author\/andressazorzetto07\/"}]}},"_links":{"self":[{"href":"https:\/\/www.pmpf.rs.gov.br\/cultura\/wp-json\/wp\/v2\/posts\/3590"}],"collection":[{"href":"https:\/\/www.pmpf.rs.gov.br\/cultura\/wp-json\/wp\/v2\/posts"}],"about":[{"href":"https:\/\/www.pmpf.rs.gov.br\/cultura\/wp-json\/wp\/v2\/types\/post"}],"author":[{"embeddable":true,"href":"https:\/\/www.pmpf.rs.gov.br\/cultura\/wp-json\/wp\/v2\/users\/6"}],"replies":[{"embeddable":true,"href":"https:\/\/www.pmpf.rs.gov.br\/cultura\/wp-json\/wp\/v2\/comments?post=3590"}],"version-history":[{"count":1,"href":"https:\/\/www.pmpf.rs.gov.br\/cultura\/wp-json\/wp\/v2\/posts\/3590\/revisions"}],"predecessor-version":[{"id":3591,"href":"https:\/\/www.pmpf.rs.gov.br\/cultura\/wp-json\/wp\/v2\/posts\/3590\/revisions\/3591"}],"wp:attachment":[{"href":"https:\/\/www.pmpf.rs.gov.br\/cultura\/wp-json\/wp\/v2\/media?parent=3590"}],"wp:term":[{"taxonomy":"category","embeddable":true,"href":"https:\/\/www.pmpf.rs.gov.br\/cultura\/wp-json\/wp\/v2\/categories?post=3590"},{"taxonomy":"post_tag","embeddable":true,"href":"https:\/\/www.pmpf.rs.gov.br\/cultura\/wp-json\/wp\/v2\/tags?post=3590"}],"curies":[{"name":"wp","href":"https:\/\/api.w.org\/{rel}","templated":true}]}}