{"id":3528,"date":"2022-10-24T14:02:00","date_gmt":"2022-10-24T17:02:00","guid":{"rendered":"https:\/\/www.pmpf.rs.gov.br\/cultura\/?p=3528"},"modified":"2022-10-27T09:37:39","modified_gmt":"2022-10-27T12:37:39","slug":"prefeito-pedro-isenta-taxas-de-administracao-do-teatro-municipal-para-artistas-locais","status":"publish","type":"post","link":"https:\/\/www.pmpf.rs.gov.br\/cultura\/2022\/10\/24\/prefeito-pedro-isenta-taxas-de-administracao-do-teatro-municipal-para-artistas-locais\/","title":{"rendered":"Prefeito Pedro isenta taxas de administra\u00e7\u00e3o do Teatro Municipal para artistas locais"},"content":{"rendered":"\n<p><br><br>Incentivar e ampliar a utiliza\u00e7\u00e3o dos equipamentos p\u00fablicos pelos passo-fundenses tem motivado uma s\u00e9rie de a\u00e7\u00f5es e projetos da Prefeitura de Passo Fundo. Nesta semana, o prefeito, Pedro Almeida, tomou mais uma iniciativa no sentido de promover o acesso facilitado \u00e0s artes e a cultura. Em decreto assinado nesta semana, Pedro isentou artistas e produtores culturais residentes no Munic\u00edpio do pagamento das taxas de administra\u00e7\u00e3o para a utiliza\u00e7\u00e3o do Teatro Municipal M\u00facio de Castro.<\/p>\n\n\n\n<p>A medida, explicou o prefeito, atende as solicita\u00e7\u00f5es feitas pelos artistas locais e tamb\u00e9m cumpre o objetivo de estimular que o espa\u00e7o p\u00fablico do Teatro seja aproveitado pela comunidade. \u201cO Teatro foi revitalizado durante a gest\u00e3o do ex-prefeito Luciano Azevedo e, recentemente, determinei a melhoria dos equipamentos de som e luzes, o que melhorou bastante a ac\u00fastica e a ilumina\u00e7\u00e3o do nosso Teatro. Agora, com este decreto, pretendemos fazer com o que o palco seja cada vez mais utilizado \u2013 e utilizado por artistas daqui de Passo Fundo, valorizando nossas manifesta\u00e7\u00f5es art\u00edsticas\u201d, defendeu Pedro.<\/p>\n\n\n\n<p>O prefeito explicou ainda que os valores que vinham sendo cobrados para utiliza\u00e7\u00e3o do espa\u00e7o contribu\u00edam para custear a manuten\u00e7\u00e3o e a limpeza do Teatro. \u201cAl\u00e9m de facilitar o acesso dos artistas ao Teatro, com a isen\u00e7\u00e3o destas taxas aos produtores culturais residentes em Passo Fundo n\u00f3s acreditamos que pode haver um est\u00edmulo para que mais eventos culturais sejam realizados no local, dando mais oportunidades para as pessoas de assistirem pe\u00e7as, espet\u00e1culos e musicais\u201d, argumentou Pedro, destacando que o decreto tem validade at\u00e9 31 de mar\u00e7o de 2023 e que a solicita\u00e7\u00e3o desta isen\u00e7\u00e3o deve ser feita junto a Secretaria Municipal de Cultura.<\/p>\n\n\n\n<p>Para a secret\u00e1ria de Cultura, Miri\u00ea Tedesco, a Administra\u00e7\u00e3o Municipal tem buscado diferentes formas de ampliar a utiliza\u00e7\u00e3o do Teatro Municipal pelos artistas. \u201cAgora queremos que isso se estenda tamb\u00e9m ao p\u00fablico. \u00c9 o projeto que temos chamado de formar plateia, de fazer com que as pessoas incluam em seu lazer, frequentar nosso Teatro Municipal que \u00e9 t\u00e3o bonito, t\u00e3o intimista e t\u00e3o bem cuidado\u201d, comentou ela, complementando que todas as a\u00e7\u00f5es que est\u00e3o sendo realizadas dever\u00e3o fazer diferen\u00e7a para a cultura de nossa cidade. \u201cNem todas as cidades t\u00eam um Teatro como o que temos e nem todas tem tantos artistas como n\u00f3s temos. Agora s\u00f3 precisamos ver crescer o n\u00famero de pessoas a frequentar esse espa\u00e7o\u201d.<\/p>\n","protected":false},"excerpt":{"rendered":"<p>Decreto publicado pelo Executivo nesta semana tem vig\u00eancia at\u00e9 31 de mar\u00e7o de 2023 e tem o objetivo de estimular a utiliza\u00e7\u00e3o do equipamento p\u00fablico por artistas e produtores culturais de Passo Fundo<\/p>\n","protected":false},"author":6,"featured_media":0,"comment_status":"closed","ping_status":"closed","sticky":true,"template":"","format":"standard","meta":{"footnotes":""},"categories":[1],"tags":[],"class_list":["post-3528","post","type-post","status-publish","format-standard","hentry","category-sem-categoria"],"yoast_head":"<!-- This site is optimized with the Yoast SEO plugin v23.8 - https:\/\/yoast.com\/wordpress\/plugins\/seo\/ -->\n<title>Prefeito Pedro isenta taxas de administra\u00e7\u00e3o do Teatro Municipal para artistas locais - Secretaria de Cultura<\/title>\n<meta name=\"robots\" content=\"index, follow, max-snippet:-1, max-image-preview:large, max-video-preview:-1\" \/>\n<link rel=\"canonical\" href=\"https:\/\/www.pmpf.rs.gov.br\/cultura\/2022\/10\/24\/prefeito-pedro-isenta-taxas-de-administracao-do-teatro-municipal-para-artistas-locais\/\" \/>\n<meta property=\"og:locale\" content=\"pt_BR\" \/>\n<meta property=\"og:type\" content=\"article\" \/>\n<meta property=\"og:title\" content=\"Prefeito Pedro isenta taxas de administra\u00e7\u00e3o do Teatro Municipal para artistas locais - Secretaria de Cultura\" \/>\n<meta property=\"og:description\" content=\"Decreto publicado pelo Executivo nesta semana tem vig\u00eancia at\u00e9 31 de mar\u00e7o de 2023 e tem o objetivo de estimular a utiliza\u00e7\u00e3o do equipamento p\u00fablico por artistas e produtores culturais de Passo Fundo\" \/>\n<meta property=\"og:url\" content=\"https:\/\/www.pmpf.rs.gov.br\/cultura\/2022\/10\/24\/prefeito-pedro-isenta-taxas-de-administracao-do-teatro-municipal-para-artistas-locais\/\" \/>\n<meta property=\"og:site_name\" content=\"Secretaria de Cultura\" \/>\n<meta property=\"article:published_time\" content=\"2022-10-24T17:02:00+00:00\" \/>\n<meta property=\"article:modified_time\" content=\"2022-10-27T12:37:39+00:00\" \/>\n<meta name=\"author\" content=\"andressazorzetto07\" \/>\n<meta name=\"twitter:card\" content=\"summary_large_image\" \/>\n<meta name=\"twitter:label1\" content=\"Escrito por\" \/>\n\t<meta name=\"twitter:data1\" content=\"andressazorzetto07\" \/>\n\t<meta name=\"twitter:label2\" content=\"Est. tempo de leitura\" \/>\n\t<meta name=\"twitter:data2\" content=\"2 minutos\" \/>\n<script type=\"application\/ld+json\" class=\"yoast-schema-graph\">{\"@context\":\"https:\/\/schema.org\",\"@graph\":[{\"@type\":\"WebPage\",\"@id\":\"https:\/\/www.pmpf.rs.gov.br\/cultura\/2022\/10\/24\/prefeito-pedro-isenta-taxas-de-administracao-do-teatro-municipal-para-artistas-locais\/\",\"url\":\"https:\/\/www.pmpf.rs.gov.br\/cultura\/2022\/10\/24\/prefeito-pedro-isenta-taxas-de-administracao-do-teatro-municipal-para-artistas-locais\/\",\"name\":\"Prefeito Pedro isenta taxas de administra\u00e7\u00e3o do Teatro Municipal para artistas locais - Secretaria de Cultura\",\"isPartOf\":{\"@id\":\"https:\/\/www.pmpf.rs.gov.br\/cultura\/#website\"},\"datePublished\":\"2022-10-24T17:02:00+00:00\",\"dateModified\":\"2022-10-27T12:37:39+00:00\",\"author\":{\"@id\":\"https:\/\/www.pmpf.rs.gov.br\/cultura\/#\/schema\/person\/30ee1d1bd74da1469b01fcf086e43351\"},\"inLanguage\":\"pt-BR\",\"potentialAction\":[{\"@type\":\"ReadAction\",\"target\":[\"https:\/\/www.pmpf.rs.gov.br\/cultura\/2022\/10\/24\/prefeito-pedro-isenta-taxas-de-administracao-do-teatro-municipal-para-artistas-locais\/\"]}]},{\"@type\":\"WebSite\",\"@id\":\"https:\/\/www.pmpf.rs.gov.br\/cultura\/#website\",\"url\":\"https:\/\/www.pmpf.rs.gov.br\/cultura\/\",\"name\":\"Secretaria de Cultura\",\"description\":\"S\u00f3 mais um site Prefeitura de Passo Fundo\",\"potentialAction\":[{\"@type\":\"SearchAction\",\"target\":{\"@type\":\"EntryPoint\",\"urlTemplate\":\"https:\/\/www.pmpf.rs.gov.br\/cultura\/?s={search_term_string}\"},\"query-input\":{\"@type\":\"PropertyValueSpecification\",\"valueRequired\":true,\"valueName\":\"search_term_string\"}}],\"inLanguage\":\"pt-BR\"},{\"@type\":\"Person\",\"@id\":\"https:\/\/www.pmpf.rs.gov.br\/cultura\/#\/schema\/person\/30ee1d1bd74da1469b01fcf086e43351\",\"name\":\"andressazorzetto07\",\"image\":{\"@type\":\"ImageObject\",\"inLanguage\":\"pt-BR\",\"@id\":\"https:\/\/www.pmpf.rs.gov.br\/cultura\/#\/schema\/person\/image\/\",\"url\":\"https:\/\/secure.gravatar.com\/avatar\/14c5458ed79dc81da99a13b9ff5f9f19?s=96&d=mm&r=g\",\"contentUrl\":\"https:\/\/secure.gravatar.com\/avatar\/14c5458ed79dc81da99a13b9ff5f9f19?s=96&d=mm&r=g\",\"caption\":\"andressazorzetto07\"},\"url\":\"https:\/\/www.pmpf.rs.gov.br\/cultura\/author\/andressazorzetto07\/\"}]}<\/script>\n<!-- \/ Yoast SEO plugin. -->","yoast_head_json":{"title":"Prefeito Pedro isenta taxas de administra\u00e7\u00e3o do Teatro Municipal para artistas locais - Secretaria de Cultura","robots":{"index":"index","follow":"follow","max-snippet":"max-snippet:-1","max-image-preview":"max-image-preview:large","max-video-preview":"max-video-preview:-1"},"canonical":"https:\/\/www.pmpf.rs.gov.br\/cultura\/2022\/10\/24\/prefeito-pedro-isenta-taxas-de-administracao-do-teatro-municipal-para-artistas-locais\/","og_locale":"pt_BR","og_type":"article","og_title":"Prefeito Pedro isenta taxas de administra\u00e7\u00e3o do Teatro Municipal para artistas locais - Secretaria de Cultura","og_description":"Decreto publicado pelo Executivo nesta semana tem vig\u00eancia at\u00e9 31 de mar\u00e7o de 2023 e tem o objetivo de estimular a utiliza\u00e7\u00e3o do equipamento p\u00fablico por artistas e produtores culturais de Passo Fundo","og_url":"https:\/\/www.pmpf.rs.gov.br\/cultura\/2022\/10\/24\/prefeito-pedro-isenta-taxas-de-administracao-do-teatro-municipal-para-artistas-locais\/","og_site_name":"Secretaria de Cultura","article_published_time":"2022-10-24T17:02:00+00:00","article_modified_time":"2022-10-27T12:37:39+00:00","author":"andressazorzetto07","twitter_card":"summary_large_image","twitter_misc":{"Escrito por":"andressazorzetto07","Est. tempo de leitura":"2 minutos"},"schema":{"@context":"https:\/\/schema.org","@graph":[{"@type":"WebPage","@id":"https:\/\/www.pmpf.rs.gov.br\/cultura\/2022\/10\/24\/prefeito-pedro-isenta-taxas-de-administracao-do-teatro-municipal-para-artistas-locais\/","url":"https:\/\/www.pmpf.rs.gov.br\/cultura\/2022\/10\/24\/prefeito-pedro-isenta-taxas-de-administracao-do-teatro-municipal-para-artistas-locais\/","name":"Prefeito Pedro isenta taxas de administra\u00e7\u00e3o do Teatro Municipal para artistas locais - Secretaria de Cultura","isPartOf":{"@id":"https:\/\/www.pmpf.rs.gov.br\/cultura\/#website"},"datePublished":"2022-10-24T17:02:00+00:00","dateModified":"2022-10-27T12:37:39+00:00","author":{"@id":"https:\/\/www.pmpf.rs.gov.br\/cultura\/#\/schema\/person\/30ee1d1bd74da1469b01fcf086e43351"},"inLanguage":"pt-BR","potentialAction":[{"@type":"ReadAction","target":["https:\/\/www.pmpf.rs.gov.br\/cultura\/2022\/10\/24\/prefeito-pedro-isenta-taxas-de-administracao-do-teatro-municipal-para-artistas-locais\/"]}]},{"@type":"WebSite","@id":"https:\/\/www.pmpf.rs.gov.br\/cultura\/#website","url":"https:\/\/www.pmpf.rs.gov.br\/cultura\/","name":"Secretaria de Cultura","description":"S\u00f3 mais um site Prefeitura de Passo Fundo","potentialAction":[{"@type":"SearchAction","target":{"@type":"EntryPoint","urlTemplate":"https:\/\/www.pmpf.rs.gov.br\/cultura\/?s={search_term_string}"},"query-input":{"@type":"PropertyValueSpecification","valueRequired":true,"valueName":"search_term_string"}}],"inLanguage":"pt-BR"},{"@type":"Person","@id":"https:\/\/www.pmpf.rs.gov.br\/cultura\/#\/schema\/person\/30ee1d1bd74da1469b01fcf086e43351","name":"andressazorzetto07","image":{"@type":"ImageObject","inLanguage":"pt-BR","@id":"https:\/\/www.pmpf.rs.gov.br\/cultura\/#\/schema\/person\/image\/","url":"https:\/\/secure.gravatar.com\/avatar\/14c5458ed79dc81da99a13b9ff5f9f19?s=96&d=mm&r=g","contentUrl":"https:\/\/secure.gravatar.com\/avatar\/14c5458ed79dc81da99a13b9ff5f9f19?s=96&d=mm&r=g","caption":"andressazorzetto07"},"url":"https:\/\/www.pmpf.rs.gov.br\/cultura\/author\/andressazorzetto07\/"}]}},"_links":{"self":[{"href":"https:\/\/www.pmpf.rs.gov.br\/cultura\/wp-json\/wp\/v2\/posts\/3528"}],"collection":[{"href":"https:\/\/www.pmpf.rs.gov.br\/cultura\/wp-json\/wp\/v2\/posts"}],"about":[{"href":"https:\/\/www.pmpf.rs.gov.br\/cultura\/wp-json\/wp\/v2\/types\/post"}],"author":[{"embeddable":true,"href":"https:\/\/www.pmpf.rs.gov.br\/cultura\/wp-json\/wp\/v2\/users\/6"}],"replies":[{"embeddable":true,"href":"https:\/\/www.pmpf.rs.gov.br\/cultura\/wp-json\/wp\/v2\/comments?post=3528"}],"version-history":[{"count":1,"href":"https:\/\/www.pmpf.rs.gov.br\/cultura\/wp-json\/wp\/v2\/posts\/3528\/revisions"}],"predecessor-version":[{"id":3529,"href":"https:\/\/www.pmpf.rs.gov.br\/cultura\/wp-json\/wp\/v2\/posts\/3528\/revisions\/3529"}],"wp:attachment":[{"href":"https:\/\/www.pmpf.rs.gov.br\/cultura\/wp-json\/wp\/v2\/media?parent=3528"}],"wp:term":[{"taxonomy":"category","embeddable":true,"href":"https:\/\/www.pmpf.rs.gov.br\/cultura\/wp-json\/wp\/v2\/categories?post=3528"},{"taxonomy":"post_tag","embeddable":true,"href":"https:\/\/www.pmpf.rs.gov.br\/cultura\/wp-json\/wp\/v2\/tags?post=3528"}],"curies":[{"name":"wp","href":"https:\/\/api.w.org\/{rel}","templated":true}]}}