{"id":3448,"date":"2022-08-09T17:19:17","date_gmt":"2022-08-09T20:19:17","guid":{"rendered":"https:\/\/www.pmpf.rs.gov.br\/cultura\/?p=3448"},"modified":"2022-08-15T16:55:41","modified_gmt":"2022-08-15T19:55:41","slug":"festival-de-folclore-apresentacoes-nas-escolas-aproximam-as-comunidades-dos-grupos","status":"publish","type":"post","link":"https:\/\/www.pmpf.rs.gov.br\/cultura\/2022\/08\/09\/festival-de-folclore-apresentacoes-nas-escolas-aproximam-as-comunidades-dos-grupos\/","title":{"rendered":"Festival de Folclore: apresenta\u00e7\u00f5es nas escolas aproximam as comunidades dos grupos"},"content":{"rendered":"\n<p><\/p>\n\n\n\n<p><\/p>\n\n\n\n<p>Em meio ao p\u00fablico, Murilo, de cinco anos, estava atento \u00e0s dan\u00e7as dos grupos da Catalunha, Paraguai e Para\u00edba, que foram realizadas na Escola Municipal de Ensino Fundamental Guaracy Barroso Marinho nesta ter\u00e7a-feira (9). Ele registrava em um celular fotos e v\u00eddeos das apresenta\u00e7\u00f5es e das rea\u00e7\u00f5es dos seus amigos e, depois, dan\u00e7ava as coreografias.<\/p>\n\n\n\n<figure class=\"wp-block-image size-large is-resized\"><img loading=\"lazy\" decoding=\"async\" src=\"https:\/\/www.pmpf.rs.gov.br\/cultura\/wp-content\/uploads\/sites\/25\/2022\/08\/festival-murilo-1024x575.jpg\" alt=\"\" class=\"wp-image-3451\" width=\"607\" height=\"340\" srcset=\"https:\/\/www.pmpf.rs.gov.br\/cultura\/wp-content\/uploads\/sites\/25\/2022\/08\/festival-murilo-1024x575.jpg 1024w, https:\/\/www.pmpf.rs.gov.br\/cultura\/wp-content\/uploads\/sites\/25\/2022\/08\/festival-murilo-300x168.jpg 300w, https:\/\/www.pmpf.rs.gov.br\/cultura\/wp-content\/uploads\/sites\/25\/2022\/08\/festival-murilo-768x431.jpg 768w, https:\/\/www.pmpf.rs.gov.br\/cultura\/wp-content\/uploads\/sites\/25\/2022\/08\/festival-murilo-1536x862.jpg 1536w, https:\/\/www.pmpf.rs.gov.br\/cultura\/wp-content\/uploads\/sites\/25\/2022\/08\/festival-murilo-2048x1150.jpg 2048w, https:\/\/www.pmpf.rs.gov.br\/cultura\/wp-content\/uploads\/sites\/25\/2022\/08\/festival-murilo-520x292.jpg 520w\" sizes=\"(max-width: 607px) 100vw, 607px\" \/><\/figure>\n\n\n\n<p><em>Murilo, de cinco anos, fotografando as apresenta\u00e7\u00f5es<\/em><\/p>\n\n\n\n<p><\/p>\n\n\n\n<p><\/p>\n\n\n\n<p>Para a m\u00e3e, Daiane Samudio, de 32 anos, o momento foi muito especial. \u201cO Murilo \u00e9 autista e, geralmente, n\u00e3o gosta de barulho e movimenta\u00e7\u00e3o de pessoas. N\u00f3s est\u00e1vamos em d\u00favida se vir\u00edamos por causa disso, mas superamos todas as expectativas. Estamos muito felizes por ter recebido o festival aqui na escola\u201d, contou.<\/p>\n\n\n\n<p>Levar o XV Festival Internacional de Folclore de Passo Fundo para os bairros foi uma iniciativa da Prefeitura para facilitar o acesso das comunidades \u00e0s apresenta\u00e7\u00f5es. Dentro de um calend\u00e1rio, quatro escolas \u2013 Guaracy Barroso Marinho (Zachia), Notre Dame (Boqueir\u00e3o), Romana Gobbi (Loteamento Santo Ant\u00f4nio) e Eloy Pinheiro Machado (Leonardo Ilha) \u2013 s\u00e3o palco dos espet\u00e1culos, abertos e gratuitos \u00e0 popula\u00e7\u00e3o. Al\u00e9m disso, interven\u00e7\u00f5es acontecem em outros espa\u00e7os p\u00fablicos, como no Parque da Gare e na Rua Morom, no Centro.<\/p>\n\n\n\n<p>De acordo com a secret\u00e1ria de Cultura, Miri\u00ea Tedesco, a divis\u00e3o da cidade em quatro quadrantes aproxima as comunidades das manifesta\u00e7\u00f5es culturais. \u201cH\u00e1 a expans\u00e3o das atividades para al\u00e9m de um local exclusivo, como era anteriormente. As pessoas podem aproveitar o festival em suas regi\u00f5es, sem grandes deslocamentos. H\u00e1 pessoas que nunca viram um desfile e, levando isso para os bairros, possibilitamos que elas tenham essa oportunidade\u201d, afirmou.<\/p>\n\n\n\n<p>A diretora da escola Guaracy Barroso Marinho, Leila Regina Gallina, enfatizou como a mudan\u00e7a foi importante para a popula\u00e7\u00e3o de Passo Fundo, sobretudo, para as pessoas que n\u00e3o poderiam custear os eventos. \u201cPara a comunidade, foi maravilhoso. Se n\u00e3o viesse aqui, boa parte dos moradores n\u00e3o poderia ir, porque n\u00e3o pode pagar ingressos e o transporte. As crian\u00e7as estavam muito empolgadas para ter esse contato com grupos de outros estados e pa\u00edses\u201d, salientou.<\/p>\n\n\n\n<p>Os estudantes aproveitaram a oportunidade para conversar com integrantes dos grupos e conhecer mais sobre a sua cultura. Kau\u00ea Gabriel Fochi, de 14 anos, e seus amigos conversaram com os catal\u00e3es ap\u00f3s a apresenta\u00e7\u00e3o. \u201cAchei muito legal. Falamos sobre muitas coisas, como o futebol, o Neymar e o Messi\u201d, disse.<\/p>\n\n\n\n<p><strong>Programa\u00e7\u00e3o<\/strong><\/p>\n\n\n\n<p>A programa\u00e7\u00e3o completa do XV Festival Internacional de Folclore pode ser acessada em www.pmpf.rs.gov.br\/festival.<\/p>\n","protected":false},"excerpt":{"rendered":"<p>Nesta ter\u00e7a-feira (9), o Bairro Zachia recebeu os grupos da Catalunha, Paraguai e Para\u00edba<\/p>\n","protected":false},"author":6,"featured_media":3450,"comment_status":"closed","ping_status":"closed","sticky":true,"template":"","format":"standard","meta":{"footnotes":""},"categories":[1],"tags":[],"class_list":["post-3448","post","type-post","status-publish","format-standard","has-post-thumbnail","hentry","category-sem-categoria"],"yoast_head":"<!-- This site is optimized with the Yoast SEO plugin v23.8 - https:\/\/yoast.com\/wordpress\/plugins\/seo\/ -->\n<title>Festival de Folclore: apresenta\u00e7\u00f5es nas escolas aproximam as comunidades dos grupos - Secretaria de Cultura<\/title>\n<meta name=\"robots\" content=\"index, follow, max-snippet:-1, max-image-preview:large, max-video-preview:-1\" \/>\n<link rel=\"canonical\" href=\"https:\/\/www.pmpf.rs.gov.br\/cultura\/2022\/08\/09\/festival-de-folclore-apresentacoes-nas-escolas-aproximam-as-comunidades-dos-grupos\/\" \/>\n<meta property=\"og:locale\" content=\"pt_BR\" \/>\n<meta property=\"og:type\" content=\"article\" \/>\n<meta property=\"og:title\" content=\"Festival de Folclore: apresenta\u00e7\u00f5es nas escolas aproximam as comunidades dos grupos - Secretaria de Cultura\" \/>\n<meta property=\"og:description\" content=\"Nesta ter\u00e7a-feira (9), o Bairro Zachia recebeu os grupos da Catalunha, Paraguai e Para\u00edba\" \/>\n<meta property=\"og:url\" content=\"https:\/\/www.pmpf.rs.gov.br\/cultura\/2022\/08\/09\/festival-de-folclore-apresentacoes-nas-escolas-aproximam-as-comunidades-dos-grupos\/\" \/>\n<meta property=\"og:site_name\" content=\"Secretaria de Cultura\" \/>\n<meta property=\"article:published_time\" content=\"2022-08-09T20:19:17+00:00\" \/>\n<meta property=\"article:modified_time\" content=\"2022-08-15T19:55:41+00:00\" \/>\n<meta property=\"og:image\" content=\"https:\/\/www.pmpf.rs.gov.br\/cultura\/wp-content\/uploads\/sites\/25\/2022\/08\/festival-zachia-scaled.jpg\" \/>\n\t<meta property=\"og:image:width\" content=\"2560\" \/>\n\t<meta property=\"og:image:height\" content=\"1437\" \/>\n\t<meta property=\"og:image:type\" content=\"image\/jpeg\" \/>\n<meta name=\"author\" content=\"andressazorzetto07\" \/>\n<meta name=\"twitter:card\" content=\"summary_large_image\" \/>\n<meta name=\"twitter:label1\" content=\"Escrito por\" \/>\n\t<meta name=\"twitter:data1\" content=\"andressazorzetto07\" \/>\n\t<meta name=\"twitter:label2\" content=\"Est. tempo de leitura\" \/>\n\t<meta name=\"twitter:data2\" content=\"2 minutos\" \/>\n<script type=\"application\/ld+json\" class=\"yoast-schema-graph\">{\"@context\":\"https:\/\/schema.org\",\"@graph\":[{\"@type\":\"WebPage\",\"@id\":\"https:\/\/www.pmpf.rs.gov.br\/cultura\/2022\/08\/09\/festival-de-folclore-apresentacoes-nas-escolas-aproximam-as-comunidades-dos-grupos\/\",\"url\":\"https:\/\/www.pmpf.rs.gov.br\/cultura\/2022\/08\/09\/festival-de-folclore-apresentacoes-nas-escolas-aproximam-as-comunidades-dos-grupos\/\",\"name\":\"Festival de Folclore: apresenta\u00e7\u00f5es nas escolas aproximam as comunidades dos grupos - Secretaria de Cultura\",\"isPartOf\":{\"@id\":\"https:\/\/www.pmpf.rs.gov.br\/cultura\/#website\"},\"primaryImageOfPage\":{\"@id\":\"https:\/\/www.pmpf.rs.gov.br\/cultura\/2022\/08\/09\/festival-de-folclore-apresentacoes-nas-escolas-aproximam-as-comunidades-dos-grupos\/#primaryimage\"},\"image\":{\"@id\":\"https:\/\/www.pmpf.rs.gov.br\/cultura\/2022\/08\/09\/festival-de-folclore-apresentacoes-nas-escolas-aproximam-as-comunidades-dos-grupos\/#primaryimage\"},\"thumbnailUrl\":\"https:\/\/www.pmpf.rs.gov.br\/cultura\/wp-content\/uploads\/sites\/25\/2022\/08\/festival-zachia-scaled.jpg\",\"datePublished\":\"2022-08-09T20:19:17+00:00\",\"dateModified\":\"2022-08-15T19:55:41+00:00\",\"author\":{\"@id\":\"https:\/\/www.pmpf.rs.gov.br\/cultura\/#\/schema\/person\/30ee1d1bd74da1469b01fcf086e43351\"},\"inLanguage\":\"pt-BR\",\"potentialAction\":[{\"@type\":\"ReadAction\",\"target\":[\"https:\/\/www.pmpf.rs.gov.br\/cultura\/2022\/08\/09\/festival-de-folclore-apresentacoes-nas-escolas-aproximam-as-comunidades-dos-grupos\/\"]}]},{\"@type\":\"ImageObject\",\"inLanguage\":\"pt-BR\",\"@id\":\"https:\/\/www.pmpf.rs.gov.br\/cultura\/2022\/08\/09\/festival-de-folclore-apresentacoes-nas-escolas-aproximam-as-comunidades-dos-grupos\/#primaryimage\",\"url\":\"https:\/\/www.pmpf.rs.gov.br\/cultura\/wp-content\/uploads\/sites\/25\/2022\/08\/festival-zachia-scaled.jpg\",\"contentUrl\":\"https:\/\/www.pmpf.rs.gov.br\/cultura\/wp-content\/uploads\/sites\/25\/2022\/08\/festival-zachia-scaled.jpg\",\"width\":2560,\"height\":1437},{\"@type\":\"WebSite\",\"@id\":\"https:\/\/www.pmpf.rs.gov.br\/cultura\/#website\",\"url\":\"https:\/\/www.pmpf.rs.gov.br\/cultura\/\",\"name\":\"Secretaria de Cultura\",\"description\":\"S\u00f3 mais um site Prefeitura de Passo Fundo\",\"potentialAction\":[{\"@type\":\"SearchAction\",\"target\":{\"@type\":\"EntryPoint\",\"urlTemplate\":\"https:\/\/www.pmpf.rs.gov.br\/cultura\/?s={search_term_string}\"},\"query-input\":{\"@type\":\"PropertyValueSpecification\",\"valueRequired\":true,\"valueName\":\"search_term_string\"}}],\"inLanguage\":\"pt-BR\"},{\"@type\":\"Person\",\"@id\":\"https:\/\/www.pmpf.rs.gov.br\/cultura\/#\/schema\/person\/30ee1d1bd74da1469b01fcf086e43351\",\"name\":\"andressazorzetto07\",\"image\":{\"@type\":\"ImageObject\",\"inLanguage\":\"pt-BR\",\"@id\":\"https:\/\/www.pmpf.rs.gov.br\/cultura\/#\/schema\/person\/image\/\",\"url\":\"https:\/\/secure.gravatar.com\/avatar\/14c5458ed79dc81da99a13b9ff5f9f19?s=96&d=mm&r=g\",\"contentUrl\":\"https:\/\/secure.gravatar.com\/avatar\/14c5458ed79dc81da99a13b9ff5f9f19?s=96&d=mm&r=g\",\"caption\":\"andressazorzetto07\"},\"url\":\"https:\/\/www.pmpf.rs.gov.br\/cultura\/author\/andressazorzetto07\/\"}]}<\/script>\n<!-- \/ Yoast SEO plugin. -->","yoast_head_json":{"title":"Festival de Folclore: apresenta\u00e7\u00f5es nas escolas aproximam as comunidades dos grupos - Secretaria de Cultura","robots":{"index":"index","follow":"follow","max-snippet":"max-snippet:-1","max-image-preview":"max-image-preview:large","max-video-preview":"max-video-preview:-1"},"canonical":"https:\/\/www.pmpf.rs.gov.br\/cultura\/2022\/08\/09\/festival-de-folclore-apresentacoes-nas-escolas-aproximam-as-comunidades-dos-grupos\/","og_locale":"pt_BR","og_type":"article","og_title":"Festival de Folclore: apresenta\u00e7\u00f5es nas escolas aproximam as comunidades dos grupos - Secretaria de Cultura","og_description":"Nesta ter\u00e7a-feira (9), o Bairro Zachia recebeu os grupos da Catalunha, Paraguai e Para\u00edba","og_url":"https:\/\/www.pmpf.rs.gov.br\/cultura\/2022\/08\/09\/festival-de-folclore-apresentacoes-nas-escolas-aproximam-as-comunidades-dos-grupos\/","og_site_name":"Secretaria de Cultura","article_published_time":"2022-08-09T20:19:17+00:00","article_modified_time":"2022-08-15T19:55:41+00:00","og_image":[{"width":2560,"height":1437,"url":"https:\/\/www.pmpf.rs.gov.br\/cultura\/wp-content\/uploads\/sites\/25\/2022\/08\/festival-zachia-scaled.jpg","type":"image\/jpeg"}],"author":"andressazorzetto07","twitter_card":"summary_large_image","twitter_misc":{"Escrito por":"andressazorzetto07","Est. tempo de leitura":"2 minutos"},"schema":{"@context":"https:\/\/schema.org","@graph":[{"@type":"WebPage","@id":"https:\/\/www.pmpf.rs.gov.br\/cultura\/2022\/08\/09\/festival-de-folclore-apresentacoes-nas-escolas-aproximam-as-comunidades-dos-grupos\/","url":"https:\/\/www.pmpf.rs.gov.br\/cultura\/2022\/08\/09\/festival-de-folclore-apresentacoes-nas-escolas-aproximam-as-comunidades-dos-grupos\/","name":"Festival de Folclore: apresenta\u00e7\u00f5es nas escolas aproximam as comunidades dos grupos - Secretaria de Cultura","isPartOf":{"@id":"https:\/\/www.pmpf.rs.gov.br\/cultura\/#website"},"primaryImageOfPage":{"@id":"https:\/\/www.pmpf.rs.gov.br\/cultura\/2022\/08\/09\/festival-de-folclore-apresentacoes-nas-escolas-aproximam-as-comunidades-dos-grupos\/#primaryimage"},"image":{"@id":"https:\/\/www.pmpf.rs.gov.br\/cultura\/2022\/08\/09\/festival-de-folclore-apresentacoes-nas-escolas-aproximam-as-comunidades-dos-grupos\/#primaryimage"},"thumbnailUrl":"https:\/\/www.pmpf.rs.gov.br\/cultura\/wp-content\/uploads\/sites\/25\/2022\/08\/festival-zachia-scaled.jpg","datePublished":"2022-08-09T20:19:17+00:00","dateModified":"2022-08-15T19:55:41+00:00","author":{"@id":"https:\/\/www.pmpf.rs.gov.br\/cultura\/#\/schema\/person\/30ee1d1bd74da1469b01fcf086e43351"},"inLanguage":"pt-BR","potentialAction":[{"@type":"ReadAction","target":["https:\/\/www.pmpf.rs.gov.br\/cultura\/2022\/08\/09\/festival-de-folclore-apresentacoes-nas-escolas-aproximam-as-comunidades-dos-grupos\/"]}]},{"@type":"ImageObject","inLanguage":"pt-BR","@id":"https:\/\/www.pmpf.rs.gov.br\/cultura\/2022\/08\/09\/festival-de-folclore-apresentacoes-nas-escolas-aproximam-as-comunidades-dos-grupos\/#primaryimage","url":"https:\/\/www.pmpf.rs.gov.br\/cultura\/wp-content\/uploads\/sites\/25\/2022\/08\/festival-zachia-scaled.jpg","contentUrl":"https:\/\/www.pmpf.rs.gov.br\/cultura\/wp-content\/uploads\/sites\/25\/2022\/08\/festival-zachia-scaled.jpg","width":2560,"height":1437},{"@type":"WebSite","@id":"https:\/\/www.pmpf.rs.gov.br\/cultura\/#website","url":"https:\/\/www.pmpf.rs.gov.br\/cultura\/","name":"Secretaria de Cultura","description":"S\u00f3 mais um site Prefeitura de Passo Fundo","potentialAction":[{"@type":"SearchAction","target":{"@type":"EntryPoint","urlTemplate":"https:\/\/www.pmpf.rs.gov.br\/cultura\/?s={search_term_string}"},"query-input":{"@type":"PropertyValueSpecification","valueRequired":true,"valueName":"search_term_string"}}],"inLanguage":"pt-BR"},{"@type":"Person","@id":"https:\/\/www.pmpf.rs.gov.br\/cultura\/#\/schema\/person\/30ee1d1bd74da1469b01fcf086e43351","name":"andressazorzetto07","image":{"@type":"ImageObject","inLanguage":"pt-BR","@id":"https:\/\/www.pmpf.rs.gov.br\/cultura\/#\/schema\/person\/image\/","url":"https:\/\/secure.gravatar.com\/avatar\/14c5458ed79dc81da99a13b9ff5f9f19?s=96&d=mm&r=g","contentUrl":"https:\/\/secure.gravatar.com\/avatar\/14c5458ed79dc81da99a13b9ff5f9f19?s=96&d=mm&r=g","caption":"andressazorzetto07"},"url":"https:\/\/www.pmpf.rs.gov.br\/cultura\/author\/andressazorzetto07\/"}]}},"_links":{"self":[{"href":"https:\/\/www.pmpf.rs.gov.br\/cultura\/wp-json\/wp\/v2\/posts\/3448"}],"collection":[{"href":"https:\/\/www.pmpf.rs.gov.br\/cultura\/wp-json\/wp\/v2\/posts"}],"about":[{"href":"https:\/\/www.pmpf.rs.gov.br\/cultura\/wp-json\/wp\/v2\/types\/post"}],"author":[{"embeddable":true,"href":"https:\/\/www.pmpf.rs.gov.br\/cultura\/wp-json\/wp\/v2\/users\/6"}],"replies":[{"embeddable":true,"href":"https:\/\/www.pmpf.rs.gov.br\/cultura\/wp-json\/wp\/v2\/comments?post=3448"}],"version-history":[{"count":3,"href":"https:\/\/www.pmpf.rs.gov.br\/cultura\/wp-json\/wp\/v2\/posts\/3448\/revisions"}],"predecessor-version":[{"id":3471,"href":"https:\/\/www.pmpf.rs.gov.br\/cultura\/wp-json\/wp\/v2\/posts\/3448\/revisions\/3471"}],"wp:featuredmedia":[{"embeddable":true,"href":"https:\/\/www.pmpf.rs.gov.br\/cultura\/wp-json\/wp\/v2\/media\/3450"}],"wp:attachment":[{"href":"https:\/\/www.pmpf.rs.gov.br\/cultura\/wp-json\/wp\/v2\/media?parent=3448"}],"wp:term":[{"taxonomy":"category","embeddable":true,"href":"https:\/\/www.pmpf.rs.gov.br\/cultura\/wp-json\/wp\/v2\/categories?post=3448"},{"taxonomy":"post_tag","embeddable":true,"href":"https:\/\/www.pmpf.rs.gov.br\/cultura\/wp-json\/wp\/v2\/tags?post=3448"}],"curies":[{"name":"wp","href":"https:\/\/api.w.org\/{rel}","templated":true}]}}