{"id":3419,"date":"2022-08-08T17:12:53","date_gmt":"2022-08-08T20:12:53","guid":{"rendered":"https:\/\/www.pmpf.rs.gov.br\/cultura\/?p=3419"},"modified":"2022-08-08T17:12:54","modified_gmt":"2022-08-08T20:12:54","slug":"nas-escolas-e-nos-bairros-festival-de-folclore-amplia-acesso-a-cultura-descentralizando-apresentacoes","status":"publish","type":"post","link":"https:\/\/www.pmpf.rs.gov.br\/cultura\/2022\/08\/08\/nas-escolas-e-nos-bairros-festival-de-folclore-amplia-acesso-a-cultura-descentralizando-apresentacoes\/","title":{"rendered":"Nas escolas e nos bairros: Festival de Folclore amplia acesso \u00e0 cultura descentralizando apresenta\u00e7\u00f5es"},"content":{"rendered":"\n<p><\/p>\n\n\n\n<p><\/p>\n\n\n\n<p>Um festival para ver, ouvir e sentir. Assim definiu a aluna da EMEF Notre Dame, Thayla Flores, de 11 anos. De anivers\u00e1rio nesta segunda-feira (08), a aluna do 4\u00b0 ano do Ensino Fundamental estava animada com o cen\u00e1rio montado no interior do gin\u00e1sio da escola. &#8220;A gente foi trabalhando os pa\u00edses ao longo das aulas e eu fiquei curiosa com a cultura de cada lugar. Hoje eu estou podendo ver, ouvir e experimentar um pouco disso&#8221;, contou.<\/p>\n\n\n\n<p>Com a proposta de ampliar o acesso \u00e0 cultura e as diferentes manifesta\u00e7\u00f5es art\u00edsticas, o XV Festival Internacional de Folclore investiu na descentraliza\u00e7\u00e3o das atividades para os bairros e escolas do munic\u00edpio. Nesta segunda-feira, os grupos do Paraguai, da Col\u00f4mbia e do estado do Par\u00e1 interagiram com alunos, pais, professores e comunidade das escolas do bairro Boqueir\u00e3o, a primeira a receber as apresenta\u00e7\u00f5es neste formato. Para a artista colombiana Melissa Ramirez, a recep\u00e7\u00e3o dos passo-fundenses aos grupos tem sido &#8220;muito calorosa&#8221;. &#8220;Nos sentimos um pouco em casa aqui, porque as pessoas s\u00e3o bem fraternas, as crian\u00e7as em especial&#8221;.<\/p>\n\n\n\n<p>Para a diretora da EMEF Notre Dame, Gislene Garcia, sediar o primeiro evento do XV Festival Internacional de Folclore em sua escola foi uma oportunidade \u00fanica de estimular novas possibilidades para os estudantes. &#8220;Eles est\u00e3o tendo acesso a uma gama enorme de informa\u00e7\u00f5es. Isso vai se refletir n\u00e3o apenas no aprendizado, mas tamb\u00e9m na leitura de mundo. O mundo \u00e9 muito maior do que o que eles conhecem e o Festival mais perto deles est\u00e1 servindo tamb\u00e9m para ampliar essa reflex\u00e3o\u201d, avaliou a professora.<\/p>\n\n\n\n<p>A enfermeira, Marli Mariano, mora no bairro Boqueir\u00e3o e estava passeando com o filho quando viu o desfile dos grupos nas ruas. \u201cEu j\u00e1 tinha visto o desfile na rua, mas meu filho ainda n\u00e3o. Quando ele viu o colorido das roupas, pediu pra assistir. Viemos at\u00e9 a escola e fomos bem recebidos, nos sentimos bem \u00e0 vontade. \u00c9 importante que tenhamos estes espa\u00e7os, porque muitas vezes o acesso \u00e0 cultura n\u00e3o \u00e9 t\u00e3o f\u00e1cil como est\u00e1 sendo\u201d, argumentou ela.<\/p>\n\n\n\n<p><strong>Oficina de dan\u00e7as<br><\/strong>Durante a semana, em dias alternados, os alunos das escolas municipais v\u00e3o receber oficinas de dan\u00e7a com os grupos. Nesta segunda-feira (08), a EMEF Romana Gobbi, no Loteamento Santo Ant\u00f4nio, contou com a presen\u00e7a do Chile, que convidou os alunos para aprender um pouco sobre as dan\u00e7as folcl\u00f3ricas e a sua origem.<\/p>\n\n\n\n<p><strong>Festival pela cidade<br><\/strong>Al\u00e9m das escolas, dos bairros e das apresenta\u00e7\u00f5es no CTG Lalau Miranda, o XV Festival tem levado atividades folcl\u00f3ricas para outros espa\u00e7os da cidade. Na noite de domingo (07), ap\u00f3s o evento gratuito no Parque da Gare, m\u00fasicos dos grupos dos diferentes pa\u00edses que est\u00e3o em Passo Fundo se encontraram na Esta\u00e7\u00e3o Gastron\u00f4mica da Gare para um interc\u00e2mbio de ritmos.<\/p>\n","protected":false},"excerpt":{"rendered":"<p>Grupos folcl\u00f3ricos participaram de eventos promovidos em diferentes regi\u00f5es de Passo Fundo, aproximando a comunidade da diversidade \u00e9tnica e cultural presente na festividade<\/p>\n","protected":false},"author":6,"featured_media":3420,"comment_status":"closed","ping_status":"closed","sticky":true,"template":"","format":"standard","meta":{"footnotes":""},"categories":[1],"tags":[],"class_list":["post-3419","post","type-post","status-publish","format-standard","has-post-thumbnail","hentry","category-sem-categoria"],"yoast_head":"<!-- This site is optimized with the Yoast SEO plugin v23.8 - https:\/\/yoast.com\/wordpress\/plugins\/seo\/ -->\n<title>Nas escolas e nos bairros: Festival de Folclore amplia acesso \u00e0 cultura descentralizando apresenta\u00e7\u00f5es - Secretaria de Cultura<\/title>\n<meta name=\"robots\" content=\"index, follow, max-snippet:-1, max-image-preview:large, max-video-preview:-1\" \/>\n<link rel=\"canonical\" href=\"https:\/\/www.pmpf.rs.gov.br\/cultura\/2022\/08\/08\/nas-escolas-e-nos-bairros-festival-de-folclore-amplia-acesso-a-cultura-descentralizando-apresentacoes\/\" \/>\n<meta property=\"og:locale\" content=\"pt_BR\" \/>\n<meta property=\"og:type\" content=\"article\" \/>\n<meta property=\"og:title\" content=\"Nas escolas e nos bairros: Festival de Folclore amplia acesso \u00e0 cultura descentralizando apresenta\u00e7\u00f5es - Secretaria de Cultura\" \/>\n<meta property=\"og:description\" content=\"Grupos folcl\u00f3ricos participaram de eventos promovidos em diferentes regi\u00f5es de Passo Fundo, aproximando a comunidade da diversidade \u00e9tnica e cultural presente na festividade\" \/>\n<meta property=\"og:url\" content=\"https:\/\/www.pmpf.rs.gov.br\/cultura\/2022\/08\/08\/nas-escolas-e-nos-bairros-festival-de-folclore-amplia-acesso-a-cultura-descentralizando-apresentacoes\/\" \/>\n<meta property=\"og:site_name\" content=\"Secretaria de Cultura\" \/>\n<meta property=\"article:published_time\" content=\"2022-08-08T20:12:53+00:00\" \/>\n<meta property=\"article:modified_time\" content=\"2022-08-08T20:12:54+00:00\" \/>\n<meta name=\"author\" content=\"andressazorzetto07\" \/>\n<meta name=\"twitter:card\" content=\"summary_large_image\" \/>\n<meta name=\"twitter:label1\" content=\"Escrito por\" \/>\n\t<meta name=\"twitter:data1\" content=\"andressazorzetto07\" \/>\n\t<meta name=\"twitter:label2\" content=\"Est. tempo de leitura\" \/>\n\t<meta name=\"twitter:data2\" content=\"2 minutos\" \/>\n<script type=\"application\/ld+json\" class=\"yoast-schema-graph\">{\"@context\":\"https:\/\/schema.org\",\"@graph\":[{\"@type\":\"WebPage\",\"@id\":\"https:\/\/www.pmpf.rs.gov.br\/cultura\/2022\/08\/08\/nas-escolas-e-nos-bairros-festival-de-folclore-amplia-acesso-a-cultura-descentralizando-apresentacoes\/\",\"url\":\"https:\/\/www.pmpf.rs.gov.br\/cultura\/2022\/08\/08\/nas-escolas-e-nos-bairros-festival-de-folclore-amplia-acesso-a-cultura-descentralizando-apresentacoes\/\",\"name\":\"Nas escolas e nos bairros: Festival de Folclore amplia acesso \u00e0 cultura descentralizando apresenta\u00e7\u00f5es - Secretaria de Cultura\",\"isPartOf\":{\"@id\":\"https:\/\/www.pmpf.rs.gov.br\/cultura\/#website\"},\"primaryImageOfPage\":{\"@id\":\"https:\/\/www.pmpf.rs.gov.br\/cultura\/2022\/08\/08\/nas-escolas-e-nos-bairros-festival-de-folclore-amplia-acesso-a-cultura-descentralizando-apresentacoes\/#primaryimage\"},\"image\":{\"@id\":\"https:\/\/www.pmpf.rs.gov.br\/cultura\/2022\/08\/08\/nas-escolas-e-nos-bairros-festival-de-folclore-amplia-acesso-a-cultura-descentralizando-apresentacoes\/#primaryimage\"},\"thumbnailUrl\":\"https:\/\/www.pmpf.rs.gov.br\/cultura\/wp-content\/uploads\/sites\/25\/2022\/08\/folclore-escolas.jpeg\",\"datePublished\":\"2022-08-08T20:12:53+00:00\",\"dateModified\":\"2022-08-08T20:12:54+00:00\",\"author\":{\"@id\":\"https:\/\/www.pmpf.rs.gov.br\/cultura\/#\/schema\/person\/30ee1d1bd74da1469b01fcf086e43351\"},\"inLanguage\":\"pt-BR\",\"potentialAction\":[{\"@type\":\"ReadAction\",\"target\":[\"https:\/\/www.pmpf.rs.gov.br\/cultura\/2022\/08\/08\/nas-escolas-e-nos-bairros-festival-de-folclore-amplia-acesso-a-cultura-descentralizando-apresentacoes\/\"]}]},{\"@type\":\"ImageObject\",\"inLanguage\":\"pt-BR\",\"@id\":\"https:\/\/www.pmpf.rs.gov.br\/cultura\/2022\/08\/08\/nas-escolas-e-nos-bairros-festival-de-folclore-amplia-acesso-a-cultura-descentralizando-apresentacoes\/#primaryimage\",\"url\":\"https:\/\/www.pmpf.rs.gov.br\/cultura\/wp-content\/uploads\/sites\/25\/2022\/08\/folclore-escolas.jpeg\",\"contentUrl\":\"https:\/\/www.pmpf.rs.gov.br\/cultura\/wp-content\/uploads\/sites\/25\/2022\/08\/folclore-escolas.jpeg\",\"width\":1280,\"height\":718},{\"@type\":\"WebSite\",\"@id\":\"https:\/\/www.pmpf.rs.gov.br\/cultura\/#website\",\"url\":\"https:\/\/www.pmpf.rs.gov.br\/cultura\/\",\"name\":\"Secretaria de Cultura\",\"description\":\"S\u00f3 mais um site Prefeitura de Passo Fundo\",\"potentialAction\":[{\"@type\":\"SearchAction\",\"target\":{\"@type\":\"EntryPoint\",\"urlTemplate\":\"https:\/\/www.pmpf.rs.gov.br\/cultura\/?s={search_term_string}\"},\"query-input\":{\"@type\":\"PropertyValueSpecification\",\"valueRequired\":true,\"valueName\":\"search_term_string\"}}],\"inLanguage\":\"pt-BR\"},{\"@type\":\"Person\",\"@id\":\"https:\/\/www.pmpf.rs.gov.br\/cultura\/#\/schema\/person\/30ee1d1bd74da1469b01fcf086e43351\",\"name\":\"andressazorzetto07\",\"image\":{\"@type\":\"ImageObject\",\"inLanguage\":\"pt-BR\",\"@id\":\"https:\/\/www.pmpf.rs.gov.br\/cultura\/#\/schema\/person\/image\/\",\"url\":\"https:\/\/secure.gravatar.com\/avatar\/14c5458ed79dc81da99a13b9ff5f9f19?s=96&d=mm&r=g\",\"contentUrl\":\"https:\/\/secure.gravatar.com\/avatar\/14c5458ed79dc81da99a13b9ff5f9f19?s=96&d=mm&r=g\",\"caption\":\"andressazorzetto07\"},\"url\":\"https:\/\/www.pmpf.rs.gov.br\/cultura\/author\/andressazorzetto07\/\"}]}<\/script>\n<!-- \/ Yoast SEO plugin. -->","yoast_head_json":{"title":"Nas escolas e nos bairros: Festival de Folclore amplia acesso \u00e0 cultura descentralizando apresenta\u00e7\u00f5es - Secretaria de Cultura","robots":{"index":"index","follow":"follow","max-snippet":"max-snippet:-1","max-image-preview":"max-image-preview:large","max-video-preview":"max-video-preview:-1"},"canonical":"https:\/\/www.pmpf.rs.gov.br\/cultura\/2022\/08\/08\/nas-escolas-e-nos-bairros-festival-de-folclore-amplia-acesso-a-cultura-descentralizando-apresentacoes\/","og_locale":"pt_BR","og_type":"article","og_title":"Nas escolas e nos bairros: Festival de Folclore amplia acesso \u00e0 cultura descentralizando apresenta\u00e7\u00f5es - Secretaria de Cultura","og_description":"Grupos folcl\u00f3ricos participaram de eventos promovidos em diferentes regi\u00f5es de Passo Fundo, aproximando a comunidade da diversidade \u00e9tnica e cultural presente na festividade","og_url":"https:\/\/www.pmpf.rs.gov.br\/cultura\/2022\/08\/08\/nas-escolas-e-nos-bairros-festival-de-folclore-amplia-acesso-a-cultura-descentralizando-apresentacoes\/","og_site_name":"Secretaria de Cultura","article_published_time":"2022-08-08T20:12:53+00:00","article_modified_time":"2022-08-08T20:12:54+00:00","author":"andressazorzetto07","twitter_card":"summary_large_image","twitter_misc":{"Escrito por":"andressazorzetto07","Est. tempo de leitura":"2 minutos"},"schema":{"@context":"https:\/\/schema.org","@graph":[{"@type":"WebPage","@id":"https:\/\/www.pmpf.rs.gov.br\/cultura\/2022\/08\/08\/nas-escolas-e-nos-bairros-festival-de-folclore-amplia-acesso-a-cultura-descentralizando-apresentacoes\/","url":"https:\/\/www.pmpf.rs.gov.br\/cultura\/2022\/08\/08\/nas-escolas-e-nos-bairros-festival-de-folclore-amplia-acesso-a-cultura-descentralizando-apresentacoes\/","name":"Nas escolas e nos bairros: Festival de Folclore amplia acesso \u00e0 cultura descentralizando apresenta\u00e7\u00f5es - Secretaria de Cultura","isPartOf":{"@id":"https:\/\/www.pmpf.rs.gov.br\/cultura\/#website"},"primaryImageOfPage":{"@id":"https:\/\/www.pmpf.rs.gov.br\/cultura\/2022\/08\/08\/nas-escolas-e-nos-bairros-festival-de-folclore-amplia-acesso-a-cultura-descentralizando-apresentacoes\/#primaryimage"},"image":{"@id":"https:\/\/www.pmpf.rs.gov.br\/cultura\/2022\/08\/08\/nas-escolas-e-nos-bairros-festival-de-folclore-amplia-acesso-a-cultura-descentralizando-apresentacoes\/#primaryimage"},"thumbnailUrl":"https:\/\/www.pmpf.rs.gov.br\/cultura\/wp-content\/uploads\/sites\/25\/2022\/08\/folclore-escolas.jpeg","datePublished":"2022-08-08T20:12:53+00:00","dateModified":"2022-08-08T20:12:54+00:00","author":{"@id":"https:\/\/www.pmpf.rs.gov.br\/cultura\/#\/schema\/person\/30ee1d1bd74da1469b01fcf086e43351"},"inLanguage":"pt-BR","potentialAction":[{"@type":"ReadAction","target":["https:\/\/www.pmpf.rs.gov.br\/cultura\/2022\/08\/08\/nas-escolas-e-nos-bairros-festival-de-folclore-amplia-acesso-a-cultura-descentralizando-apresentacoes\/"]}]},{"@type":"ImageObject","inLanguage":"pt-BR","@id":"https:\/\/www.pmpf.rs.gov.br\/cultura\/2022\/08\/08\/nas-escolas-e-nos-bairros-festival-de-folclore-amplia-acesso-a-cultura-descentralizando-apresentacoes\/#primaryimage","url":"https:\/\/www.pmpf.rs.gov.br\/cultura\/wp-content\/uploads\/sites\/25\/2022\/08\/folclore-escolas.jpeg","contentUrl":"https:\/\/www.pmpf.rs.gov.br\/cultura\/wp-content\/uploads\/sites\/25\/2022\/08\/folclore-escolas.jpeg","width":1280,"height":718},{"@type":"WebSite","@id":"https:\/\/www.pmpf.rs.gov.br\/cultura\/#website","url":"https:\/\/www.pmpf.rs.gov.br\/cultura\/","name":"Secretaria de Cultura","description":"S\u00f3 mais um site Prefeitura de Passo Fundo","potentialAction":[{"@type":"SearchAction","target":{"@type":"EntryPoint","urlTemplate":"https:\/\/www.pmpf.rs.gov.br\/cultura\/?s={search_term_string}"},"query-input":{"@type":"PropertyValueSpecification","valueRequired":true,"valueName":"search_term_string"}}],"inLanguage":"pt-BR"},{"@type":"Person","@id":"https:\/\/www.pmpf.rs.gov.br\/cultura\/#\/schema\/person\/30ee1d1bd74da1469b01fcf086e43351","name":"andressazorzetto07","image":{"@type":"ImageObject","inLanguage":"pt-BR","@id":"https:\/\/www.pmpf.rs.gov.br\/cultura\/#\/schema\/person\/image\/","url":"https:\/\/secure.gravatar.com\/avatar\/14c5458ed79dc81da99a13b9ff5f9f19?s=96&d=mm&r=g","contentUrl":"https:\/\/secure.gravatar.com\/avatar\/14c5458ed79dc81da99a13b9ff5f9f19?s=96&d=mm&r=g","caption":"andressazorzetto07"},"url":"https:\/\/www.pmpf.rs.gov.br\/cultura\/author\/andressazorzetto07\/"}]}},"_links":{"self":[{"href":"https:\/\/www.pmpf.rs.gov.br\/cultura\/wp-json\/wp\/v2\/posts\/3419"}],"collection":[{"href":"https:\/\/www.pmpf.rs.gov.br\/cultura\/wp-json\/wp\/v2\/posts"}],"about":[{"href":"https:\/\/www.pmpf.rs.gov.br\/cultura\/wp-json\/wp\/v2\/types\/post"}],"author":[{"embeddable":true,"href":"https:\/\/www.pmpf.rs.gov.br\/cultura\/wp-json\/wp\/v2\/users\/6"}],"replies":[{"embeddable":true,"href":"https:\/\/www.pmpf.rs.gov.br\/cultura\/wp-json\/wp\/v2\/comments?post=3419"}],"version-history":[{"count":1,"href":"https:\/\/www.pmpf.rs.gov.br\/cultura\/wp-json\/wp\/v2\/posts\/3419\/revisions"}],"predecessor-version":[{"id":3421,"href":"https:\/\/www.pmpf.rs.gov.br\/cultura\/wp-json\/wp\/v2\/posts\/3419\/revisions\/3421"}],"wp:featuredmedia":[{"embeddable":true,"href":"https:\/\/www.pmpf.rs.gov.br\/cultura\/wp-json\/wp\/v2\/media\/3420"}],"wp:attachment":[{"href":"https:\/\/www.pmpf.rs.gov.br\/cultura\/wp-json\/wp\/v2\/media?parent=3419"}],"wp:term":[{"taxonomy":"category","embeddable":true,"href":"https:\/\/www.pmpf.rs.gov.br\/cultura\/wp-json\/wp\/v2\/categories?post=3419"},{"taxonomy":"post_tag","embeddable":true,"href":"https:\/\/www.pmpf.rs.gov.br\/cultura\/wp-json\/wp\/v2\/tags?post=3419"}],"curies":[{"name":"wp","href":"https:\/\/api.w.org\/{rel}","templated":true}]}}