{"id":3377,"date":"2022-08-08T09:07:16","date_gmt":"2022-08-08T12:07:16","guid":{"rendered":"https:\/\/www.pmpf.rs.gov.br\/cultura\/?p=3377"},"modified":"2022-08-12T09:21:32","modified_gmt":"2022-08-12T12:21:32","slug":"xv-festival-internacional-de-folclore-de-passo-fundo-primeira-noite-e-marcada-por-emocao","status":"publish","type":"post","link":"https:\/\/www.pmpf.rs.gov.br\/cultura\/2022\/08\/08\/xv-festival-internacional-de-folclore-de-passo-fundo-primeira-noite-e-marcada-por-emocao\/","title":{"rendered":"XV Festival Internacional de Folclore de Passo Fundo: primeira noite \u00e9 marcada por emo\u00e7\u00e3o"},"content":{"rendered":"\n<p><\/p>\n\n\n\n<p>Com o CTG Lalau Miranda lotado, muita alegria e emo\u00e7\u00e3o, foram abertos os espet\u00e1culos do XV Festival Internacional de Folclore de Passo Fundo. A festa teve in\u00edcio oficial na noite desta sexta-feira (5) com a presen\u00e7a de 10 grupos, nacionais e internacionais.<\/p>\n\n\n\n<p>O prefeito, Pedro Almeida, destacou a alegria em celebrar diversidade cultural na d\u00e9cima quinta edi\u00e7\u00e3o do folclore. &#8220;\u00c9 um momento de muita emo\u00e7\u00e3o para todos n\u00f3s. Estamos voltando ao CTG Lalau Miranda, que foi a casa da vacina\u00e7\u00e3o em Passo Fundo, para celebrar a cultura. Sabemos o quanto as pessoas esperam e vibram pelo festival. Por isso, foi muito especial estarmos neste local compartilhando tantas expectativas e felicidade, unindo povos de muitos lugares do mundo&#8221;, disse.<\/p>\n\n\n\n<p>A secret\u00e1ria estadual de Cultura, Beatriz Ara\u00fajo, esteve na abertura e enfatizou que a retomada do festival \u00e9 uma conquista para o estado. &#8220;Passo Fundo aposta na cultura e na diversidade. \u00c9 um munic\u00edpio ga\u00facho que tem se destacado na educa\u00e7\u00e3o. Ent\u00e3o, estou muito feliz por estar participando deste momento&#8221;, disse.<\/p>\n\n\n\n<p>A abertura teve participa\u00e7\u00e3o surpresa dos m\u00fasicos Renato Borghetti e Daniel S\u00e1, das crian\u00e7as que fazem parte do projeto F\u00e1brica de Gaiteiros, de Lagoa Vermelha, e uma apresenta\u00e7\u00e3o art\u00edstica da escola de dan\u00e7a Petip\u00e1.<\/p>\n\n\n\n<p>O casal Bruna e Jover estava animado na plateia. A alegria foi impulsionada pela saudade do festival. &#8220;Eu nasci aqui em Passo Fundo acompanho o festival desde pequena. Amo de paix\u00e3o e achei muito emocionante&#8221;, disse ela.<\/p>\n\n\n\n<p>Durante a noite, Passo Fundo recebeu um t\u00edtulo da Organiza\u00e7\u00e3o Internacional de Folclore e Artes Populares (IOV). O presidente da se\u00e7\u00e3o Brasil, Clerton Vieira, enfatizou o reconhecimento do mundo ao festival de Passo Fundo. &#8220;Ele \u00e9 reconhecido em mais de 160 pa\u00edses ligados \u00e0 nossa organiza\u00e7\u00e3o&#8221;, pontuou.<\/p>\n\n\n\n<p><strong>Festival mais acess\u00edvel<br><\/strong>O XV Festival Internacional de Folclore de Passo Fundo movimentar\u00e1 a cidade at\u00e9 o 12 de agosto e ter\u00e1 um novo formato: mais popular, inclusivo e estendido. Os espet\u00e1culos passar\u00e3o pelos bairros e regi\u00e3o central para que toda a comunidade possa prestigiar.<br>Para a secret\u00e1ria de Cultura, Miri\u00ea Tedesco, essa conex\u00e3o contribui com o conhecimento sobre as diversas culturas que comp\u00f5em o mundo. \u201cO Festival de Folclore \u00e9 um evento educador por natureza, que possibilita compreender as diferen\u00e7as e entender que cada cidade, estado e pa\u00eds tem suas peculiaridades culturais. \u00c9 um exerc\u00edcio base para a toler\u00e2ncia, a intera\u00e7\u00e3o social e a aceita\u00e7\u00e3o. Para al\u00e9m disso, temos aprendizados sobre a geografia, a hist\u00f3ria e a l\u00edngua. Percebemos como os 30 anos de festival foram importantes para a amplia\u00e7\u00e3o da vis\u00e3o de mundo da comunidade\u201d, destaca.<\/p>\n\n\n\n<p>Na pr\u00f3xima semana, apresenta\u00e7\u00f5es diurnas ser\u00e3o realizadas em quatro escolas municipais, situadas nos bairros Jos\u00e9 Alexandre Zachia, Leonardo Ilha, Santo Ant\u00f4nio e Boqueir\u00e3o. S\u00e3o elas, em ordem: Guaracy Barroso Marinho, Eloy Pinheiro Machado, Romana Gobbi e Notre Dame. Antes das apresenta\u00e7\u00f5es, por volta de 14h, haver\u00e1 um desfile nas ruas que levam a essas escolas. O Bairro Boqueir\u00e3o receber\u00e1 o espet\u00e1culo no dia 8 de agosto. O Zachia, no dia 9. O Loteamento Santo Ant\u00f4nio ter\u00e1 interven\u00e7\u00f5es no dia 10. J\u00e1 o Leonardo Ilha ser\u00e1 palco de apresenta\u00e7\u00f5es no dia 11.<\/p>\n\n\n\n<p>Haver\u00e1, ainda, espet\u00e1culos diurnos no CTG Lalau Miranda para os alunos de escolas p\u00fablicas e privadas, do munic\u00edpio e da regi\u00e3o, e apresenta\u00e7\u00f5es itinerantes, como no Parque da Gare, programada para o dia 7 de agosto, no anivers\u00e1rio de Passo Fundo. Os tradicionais desfiles nas ruas seguir\u00e3o acontecendo, e o primeiro deles j\u00e1 foi realizado nessa quinta-feira (5). A programa\u00e7\u00e3o completa do XV Festival Internacional de Folclore pode ser acessada em www.pmpf.rs.gov.br\/festival.<\/p>\n\n\n\n<p><strong>Ingressos<\/strong><br>Enquanto os espet\u00e1culos nas escolas e demais espa\u00e7os p\u00fablicos ser\u00e3o abertos e gratuitos a toda comunidade, as noites no CTG Lalau Miranda t\u00eam ingresso com pre\u00e7o reduzido. Essa tamb\u00e9m \u00e9 uma proposta para aproximar os passo-fundenses da festa cultural.<\/p>\n\n\n\n<p>Para apresenta\u00e7\u00f5es no CTG, o ingresso \u00e9 de R$ 20 por pessoa. Estudantes, idosos e crian\u00e7as t\u00eam direito \u00e0 meia-entrada. Ou seja, na pr\u00e1tica, grande parte dos ingressos ser\u00e3o vendidos pelo custo de R$ 10.<br>Alunos e professores das escolas das redes municipal, estadual e privada do munic\u00edpio, mediante agendamento pr\u00e9vio, n\u00e3o pagar\u00e3o a entrada. O agendamento das escolas municipais deve ser feito com a Secretaria Municipal de Educa\u00e7\u00e3o. O das estaduais e privadas, na 7\u00aa Coordenadoria Regional de Educa\u00e7\u00e3o (CRE).<\/p>\n","protected":false},"excerpt":{"rendered":"<p> A festa teve in\u00edcio oficial na noite desta sexta-feira (5) com a presen\u00e7a de 10 grupos, nacionais e internacionais<\/p>\n","protected":false},"author":6,"featured_media":3384,"comment_status":"closed","ping_status":"closed","sticky":true,"template":"","format":"standard","meta":{"footnotes":""},"categories":[1],"tags":[],"class_list":["post-3377","post","type-post","status-publish","format-standard","has-post-thumbnail","hentry","category-sem-categoria"],"yoast_head":"<!-- This site is optimized with the Yoast SEO plugin v23.8 - https:\/\/yoast.com\/wordpress\/plugins\/seo\/ -->\n<title>XV Festival Internacional de Folclore de Passo Fundo: primeira noite \u00e9 marcada por emo\u00e7\u00e3o - Secretaria de Cultura<\/title>\n<meta name=\"robots\" content=\"index, follow, max-snippet:-1, max-image-preview:large, max-video-preview:-1\" \/>\n<link rel=\"canonical\" href=\"https:\/\/www.pmpf.rs.gov.br\/cultura\/2022\/08\/08\/xv-festival-internacional-de-folclore-de-passo-fundo-primeira-noite-e-marcada-por-emocao\/\" \/>\n<meta property=\"og:locale\" content=\"pt_BR\" \/>\n<meta property=\"og:type\" content=\"article\" \/>\n<meta property=\"og:title\" content=\"XV Festival Internacional de Folclore de Passo Fundo: primeira noite \u00e9 marcada por emo\u00e7\u00e3o - Secretaria de Cultura\" \/>\n<meta property=\"og:description\" content=\"A festa teve in\u00edcio oficial na noite desta sexta-feira (5) com a presen\u00e7a de 10 grupos, nacionais e internacionais\" \/>\n<meta property=\"og:url\" content=\"https:\/\/www.pmpf.rs.gov.br\/cultura\/2022\/08\/08\/xv-festival-internacional-de-folclore-de-passo-fundo-primeira-noite-e-marcada-por-emocao\/\" \/>\n<meta property=\"og:site_name\" content=\"Secretaria de Cultura\" \/>\n<meta property=\"article:published_time\" content=\"2022-08-08T12:07:16+00:00\" \/>\n<meta property=\"article:modified_time\" content=\"2022-08-12T12:21:32+00:00\" \/>\n<meta property=\"og:image\" content=\"https:\/\/www.pmpf.rs.gov.br\/cultura\/wp-content\/uploads\/sites\/25\/2022\/08\/abertura_festival1.jpg\" \/>\n\t<meta property=\"og:image:width\" content=\"1280\" \/>\n\t<meta property=\"og:image:height\" content=\"718\" \/>\n\t<meta property=\"og:image:type\" content=\"image\/jpeg\" \/>\n<meta name=\"author\" content=\"andressazorzetto07\" \/>\n<meta name=\"twitter:card\" content=\"summary_large_image\" \/>\n<meta name=\"twitter:label1\" content=\"Escrito por\" \/>\n\t<meta name=\"twitter:data1\" content=\"andressazorzetto07\" \/>\n\t<meta name=\"twitter:label2\" content=\"Est. tempo de leitura\" \/>\n\t<meta name=\"twitter:data2\" content=\"4 minutos\" \/>\n<script type=\"application\/ld+json\" class=\"yoast-schema-graph\">{\"@context\":\"https:\/\/schema.org\",\"@graph\":[{\"@type\":\"WebPage\",\"@id\":\"https:\/\/www.pmpf.rs.gov.br\/cultura\/2022\/08\/08\/xv-festival-internacional-de-folclore-de-passo-fundo-primeira-noite-e-marcada-por-emocao\/\",\"url\":\"https:\/\/www.pmpf.rs.gov.br\/cultura\/2022\/08\/08\/xv-festival-internacional-de-folclore-de-passo-fundo-primeira-noite-e-marcada-por-emocao\/\",\"name\":\"XV Festival Internacional de Folclore de Passo Fundo: primeira noite \u00e9 marcada por emo\u00e7\u00e3o - Secretaria de Cultura\",\"isPartOf\":{\"@id\":\"https:\/\/www.pmpf.rs.gov.br\/cultura\/#website\"},\"primaryImageOfPage\":{\"@id\":\"https:\/\/www.pmpf.rs.gov.br\/cultura\/2022\/08\/08\/xv-festival-internacional-de-folclore-de-passo-fundo-primeira-noite-e-marcada-por-emocao\/#primaryimage\"},\"image\":{\"@id\":\"https:\/\/www.pmpf.rs.gov.br\/cultura\/2022\/08\/08\/xv-festival-internacional-de-folclore-de-passo-fundo-primeira-noite-e-marcada-por-emocao\/#primaryimage\"},\"thumbnailUrl\":\"https:\/\/www.pmpf.rs.gov.br\/cultura\/wp-content\/uploads\/sites\/25\/2022\/08\/abertura_festival1.jpg\",\"datePublished\":\"2022-08-08T12:07:16+00:00\",\"dateModified\":\"2022-08-12T12:21:32+00:00\",\"author\":{\"@id\":\"https:\/\/www.pmpf.rs.gov.br\/cultura\/#\/schema\/person\/30ee1d1bd74da1469b01fcf086e43351\"},\"inLanguage\":\"pt-BR\",\"potentialAction\":[{\"@type\":\"ReadAction\",\"target\":[\"https:\/\/www.pmpf.rs.gov.br\/cultura\/2022\/08\/08\/xv-festival-internacional-de-folclore-de-passo-fundo-primeira-noite-e-marcada-por-emocao\/\"]}]},{\"@type\":\"ImageObject\",\"inLanguage\":\"pt-BR\",\"@id\":\"https:\/\/www.pmpf.rs.gov.br\/cultura\/2022\/08\/08\/xv-festival-internacional-de-folclore-de-passo-fundo-primeira-noite-e-marcada-por-emocao\/#primaryimage\",\"url\":\"https:\/\/www.pmpf.rs.gov.br\/cultura\/wp-content\/uploads\/sites\/25\/2022\/08\/abertura_festival1.jpg\",\"contentUrl\":\"https:\/\/www.pmpf.rs.gov.br\/cultura\/wp-content\/uploads\/sites\/25\/2022\/08\/abertura_festival1.jpg\",\"width\":1280,\"height\":718},{\"@type\":\"WebSite\",\"@id\":\"https:\/\/www.pmpf.rs.gov.br\/cultura\/#website\",\"url\":\"https:\/\/www.pmpf.rs.gov.br\/cultura\/\",\"name\":\"Secretaria de Cultura\",\"description\":\"S\u00f3 mais um site Prefeitura de Passo Fundo\",\"potentialAction\":[{\"@type\":\"SearchAction\",\"target\":{\"@type\":\"EntryPoint\",\"urlTemplate\":\"https:\/\/www.pmpf.rs.gov.br\/cultura\/?s={search_term_string}\"},\"query-input\":{\"@type\":\"PropertyValueSpecification\",\"valueRequired\":true,\"valueName\":\"search_term_string\"}}],\"inLanguage\":\"pt-BR\"},{\"@type\":\"Person\",\"@id\":\"https:\/\/www.pmpf.rs.gov.br\/cultura\/#\/schema\/person\/30ee1d1bd74da1469b01fcf086e43351\",\"name\":\"andressazorzetto07\",\"image\":{\"@type\":\"ImageObject\",\"inLanguage\":\"pt-BR\",\"@id\":\"https:\/\/www.pmpf.rs.gov.br\/cultura\/#\/schema\/person\/image\/\",\"url\":\"https:\/\/secure.gravatar.com\/avatar\/14c5458ed79dc81da99a13b9ff5f9f19?s=96&d=mm&r=g\",\"contentUrl\":\"https:\/\/secure.gravatar.com\/avatar\/14c5458ed79dc81da99a13b9ff5f9f19?s=96&d=mm&r=g\",\"caption\":\"andressazorzetto07\"},\"url\":\"https:\/\/www.pmpf.rs.gov.br\/cultura\/author\/andressazorzetto07\/\"}]}<\/script>\n<!-- \/ Yoast SEO plugin. -->","yoast_head_json":{"title":"XV Festival Internacional de Folclore de Passo Fundo: primeira noite \u00e9 marcada por emo\u00e7\u00e3o - Secretaria de Cultura","robots":{"index":"index","follow":"follow","max-snippet":"max-snippet:-1","max-image-preview":"max-image-preview:large","max-video-preview":"max-video-preview:-1"},"canonical":"https:\/\/www.pmpf.rs.gov.br\/cultura\/2022\/08\/08\/xv-festival-internacional-de-folclore-de-passo-fundo-primeira-noite-e-marcada-por-emocao\/","og_locale":"pt_BR","og_type":"article","og_title":"XV Festival Internacional de Folclore de Passo Fundo: primeira noite \u00e9 marcada por emo\u00e7\u00e3o - Secretaria de Cultura","og_description":"A festa teve in\u00edcio oficial na noite desta sexta-feira (5) com a presen\u00e7a de 10 grupos, nacionais e internacionais","og_url":"https:\/\/www.pmpf.rs.gov.br\/cultura\/2022\/08\/08\/xv-festival-internacional-de-folclore-de-passo-fundo-primeira-noite-e-marcada-por-emocao\/","og_site_name":"Secretaria de Cultura","article_published_time":"2022-08-08T12:07:16+00:00","article_modified_time":"2022-08-12T12:21:32+00:00","og_image":[{"width":1280,"height":718,"url":"https:\/\/www.pmpf.rs.gov.br\/cultura\/wp-content\/uploads\/sites\/25\/2022\/08\/abertura_festival1.jpg","type":"image\/jpeg"}],"author":"andressazorzetto07","twitter_card":"summary_large_image","twitter_misc":{"Escrito por":"andressazorzetto07","Est. tempo de leitura":"4 minutos"},"schema":{"@context":"https:\/\/schema.org","@graph":[{"@type":"WebPage","@id":"https:\/\/www.pmpf.rs.gov.br\/cultura\/2022\/08\/08\/xv-festival-internacional-de-folclore-de-passo-fundo-primeira-noite-e-marcada-por-emocao\/","url":"https:\/\/www.pmpf.rs.gov.br\/cultura\/2022\/08\/08\/xv-festival-internacional-de-folclore-de-passo-fundo-primeira-noite-e-marcada-por-emocao\/","name":"XV Festival Internacional de Folclore de Passo Fundo: primeira noite \u00e9 marcada por emo\u00e7\u00e3o - Secretaria de Cultura","isPartOf":{"@id":"https:\/\/www.pmpf.rs.gov.br\/cultura\/#website"},"primaryImageOfPage":{"@id":"https:\/\/www.pmpf.rs.gov.br\/cultura\/2022\/08\/08\/xv-festival-internacional-de-folclore-de-passo-fundo-primeira-noite-e-marcada-por-emocao\/#primaryimage"},"image":{"@id":"https:\/\/www.pmpf.rs.gov.br\/cultura\/2022\/08\/08\/xv-festival-internacional-de-folclore-de-passo-fundo-primeira-noite-e-marcada-por-emocao\/#primaryimage"},"thumbnailUrl":"https:\/\/www.pmpf.rs.gov.br\/cultura\/wp-content\/uploads\/sites\/25\/2022\/08\/abertura_festival1.jpg","datePublished":"2022-08-08T12:07:16+00:00","dateModified":"2022-08-12T12:21:32+00:00","author":{"@id":"https:\/\/www.pmpf.rs.gov.br\/cultura\/#\/schema\/person\/30ee1d1bd74da1469b01fcf086e43351"},"inLanguage":"pt-BR","potentialAction":[{"@type":"ReadAction","target":["https:\/\/www.pmpf.rs.gov.br\/cultura\/2022\/08\/08\/xv-festival-internacional-de-folclore-de-passo-fundo-primeira-noite-e-marcada-por-emocao\/"]}]},{"@type":"ImageObject","inLanguage":"pt-BR","@id":"https:\/\/www.pmpf.rs.gov.br\/cultura\/2022\/08\/08\/xv-festival-internacional-de-folclore-de-passo-fundo-primeira-noite-e-marcada-por-emocao\/#primaryimage","url":"https:\/\/www.pmpf.rs.gov.br\/cultura\/wp-content\/uploads\/sites\/25\/2022\/08\/abertura_festival1.jpg","contentUrl":"https:\/\/www.pmpf.rs.gov.br\/cultura\/wp-content\/uploads\/sites\/25\/2022\/08\/abertura_festival1.jpg","width":1280,"height":718},{"@type":"WebSite","@id":"https:\/\/www.pmpf.rs.gov.br\/cultura\/#website","url":"https:\/\/www.pmpf.rs.gov.br\/cultura\/","name":"Secretaria de Cultura","description":"S\u00f3 mais um site Prefeitura de Passo Fundo","potentialAction":[{"@type":"SearchAction","target":{"@type":"EntryPoint","urlTemplate":"https:\/\/www.pmpf.rs.gov.br\/cultura\/?s={search_term_string}"},"query-input":{"@type":"PropertyValueSpecification","valueRequired":true,"valueName":"search_term_string"}}],"inLanguage":"pt-BR"},{"@type":"Person","@id":"https:\/\/www.pmpf.rs.gov.br\/cultura\/#\/schema\/person\/30ee1d1bd74da1469b01fcf086e43351","name":"andressazorzetto07","image":{"@type":"ImageObject","inLanguage":"pt-BR","@id":"https:\/\/www.pmpf.rs.gov.br\/cultura\/#\/schema\/person\/image\/","url":"https:\/\/secure.gravatar.com\/avatar\/14c5458ed79dc81da99a13b9ff5f9f19?s=96&d=mm&r=g","contentUrl":"https:\/\/secure.gravatar.com\/avatar\/14c5458ed79dc81da99a13b9ff5f9f19?s=96&d=mm&r=g","caption":"andressazorzetto07"},"url":"https:\/\/www.pmpf.rs.gov.br\/cultura\/author\/andressazorzetto07\/"}]}},"_links":{"self":[{"href":"https:\/\/www.pmpf.rs.gov.br\/cultura\/wp-json\/wp\/v2\/posts\/3377"}],"collection":[{"href":"https:\/\/www.pmpf.rs.gov.br\/cultura\/wp-json\/wp\/v2\/posts"}],"about":[{"href":"https:\/\/www.pmpf.rs.gov.br\/cultura\/wp-json\/wp\/v2\/types\/post"}],"author":[{"embeddable":true,"href":"https:\/\/www.pmpf.rs.gov.br\/cultura\/wp-json\/wp\/v2\/users\/6"}],"replies":[{"embeddable":true,"href":"https:\/\/www.pmpf.rs.gov.br\/cultura\/wp-json\/wp\/v2\/comments?post=3377"}],"version-history":[{"count":2,"href":"https:\/\/www.pmpf.rs.gov.br\/cultura\/wp-json\/wp\/v2\/posts\/3377\/revisions"}],"predecessor-version":[{"id":3418,"href":"https:\/\/www.pmpf.rs.gov.br\/cultura\/wp-json\/wp\/v2\/posts\/3377\/revisions\/3418"}],"wp:featuredmedia":[{"embeddable":true,"href":"https:\/\/www.pmpf.rs.gov.br\/cultura\/wp-json\/wp\/v2\/media\/3384"}],"wp:attachment":[{"href":"https:\/\/www.pmpf.rs.gov.br\/cultura\/wp-json\/wp\/v2\/media?parent=3377"}],"wp:term":[{"taxonomy":"category","embeddable":true,"href":"https:\/\/www.pmpf.rs.gov.br\/cultura\/wp-json\/wp\/v2\/categories?post=3377"},{"taxonomy":"post_tag","embeddable":true,"href":"https:\/\/www.pmpf.rs.gov.br\/cultura\/wp-json\/wp\/v2\/tags?post=3377"}],"curies":[{"name":"wp","href":"https:\/\/api.w.org\/{rel}","templated":true}]}}