{"id":3324,"date":"2022-07-26T13:42:33","date_gmt":"2022-07-26T16:42:33","guid":{"rendered":"https:\/\/www.pmpf.rs.gov.br\/secretaria-de-cultura\/?p=3324"},"modified":"2022-07-26T16:30:34","modified_gmt":"2022-07-26T19:30:34","slug":"xv-festival-internacional-de-folclore-de-passo-fundo-sera-mais-popular-e-inclusivo","status":"publish","type":"post","link":"https:\/\/www.pmpf.rs.gov.br\/cultura\/2022\/07\/26\/xv-festival-internacional-de-folclore-de-passo-fundo-sera-mais-popular-e-inclusivo\/","title":{"rendered":"XV Festival Internacional de Folclore de Passo Fundo ser\u00e1 mais popular e inclusivo"},"content":{"rendered":"\n<p><\/p>\n\n\n\n<p>O XV Festival Internacional de Folclore de Passo Fundo movimentar\u00e1 a cidade entre os dias 4 e 12 de agosto. Os espet\u00e1culos, que passar\u00e3o pelos bairros e regi\u00e3o central para que toda a comunidade possa prestigiar, contar\u00e3o com 12 grupos. A informa\u00e7\u00e3o foi confirmada pela Secretaria de Cultura durante coletiva de imprensa realizada na manh\u00e3 desta ter\u00e7a-feira (26).<\/p>\n\n\n\n<p>Em breve, chegar\u00e3o \u00e0 cidade grupos da Argentina, Col\u00f4mbia, Camar\u00f5es, Chile, Espanha, Paraguai e Guin\u00e9-Conakry e dos estados do Par\u00e1 e Para\u00edba. Tamb\u00e9m, de Erechim e Iju\u00ed, representando as etnias polonesa e portuguesa, respectivamente.<\/p>\n\n\n\n<p>Para a secret\u00e1ria de Cultura, Miri\u00ea Tedesco, essa conex\u00e3o contribui com o conhecimento sobre as diversas culturas que comp\u00f5em o mundo. \u201cO Festival de Folclore \u00e9 um evento educador por natureza, que possibilita compreender as diferen\u00e7as e entender que cada cidade, estado e pa\u00eds tem suas peculiaridades culturais. \u00c9 um exerc\u00edcio base para a toler\u00e2ncia, a intera\u00e7\u00e3o social e a aceita\u00e7\u00e3o. Para al\u00e9m disso, temos aprendizados sobre a geografia, a hist\u00f3ria e a l\u00edngua. Percebemos como os 30 anos de festival foram importantes para a amplia\u00e7\u00e3o da vis\u00e3o de mundo da comunidade\u201d, destaca.<\/p>\n\n\n\n<p>O XV Festival Internacional de Folclore ter\u00e1 um novo formato, mais popular, inclusivo e estendido. A principal caracter\u00edstica \u00e9 a descentraliza\u00e7\u00e3o dos espet\u00e1culos. Apresenta\u00e7\u00f5es diurnas ser\u00e3o realizadas em quatro escolas municipais, situadas nos bairros Jos\u00e9 Alexandre Zachia, Leonardo Ilha, Santo Ant\u00f4nio e Boqueir\u00e3o. S\u00e3o elas, em ordem: Guaracy Barroso Marinho, Eloy Pinheiro Machado, Romana Gobbi e Notre Dame.<\/p>\n\n\n\n<p>Antes das apresenta\u00e7\u00f5es, por volta de 14h, haver\u00e1 um desfile nas ruas que levam a essas escolas. O Bairro Boqueir\u00e3o receber\u00e1 o espet\u00e1culo no dia 8 de agosto. O Zachia, no dia 9. O Loteamento Santo Ant\u00f4nio ter\u00e1 interven\u00e7\u00f5es no dia 10. J\u00e1 o Leonardo Ilha ser\u00e1 palco de apresenta\u00e7\u00f5es no dia 11.<\/p>\n\n\n\n<p>De acordo com a secret\u00e1ria de Cultura, Miri\u00ea Tedesco, a divis\u00e3o da cidade em quatro quadrantes aproxima as comunidades das manifesta\u00e7\u00f5es culturais. \u201cHaver\u00e1 a expans\u00e3o das atividades para al\u00e9m de um local exclusivo, como era anteriormente. As pessoas poder\u00e3o aproveitar o festival em suas regi\u00f5es, sem grandes deslocamentos. H\u00e1 pessoas que nunca viram um desfile e, levando isso para os bairros, possibilitaremos que elas tenham essa oportunidade\u201d, afirmou.<\/p>\n\n\n\n<p>Haver\u00e1, ainda, espet\u00e1culos diurnos no CTG Lalau Miranda para os alunos de escolas p\u00fablicas e privadas, do munic\u00edpio e da regi\u00e3o, e apresenta\u00e7\u00f5es itinerantes, como no Parque da Gare, programada para o dia 7 de agosto, no anivers\u00e1rio de Passo Fundo. Os tradicionais desfiles na Rua Morom seguir\u00e3o acontecendo, e o primeiro deles ser\u00e1 no dia 4, por volta das 16h.<\/p>\n\n\n\n<p>J\u00e1 os espet\u00e1culos noturnos ser\u00e3o realizados exclusivamente no CTG Lalau Miranda. O inaugural ocorrer\u00e1 no dia 5, a partir das 19h30.<\/p>\n\n\n\n<p>A programa\u00e7\u00e3o completa do XV Festival Internacional de Folclore pode ser acessada em www.pmpf.rs.gov.br\/festival.<\/p>\n\n\n\n<p><\/p>\n\n\n\n<p><strong>Ingressos<br><\/strong>Enquanto os espet\u00e1culos nas escolas e demais espa\u00e7os p\u00fablicos ser\u00e3o abertos e gratuitos a toda comunidade, as noites no CTG Lalau Miranda ter\u00e3o ingresso com pre\u00e7o reduzido. Essa tamb\u00e9m \u00e9 uma proposta para aproximar os passo-fundenses da festa cultural.<\/p>\n\n\n\n<p>Para apresenta\u00e7\u00f5es no CTG, o ingresso ser\u00e1 R$ 20,00 por pessoa. Estudantes, idosos e crian\u00e7as t\u00eam direito \u00e0 meia-entrada. Ou seja, na pr\u00e1tica, grande parte dos ingressos ser\u00e3o vendidos pelo custo de R$ 10.<\/p>\n\n\n\n<p>Alunos e professores das escolas das redes municipal, estadual e privada do munic\u00edpio, mediante agendamento pr\u00e9vio, n\u00e3o pagar\u00e3o a entrada. O agendamento das escolas municipais deve ser feito com a Secretaria Municipal de Educa\u00e7\u00e3o. O das estaduais e privadas, na 7\u00aa Coordenadoria Regional de Educa\u00e7\u00e3o (CRE).<\/p>\n","protected":false},"excerpt":{"rendered":"<p>Festa contar\u00e1 com a participa\u00e7\u00e3o de 12 grupos, de sete pa\u00edses, dois estados brasileiros e duas etnias representadas por munic\u00edpios ga\u00fachos<\/p>\n","protected":false},"author":6,"featured_media":3325,"comment_status":"closed","ping_status":"closed","sticky":true,"template":"","format":"standard","meta":{"footnotes":""},"categories":[14],"tags":[],"class_list":["post-3324","post","type-post","status-publish","format-standard","has-post-thumbnail","hentry","category-festival-internacional-de-folclore"],"yoast_head":"<!-- This site is optimized with the Yoast SEO plugin v23.8 - https:\/\/yoast.com\/wordpress\/plugins\/seo\/ -->\n<title>XV Festival Internacional de Folclore de Passo Fundo ser\u00e1 mais popular e inclusivo - Secretaria de Cultura<\/title>\n<meta name=\"robots\" content=\"index, follow, max-snippet:-1, max-image-preview:large, max-video-preview:-1\" \/>\n<link rel=\"canonical\" href=\"https:\/\/www.pmpf.rs.gov.br\/cultura\/2022\/07\/26\/xv-festival-internacional-de-folclore-de-passo-fundo-sera-mais-popular-e-inclusivo\/\" \/>\n<meta property=\"og:locale\" content=\"pt_BR\" \/>\n<meta property=\"og:type\" content=\"article\" \/>\n<meta property=\"og:title\" content=\"XV Festival Internacional de Folclore de Passo Fundo ser\u00e1 mais popular e inclusivo - Secretaria de Cultura\" \/>\n<meta property=\"og:description\" content=\"Festa contar\u00e1 com a participa\u00e7\u00e3o de 12 grupos, de sete pa\u00edses, dois estados brasileiros e duas etnias representadas por munic\u00edpios ga\u00fachos\" \/>\n<meta property=\"og:url\" content=\"https:\/\/www.pmpf.rs.gov.br\/cultura\/2022\/07\/26\/xv-festival-internacional-de-folclore-de-passo-fundo-sera-mais-popular-e-inclusivo\/\" \/>\n<meta property=\"og:site_name\" content=\"Secretaria de Cultura\" \/>\n<meta property=\"article:published_time\" content=\"2022-07-26T16:42:33+00:00\" \/>\n<meta property=\"article:modified_time\" content=\"2022-07-26T19:30:34+00:00\" \/>\n<meta property=\"og:image\" content=\"https:\/\/www.pmpf.rs.gov.br\/cultura\/wp-content\/uploads\/sites\/25\/2022\/07\/festival-1.jpg\" \/>\n\t<meta property=\"og:image:width\" content=\"935\" \/>\n\t<meta property=\"og:image:height\" content=\"640\" \/>\n\t<meta property=\"og:image:type\" content=\"image\/jpeg\" \/>\n<meta name=\"author\" content=\"andressazorzetto07\" \/>\n<meta name=\"twitter:card\" content=\"summary_large_image\" \/>\n<meta name=\"twitter:label1\" content=\"Escrito por\" \/>\n\t<meta name=\"twitter:data1\" content=\"andressazorzetto07\" \/>\n\t<meta name=\"twitter:label2\" content=\"Est. tempo de leitura\" \/>\n\t<meta name=\"twitter:data2\" content=\"3 minutos\" \/>\n<script type=\"application\/ld+json\" class=\"yoast-schema-graph\">{\"@context\":\"https:\/\/schema.org\",\"@graph\":[{\"@type\":\"WebPage\",\"@id\":\"https:\/\/www.pmpf.rs.gov.br\/cultura\/2022\/07\/26\/xv-festival-internacional-de-folclore-de-passo-fundo-sera-mais-popular-e-inclusivo\/\",\"url\":\"https:\/\/www.pmpf.rs.gov.br\/cultura\/2022\/07\/26\/xv-festival-internacional-de-folclore-de-passo-fundo-sera-mais-popular-e-inclusivo\/\",\"name\":\"XV Festival Internacional de Folclore de Passo Fundo ser\u00e1 mais popular e inclusivo - Secretaria de Cultura\",\"isPartOf\":{\"@id\":\"https:\/\/www.pmpf.rs.gov.br\/cultura\/#website\"},\"primaryImageOfPage\":{\"@id\":\"https:\/\/www.pmpf.rs.gov.br\/cultura\/2022\/07\/26\/xv-festival-internacional-de-folclore-de-passo-fundo-sera-mais-popular-e-inclusivo\/#primaryimage\"},\"image\":{\"@id\":\"https:\/\/www.pmpf.rs.gov.br\/cultura\/2022\/07\/26\/xv-festival-internacional-de-folclore-de-passo-fundo-sera-mais-popular-e-inclusivo\/#primaryimage\"},\"thumbnailUrl\":\"https:\/\/www.pmpf.rs.gov.br\/cultura\/wp-content\/uploads\/sites\/25\/2022\/07\/festival-1.jpg\",\"datePublished\":\"2022-07-26T16:42:33+00:00\",\"dateModified\":\"2022-07-26T19:30:34+00:00\",\"author\":{\"@id\":\"https:\/\/www.pmpf.rs.gov.br\/cultura\/#\/schema\/person\/30ee1d1bd74da1469b01fcf086e43351\"},\"inLanguage\":\"pt-BR\",\"potentialAction\":[{\"@type\":\"ReadAction\",\"target\":[\"https:\/\/www.pmpf.rs.gov.br\/cultura\/2022\/07\/26\/xv-festival-internacional-de-folclore-de-passo-fundo-sera-mais-popular-e-inclusivo\/\"]}]},{\"@type\":\"ImageObject\",\"inLanguage\":\"pt-BR\",\"@id\":\"https:\/\/www.pmpf.rs.gov.br\/cultura\/2022\/07\/26\/xv-festival-internacional-de-folclore-de-passo-fundo-sera-mais-popular-e-inclusivo\/#primaryimage\",\"url\":\"https:\/\/www.pmpf.rs.gov.br\/cultura\/wp-content\/uploads\/sites\/25\/2022\/07\/festival-1.jpg\",\"contentUrl\":\"https:\/\/www.pmpf.rs.gov.br\/cultura\/wp-content\/uploads\/sites\/25\/2022\/07\/festival-1.jpg\",\"width\":935,\"height\":640},{\"@type\":\"WebSite\",\"@id\":\"https:\/\/www.pmpf.rs.gov.br\/cultura\/#website\",\"url\":\"https:\/\/www.pmpf.rs.gov.br\/cultura\/\",\"name\":\"Secretaria de Cultura\",\"description\":\"S\u00f3 mais um site Prefeitura de Passo Fundo\",\"potentialAction\":[{\"@type\":\"SearchAction\",\"target\":{\"@type\":\"EntryPoint\",\"urlTemplate\":\"https:\/\/www.pmpf.rs.gov.br\/cultura\/?s={search_term_string}\"},\"query-input\":{\"@type\":\"PropertyValueSpecification\",\"valueRequired\":true,\"valueName\":\"search_term_string\"}}],\"inLanguage\":\"pt-BR\"},{\"@type\":\"Person\",\"@id\":\"https:\/\/www.pmpf.rs.gov.br\/cultura\/#\/schema\/person\/30ee1d1bd74da1469b01fcf086e43351\",\"name\":\"andressazorzetto07\",\"image\":{\"@type\":\"ImageObject\",\"inLanguage\":\"pt-BR\",\"@id\":\"https:\/\/www.pmpf.rs.gov.br\/cultura\/#\/schema\/person\/image\/\",\"url\":\"https:\/\/secure.gravatar.com\/avatar\/14c5458ed79dc81da99a13b9ff5f9f19?s=96&d=mm&r=g\",\"contentUrl\":\"https:\/\/secure.gravatar.com\/avatar\/14c5458ed79dc81da99a13b9ff5f9f19?s=96&d=mm&r=g\",\"caption\":\"andressazorzetto07\"},\"url\":\"https:\/\/www.pmpf.rs.gov.br\/cultura\/author\/andressazorzetto07\/\"}]}<\/script>\n<!-- \/ Yoast SEO plugin. -->","yoast_head_json":{"title":"XV Festival Internacional de Folclore de Passo Fundo ser\u00e1 mais popular e inclusivo - Secretaria de Cultura","robots":{"index":"index","follow":"follow","max-snippet":"max-snippet:-1","max-image-preview":"max-image-preview:large","max-video-preview":"max-video-preview:-1"},"canonical":"https:\/\/www.pmpf.rs.gov.br\/cultura\/2022\/07\/26\/xv-festival-internacional-de-folclore-de-passo-fundo-sera-mais-popular-e-inclusivo\/","og_locale":"pt_BR","og_type":"article","og_title":"XV Festival Internacional de Folclore de Passo Fundo ser\u00e1 mais popular e inclusivo - Secretaria de Cultura","og_description":"Festa contar\u00e1 com a participa\u00e7\u00e3o de 12 grupos, de sete pa\u00edses, dois estados brasileiros e duas etnias representadas por munic\u00edpios ga\u00fachos","og_url":"https:\/\/www.pmpf.rs.gov.br\/cultura\/2022\/07\/26\/xv-festival-internacional-de-folclore-de-passo-fundo-sera-mais-popular-e-inclusivo\/","og_site_name":"Secretaria de Cultura","article_published_time":"2022-07-26T16:42:33+00:00","article_modified_time":"2022-07-26T19:30:34+00:00","og_image":[{"width":935,"height":640,"url":"https:\/\/www.pmpf.rs.gov.br\/cultura\/wp-content\/uploads\/sites\/25\/2022\/07\/festival-1.jpg","type":"image\/jpeg"}],"author":"andressazorzetto07","twitter_card":"summary_large_image","twitter_misc":{"Escrito por":"andressazorzetto07","Est. tempo de leitura":"3 minutos"},"schema":{"@context":"https:\/\/schema.org","@graph":[{"@type":"WebPage","@id":"https:\/\/www.pmpf.rs.gov.br\/cultura\/2022\/07\/26\/xv-festival-internacional-de-folclore-de-passo-fundo-sera-mais-popular-e-inclusivo\/","url":"https:\/\/www.pmpf.rs.gov.br\/cultura\/2022\/07\/26\/xv-festival-internacional-de-folclore-de-passo-fundo-sera-mais-popular-e-inclusivo\/","name":"XV Festival Internacional de Folclore de Passo Fundo ser\u00e1 mais popular e inclusivo - Secretaria de Cultura","isPartOf":{"@id":"https:\/\/www.pmpf.rs.gov.br\/cultura\/#website"},"primaryImageOfPage":{"@id":"https:\/\/www.pmpf.rs.gov.br\/cultura\/2022\/07\/26\/xv-festival-internacional-de-folclore-de-passo-fundo-sera-mais-popular-e-inclusivo\/#primaryimage"},"image":{"@id":"https:\/\/www.pmpf.rs.gov.br\/cultura\/2022\/07\/26\/xv-festival-internacional-de-folclore-de-passo-fundo-sera-mais-popular-e-inclusivo\/#primaryimage"},"thumbnailUrl":"https:\/\/www.pmpf.rs.gov.br\/cultura\/wp-content\/uploads\/sites\/25\/2022\/07\/festival-1.jpg","datePublished":"2022-07-26T16:42:33+00:00","dateModified":"2022-07-26T19:30:34+00:00","author":{"@id":"https:\/\/www.pmpf.rs.gov.br\/cultura\/#\/schema\/person\/30ee1d1bd74da1469b01fcf086e43351"},"inLanguage":"pt-BR","potentialAction":[{"@type":"ReadAction","target":["https:\/\/www.pmpf.rs.gov.br\/cultura\/2022\/07\/26\/xv-festival-internacional-de-folclore-de-passo-fundo-sera-mais-popular-e-inclusivo\/"]}]},{"@type":"ImageObject","inLanguage":"pt-BR","@id":"https:\/\/www.pmpf.rs.gov.br\/cultura\/2022\/07\/26\/xv-festival-internacional-de-folclore-de-passo-fundo-sera-mais-popular-e-inclusivo\/#primaryimage","url":"https:\/\/www.pmpf.rs.gov.br\/cultura\/wp-content\/uploads\/sites\/25\/2022\/07\/festival-1.jpg","contentUrl":"https:\/\/www.pmpf.rs.gov.br\/cultura\/wp-content\/uploads\/sites\/25\/2022\/07\/festival-1.jpg","width":935,"height":640},{"@type":"WebSite","@id":"https:\/\/www.pmpf.rs.gov.br\/cultura\/#website","url":"https:\/\/www.pmpf.rs.gov.br\/cultura\/","name":"Secretaria de Cultura","description":"S\u00f3 mais um site Prefeitura de Passo Fundo","potentialAction":[{"@type":"SearchAction","target":{"@type":"EntryPoint","urlTemplate":"https:\/\/www.pmpf.rs.gov.br\/cultura\/?s={search_term_string}"},"query-input":{"@type":"PropertyValueSpecification","valueRequired":true,"valueName":"search_term_string"}}],"inLanguage":"pt-BR"},{"@type":"Person","@id":"https:\/\/www.pmpf.rs.gov.br\/cultura\/#\/schema\/person\/30ee1d1bd74da1469b01fcf086e43351","name":"andressazorzetto07","image":{"@type":"ImageObject","inLanguage":"pt-BR","@id":"https:\/\/www.pmpf.rs.gov.br\/cultura\/#\/schema\/person\/image\/","url":"https:\/\/secure.gravatar.com\/avatar\/14c5458ed79dc81da99a13b9ff5f9f19?s=96&d=mm&r=g","contentUrl":"https:\/\/secure.gravatar.com\/avatar\/14c5458ed79dc81da99a13b9ff5f9f19?s=96&d=mm&r=g","caption":"andressazorzetto07"},"url":"https:\/\/www.pmpf.rs.gov.br\/cultura\/author\/andressazorzetto07\/"}]}},"_links":{"self":[{"href":"https:\/\/www.pmpf.rs.gov.br\/cultura\/wp-json\/wp\/v2\/posts\/3324"}],"collection":[{"href":"https:\/\/www.pmpf.rs.gov.br\/cultura\/wp-json\/wp\/v2\/posts"}],"about":[{"href":"https:\/\/www.pmpf.rs.gov.br\/cultura\/wp-json\/wp\/v2\/types\/post"}],"author":[{"embeddable":true,"href":"https:\/\/www.pmpf.rs.gov.br\/cultura\/wp-json\/wp\/v2\/users\/6"}],"replies":[{"embeddable":true,"href":"https:\/\/www.pmpf.rs.gov.br\/cultura\/wp-json\/wp\/v2\/comments?post=3324"}],"version-history":[{"count":3,"href":"https:\/\/www.pmpf.rs.gov.br\/cultura\/wp-json\/wp\/v2\/posts\/3324\/revisions"}],"predecessor-version":[{"id":3330,"href":"https:\/\/www.pmpf.rs.gov.br\/cultura\/wp-json\/wp\/v2\/posts\/3324\/revisions\/3330"}],"wp:featuredmedia":[{"embeddable":true,"href":"https:\/\/www.pmpf.rs.gov.br\/cultura\/wp-json\/wp\/v2\/media\/3325"}],"wp:attachment":[{"href":"https:\/\/www.pmpf.rs.gov.br\/cultura\/wp-json\/wp\/v2\/media?parent=3324"}],"wp:term":[{"taxonomy":"category","embeddable":true,"href":"https:\/\/www.pmpf.rs.gov.br\/cultura\/wp-json\/wp\/v2\/categories?post=3324"},{"taxonomy":"post_tag","embeddable":true,"href":"https:\/\/www.pmpf.rs.gov.br\/cultura\/wp-json\/wp\/v2\/tags?post=3324"}],"curies":[{"name":"wp","href":"https:\/\/api.w.org\/{rel}","templated":true}]}}