{"id":3289,"date":"2022-06-22T16:31:07","date_gmt":"2022-06-22T19:31:07","guid":{"rendered":"https:\/\/www.pmpf.rs.gov.br\/secretaria-de-cultura\/?p=3289"},"modified":"2022-06-22T16:31:08","modified_gmt":"2022-06-22T19:31:08","slug":"pedro-neves-fara-show-nesta-quinta-feira-no-teatro-mucio-de-castro","status":"publish","type":"post","link":"https:\/\/www.pmpf.rs.gov.br\/cultura\/2022\/06\/22\/pedro-neves-fara-show-nesta-quinta-feira-no-teatro-mucio-de-castro\/","title":{"rendered":"Pedro Neves far\u00e1 show nesta quinta-feira, no Teatro M\u00facio de Castro"},"content":{"rendered":"\n<p><\/p>\n\n\n\n<p>Nesta quinta-feira (23), o Teatro M\u00facio de Castro ser\u00e1 palco de uma apresenta\u00e7\u00e3o do int\u00e9rprete, cantor e compositor Pedro Neves. O show faz parte do projeto da Prefeitura \u201cPara Sempre na Mem\u00f3ria\u201d. O evento iniciar\u00e1 \u00e0s 19h30 e ter\u00e1 a entrada gratuita.<\/p>\n\n\n\n<p>A secret\u00e1ria de Cultura, Miri\u00ea Tedesco, enfatiza a proposta do projeto e a sua import\u00e2ncia para a cidade. \u201cEssa ideia de trazer os artistas que fazem parte da hist\u00f3ria da m\u00fasica para apresentarem-se no espa\u00e7o nobre que \u00e9 o Teatro M\u00facio de Castro tem o prop\u00f3sito de valorizar esses m\u00fasicos e oportunizar que antigos admiradores tenham a oportunidade de reviver as boas experi\u00eancias por eles proporcionadas\u201d, afirma.<\/p>\n\n\n\n<p>O &#8220;Para Sempre na Mem\u00f3ria&#8221; \u00e9 um festival musical que faz parte da programa\u00e7\u00e3o institucional para a fundamenta\u00e7\u00e3o do selo \u201cPasso Fundo, Cidade dos Festivais\u201d e pretende homenagear artistas passo-fundenses de diversos estilos, forma\u00e7\u00f5es c\u00eanicas e abordagens musicais. Subir\u00e3o ao palco m\u00fasicos com contribui\u00e7\u00e3o relevante e comprovada pelos relatos da comunidade. Os encontros ser\u00e3o sempre em noites de quintas-feiras, e as datas ser\u00e3o divulgadas com anteced\u00eancia.<\/p>\n\n\n\n<p>Nesta primeira etapa, o festival j\u00e1 levou ao Teatro M\u00facio de Castro o artista Ricardo Camargo e Miguel Pereira e os Tropeiros de Passo Fundo. Al\u00e9m de Pedro Neves, tamb\u00e9m tem prevista a apresenta\u00e7\u00e3o de Volmar Santos.<\/p>\n","protected":false},"excerpt":{"rendered":"<p>Apresenta\u00e7\u00e3o faz parte do projeto da Prefeitura &#8220;Para Sempre na Mem\u00f3ria&#8221;. A entrada ser\u00e1 gratuita<\/p>\n","protected":false},"author":6,"featured_media":0,"comment_status":"closed","ping_status":"closed","sticky":true,"template":"","format":"standard","meta":{"footnotes":""},"categories":[1],"tags":[],"class_list":["post-3289","post","type-post","status-publish","format-standard","hentry","category-sem-categoria"],"yoast_head":"<!-- This site is optimized with the Yoast SEO plugin v23.8 - https:\/\/yoast.com\/wordpress\/plugins\/seo\/ -->\n<title>Pedro Neves far\u00e1 show nesta quinta-feira, no Teatro M\u00facio de Castro - Secretaria de Cultura<\/title>\n<meta name=\"robots\" content=\"index, follow, max-snippet:-1, max-image-preview:large, max-video-preview:-1\" \/>\n<link rel=\"canonical\" href=\"https:\/\/www.pmpf.rs.gov.br\/cultura\/2022\/06\/22\/pedro-neves-fara-show-nesta-quinta-feira-no-teatro-mucio-de-castro\/\" \/>\n<meta property=\"og:locale\" content=\"pt_BR\" \/>\n<meta property=\"og:type\" content=\"article\" \/>\n<meta property=\"og:title\" content=\"Pedro Neves far\u00e1 show nesta quinta-feira, no Teatro M\u00facio de Castro - Secretaria de Cultura\" \/>\n<meta property=\"og:description\" content=\"Apresenta\u00e7\u00e3o faz parte do projeto da Prefeitura &quot;Para Sempre na Mem\u00f3ria&quot;. A entrada ser\u00e1 gratuita\" \/>\n<meta property=\"og:url\" content=\"https:\/\/www.pmpf.rs.gov.br\/cultura\/2022\/06\/22\/pedro-neves-fara-show-nesta-quinta-feira-no-teatro-mucio-de-castro\/\" \/>\n<meta property=\"og:site_name\" content=\"Secretaria de Cultura\" \/>\n<meta property=\"article:published_time\" content=\"2022-06-22T19:31:07+00:00\" \/>\n<meta property=\"article:modified_time\" content=\"2022-06-22T19:31:08+00:00\" \/>\n<meta name=\"author\" content=\"andressazorzetto07\" \/>\n<meta name=\"twitter:card\" content=\"summary_large_image\" \/>\n<meta name=\"twitter:label1\" content=\"Escrito por\" \/>\n\t<meta name=\"twitter:data1\" content=\"andressazorzetto07\" \/>\n\t<meta name=\"twitter:label2\" content=\"Est. tempo de leitura\" \/>\n\t<meta name=\"twitter:data2\" content=\"1 minuto\" \/>\n<script type=\"application\/ld+json\" class=\"yoast-schema-graph\">{\"@context\":\"https:\/\/schema.org\",\"@graph\":[{\"@type\":\"WebPage\",\"@id\":\"https:\/\/www.pmpf.rs.gov.br\/cultura\/2022\/06\/22\/pedro-neves-fara-show-nesta-quinta-feira-no-teatro-mucio-de-castro\/\",\"url\":\"https:\/\/www.pmpf.rs.gov.br\/cultura\/2022\/06\/22\/pedro-neves-fara-show-nesta-quinta-feira-no-teatro-mucio-de-castro\/\",\"name\":\"Pedro Neves far\u00e1 show nesta quinta-feira, no Teatro M\u00facio de Castro - Secretaria de Cultura\",\"isPartOf\":{\"@id\":\"https:\/\/www.pmpf.rs.gov.br\/cultura\/#website\"},\"datePublished\":\"2022-06-22T19:31:07+00:00\",\"dateModified\":\"2022-06-22T19:31:08+00:00\",\"author\":{\"@id\":\"https:\/\/www.pmpf.rs.gov.br\/cultura\/#\/schema\/person\/30ee1d1bd74da1469b01fcf086e43351\"},\"inLanguage\":\"pt-BR\",\"potentialAction\":[{\"@type\":\"ReadAction\",\"target\":[\"https:\/\/www.pmpf.rs.gov.br\/cultura\/2022\/06\/22\/pedro-neves-fara-show-nesta-quinta-feira-no-teatro-mucio-de-castro\/\"]}]},{\"@type\":\"WebSite\",\"@id\":\"https:\/\/www.pmpf.rs.gov.br\/cultura\/#website\",\"url\":\"https:\/\/www.pmpf.rs.gov.br\/cultura\/\",\"name\":\"Secretaria de Cultura\",\"description\":\"S\u00f3 mais um site Prefeitura de Passo Fundo\",\"potentialAction\":[{\"@type\":\"SearchAction\",\"target\":{\"@type\":\"EntryPoint\",\"urlTemplate\":\"https:\/\/www.pmpf.rs.gov.br\/cultura\/?s={search_term_string}\"},\"query-input\":{\"@type\":\"PropertyValueSpecification\",\"valueRequired\":true,\"valueName\":\"search_term_string\"}}],\"inLanguage\":\"pt-BR\"},{\"@type\":\"Person\",\"@id\":\"https:\/\/www.pmpf.rs.gov.br\/cultura\/#\/schema\/person\/30ee1d1bd74da1469b01fcf086e43351\",\"name\":\"andressazorzetto07\",\"image\":{\"@type\":\"ImageObject\",\"inLanguage\":\"pt-BR\",\"@id\":\"https:\/\/www.pmpf.rs.gov.br\/cultura\/#\/schema\/person\/image\/\",\"url\":\"https:\/\/secure.gravatar.com\/avatar\/14c5458ed79dc81da99a13b9ff5f9f19?s=96&d=mm&r=g\",\"contentUrl\":\"https:\/\/secure.gravatar.com\/avatar\/14c5458ed79dc81da99a13b9ff5f9f19?s=96&d=mm&r=g\",\"caption\":\"andressazorzetto07\"},\"url\":\"https:\/\/www.pmpf.rs.gov.br\/cultura\/author\/andressazorzetto07\/\"}]}<\/script>\n<!-- \/ Yoast SEO plugin. -->","yoast_head_json":{"title":"Pedro Neves far\u00e1 show nesta quinta-feira, no Teatro M\u00facio de Castro - Secretaria de Cultura","robots":{"index":"index","follow":"follow","max-snippet":"max-snippet:-1","max-image-preview":"max-image-preview:large","max-video-preview":"max-video-preview:-1"},"canonical":"https:\/\/www.pmpf.rs.gov.br\/cultura\/2022\/06\/22\/pedro-neves-fara-show-nesta-quinta-feira-no-teatro-mucio-de-castro\/","og_locale":"pt_BR","og_type":"article","og_title":"Pedro Neves far\u00e1 show nesta quinta-feira, no Teatro M\u00facio de Castro - Secretaria de Cultura","og_description":"Apresenta\u00e7\u00e3o faz parte do projeto da Prefeitura \"Para Sempre na Mem\u00f3ria\". A entrada ser\u00e1 gratuita","og_url":"https:\/\/www.pmpf.rs.gov.br\/cultura\/2022\/06\/22\/pedro-neves-fara-show-nesta-quinta-feira-no-teatro-mucio-de-castro\/","og_site_name":"Secretaria de Cultura","article_published_time":"2022-06-22T19:31:07+00:00","article_modified_time":"2022-06-22T19:31:08+00:00","author":"andressazorzetto07","twitter_card":"summary_large_image","twitter_misc":{"Escrito por":"andressazorzetto07","Est. tempo de leitura":"1 minuto"},"schema":{"@context":"https:\/\/schema.org","@graph":[{"@type":"WebPage","@id":"https:\/\/www.pmpf.rs.gov.br\/cultura\/2022\/06\/22\/pedro-neves-fara-show-nesta-quinta-feira-no-teatro-mucio-de-castro\/","url":"https:\/\/www.pmpf.rs.gov.br\/cultura\/2022\/06\/22\/pedro-neves-fara-show-nesta-quinta-feira-no-teatro-mucio-de-castro\/","name":"Pedro Neves far\u00e1 show nesta quinta-feira, no Teatro M\u00facio de Castro - Secretaria de Cultura","isPartOf":{"@id":"https:\/\/www.pmpf.rs.gov.br\/cultura\/#website"},"datePublished":"2022-06-22T19:31:07+00:00","dateModified":"2022-06-22T19:31:08+00:00","author":{"@id":"https:\/\/www.pmpf.rs.gov.br\/cultura\/#\/schema\/person\/30ee1d1bd74da1469b01fcf086e43351"},"inLanguage":"pt-BR","potentialAction":[{"@type":"ReadAction","target":["https:\/\/www.pmpf.rs.gov.br\/cultura\/2022\/06\/22\/pedro-neves-fara-show-nesta-quinta-feira-no-teatro-mucio-de-castro\/"]}]},{"@type":"WebSite","@id":"https:\/\/www.pmpf.rs.gov.br\/cultura\/#website","url":"https:\/\/www.pmpf.rs.gov.br\/cultura\/","name":"Secretaria de Cultura","description":"S\u00f3 mais um site Prefeitura de Passo Fundo","potentialAction":[{"@type":"SearchAction","target":{"@type":"EntryPoint","urlTemplate":"https:\/\/www.pmpf.rs.gov.br\/cultura\/?s={search_term_string}"},"query-input":{"@type":"PropertyValueSpecification","valueRequired":true,"valueName":"search_term_string"}}],"inLanguage":"pt-BR"},{"@type":"Person","@id":"https:\/\/www.pmpf.rs.gov.br\/cultura\/#\/schema\/person\/30ee1d1bd74da1469b01fcf086e43351","name":"andressazorzetto07","image":{"@type":"ImageObject","inLanguage":"pt-BR","@id":"https:\/\/www.pmpf.rs.gov.br\/cultura\/#\/schema\/person\/image\/","url":"https:\/\/secure.gravatar.com\/avatar\/14c5458ed79dc81da99a13b9ff5f9f19?s=96&d=mm&r=g","contentUrl":"https:\/\/secure.gravatar.com\/avatar\/14c5458ed79dc81da99a13b9ff5f9f19?s=96&d=mm&r=g","caption":"andressazorzetto07"},"url":"https:\/\/www.pmpf.rs.gov.br\/cultura\/author\/andressazorzetto07\/"}]}},"_links":{"self":[{"href":"https:\/\/www.pmpf.rs.gov.br\/cultura\/wp-json\/wp\/v2\/posts\/3289"}],"collection":[{"href":"https:\/\/www.pmpf.rs.gov.br\/cultura\/wp-json\/wp\/v2\/posts"}],"about":[{"href":"https:\/\/www.pmpf.rs.gov.br\/cultura\/wp-json\/wp\/v2\/types\/post"}],"author":[{"embeddable":true,"href":"https:\/\/www.pmpf.rs.gov.br\/cultura\/wp-json\/wp\/v2\/users\/6"}],"replies":[{"embeddable":true,"href":"https:\/\/www.pmpf.rs.gov.br\/cultura\/wp-json\/wp\/v2\/comments?post=3289"}],"version-history":[{"count":1,"href":"https:\/\/www.pmpf.rs.gov.br\/cultura\/wp-json\/wp\/v2\/posts\/3289\/revisions"}],"predecessor-version":[{"id":3290,"href":"https:\/\/www.pmpf.rs.gov.br\/cultura\/wp-json\/wp\/v2\/posts\/3289\/revisions\/3290"}],"wp:attachment":[{"href":"https:\/\/www.pmpf.rs.gov.br\/cultura\/wp-json\/wp\/v2\/media?parent=3289"}],"wp:term":[{"taxonomy":"category","embeddable":true,"href":"https:\/\/www.pmpf.rs.gov.br\/cultura\/wp-json\/wp\/v2\/categories?post=3289"},{"taxonomy":"post_tag","embeddable":true,"href":"https:\/\/www.pmpf.rs.gov.br\/cultura\/wp-json\/wp\/v2\/tags?post=3289"}],"curies":[{"name":"wp","href":"https:\/\/api.w.org\/{rel}","templated":true}]}}