{"id":3287,"date":"2022-06-21T16:01:16","date_gmt":"2022-06-21T19:01:16","guid":{"rendered":"https:\/\/www.pmpf.rs.gov.br\/secretaria-de-cultura\/?p=3287"},"modified":"2022-06-21T16:01:16","modified_gmt":"2022-06-21T19:01:16","slug":"prefeitura-seleciona-voluntarios-para-o-festival-internacional-de-folclore","status":"publish","type":"post","link":"https:\/\/www.pmpf.rs.gov.br\/cultura\/2022\/06\/21\/prefeitura-seleciona-voluntarios-para-o-festival-internacional-de-folclore\/","title":{"rendered":"Prefeitura seleciona volunt\u00e1rios para o Festival Internacional de Folclore"},"content":{"rendered":"\n<p><br>A Prefeitura de Passo Fundo est\u00e1 selecionando volunt\u00e1rios para o XV Festival Internacional de Folclore, que acontecer\u00e1 entre 04 e 12 de agosto. As inscri\u00e7\u00f5es poder\u00e3o ser realizadas at\u00e9 o dia 28 de junho, por meio do link <a href=\"https:\/\/forms.gle\/4VxNe9xNoKZf6WQL6\">https:\/\/forms.gle\/4VxNe9xNoKZf6WQL6<\/a> \u00a0ou em contato com a Secretaria de Cultura, pelo telefone (54) 3312-3656.<\/p>\n\n\n\n<p>O Festival acontecer\u00e1 durante a programa\u00e7\u00e3o alusiva aos 165 anos do Munic\u00edpio. A edi\u00e7\u00e3o ter\u00e1 um novo formato, com os espet\u00e1culos acontecendo no CTG Lalau Miranda durante as noites e em quatro escolas municipais ao longo dos dias. Al\u00e9m disso, haver\u00e1 apresenta\u00e7\u00f5es no anfiteatro do Parque da Gare e na Esta\u00e7\u00e3o Gastron\u00f4mica.<\/p>\n\n\n\n<p>A programa\u00e7\u00e3o completa do XV Festival Internacional de Folclore pode ser acessada em www.pmpf.rs.gov.br\/festival.<\/p>\n","protected":false},"excerpt":{"rendered":"<p>As inscri\u00e7\u00f5es poder\u00e3o ser realizadas at\u00e9 o dia 28 de junho<\/p>\n","protected":false},"author":6,"featured_media":0,"comment_status":"closed","ping_status":"closed","sticky":true,"template":"","format":"standard","meta":{"footnotes":""},"categories":[14],"tags":[],"class_list":["post-3287","post","type-post","status-publish","format-standard","hentry","category-festival-internacional-de-folclore"],"yoast_head":"<!-- This site is optimized with the Yoast SEO plugin v23.8 - https:\/\/yoast.com\/wordpress\/plugins\/seo\/ -->\n<title>Prefeitura seleciona volunt\u00e1rios para o Festival Internacional de Folclore - Secretaria de Cultura<\/title>\n<meta name=\"robots\" content=\"index, follow, max-snippet:-1, max-image-preview:large, max-video-preview:-1\" \/>\n<link rel=\"canonical\" href=\"https:\/\/www.pmpf.rs.gov.br\/cultura\/2022\/06\/21\/prefeitura-seleciona-voluntarios-para-o-festival-internacional-de-folclore\/\" \/>\n<meta property=\"og:locale\" content=\"pt_BR\" \/>\n<meta property=\"og:type\" content=\"article\" \/>\n<meta property=\"og:title\" content=\"Prefeitura seleciona volunt\u00e1rios para o Festival Internacional de Folclore - Secretaria de Cultura\" \/>\n<meta property=\"og:description\" content=\"As inscri\u00e7\u00f5es poder\u00e3o ser realizadas at\u00e9 o dia 28 de junho\" \/>\n<meta property=\"og:url\" content=\"https:\/\/www.pmpf.rs.gov.br\/cultura\/2022\/06\/21\/prefeitura-seleciona-voluntarios-para-o-festival-internacional-de-folclore\/\" \/>\n<meta property=\"og:site_name\" content=\"Secretaria de Cultura\" \/>\n<meta property=\"article:published_time\" content=\"2022-06-21T19:01:16+00:00\" \/>\n<meta name=\"author\" content=\"andressazorzetto07\" \/>\n<meta name=\"twitter:card\" content=\"summary_large_image\" \/>\n<meta name=\"twitter:label1\" content=\"Escrito por\" \/>\n\t<meta name=\"twitter:data1\" content=\"andressazorzetto07\" \/>\n\t<meta name=\"twitter:label2\" content=\"Est. tempo de leitura\" \/>\n\t<meta name=\"twitter:data2\" content=\"1 minuto\" \/>\n<script type=\"application\/ld+json\" class=\"yoast-schema-graph\">{\"@context\":\"https:\/\/schema.org\",\"@graph\":[{\"@type\":\"WebPage\",\"@id\":\"https:\/\/www.pmpf.rs.gov.br\/cultura\/2022\/06\/21\/prefeitura-seleciona-voluntarios-para-o-festival-internacional-de-folclore\/\",\"url\":\"https:\/\/www.pmpf.rs.gov.br\/cultura\/2022\/06\/21\/prefeitura-seleciona-voluntarios-para-o-festival-internacional-de-folclore\/\",\"name\":\"Prefeitura seleciona volunt\u00e1rios para o Festival Internacional de Folclore - Secretaria de Cultura\",\"isPartOf\":{\"@id\":\"https:\/\/www.pmpf.rs.gov.br\/cultura\/#website\"},\"datePublished\":\"2022-06-21T19:01:16+00:00\",\"dateModified\":\"2022-06-21T19:01:16+00:00\",\"author\":{\"@id\":\"https:\/\/www.pmpf.rs.gov.br\/cultura\/#\/schema\/person\/30ee1d1bd74da1469b01fcf086e43351\"},\"inLanguage\":\"pt-BR\",\"potentialAction\":[{\"@type\":\"ReadAction\",\"target\":[\"https:\/\/www.pmpf.rs.gov.br\/cultura\/2022\/06\/21\/prefeitura-seleciona-voluntarios-para-o-festival-internacional-de-folclore\/\"]}]},{\"@type\":\"WebSite\",\"@id\":\"https:\/\/www.pmpf.rs.gov.br\/cultura\/#website\",\"url\":\"https:\/\/www.pmpf.rs.gov.br\/cultura\/\",\"name\":\"Secretaria de Cultura\",\"description\":\"S\u00f3 mais um site Prefeitura de Passo Fundo\",\"potentialAction\":[{\"@type\":\"SearchAction\",\"target\":{\"@type\":\"EntryPoint\",\"urlTemplate\":\"https:\/\/www.pmpf.rs.gov.br\/cultura\/?s={search_term_string}\"},\"query-input\":{\"@type\":\"PropertyValueSpecification\",\"valueRequired\":true,\"valueName\":\"search_term_string\"}}],\"inLanguage\":\"pt-BR\"},{\"@type\":\"Person\",\"@id\":\"https:\/\/www.pmpf.rs.gov.br\/cultura\/#\/schema\/person\/30ee1d1bd74da1469b01fcf086e43351\",\"name\":\"andressazorzetto07\",\"image\":{\"@type\":\"ImageObject\",\"inLanguage\":\"pt-BR\",\"@id\":\"https:\/\/www.pmpf.rs.gov.br\/cultura\/#\/schema\/person\/image\/\",\"url\":\"https:\/\/secure.gravatar.com\/avatar\/14c5458ed79dc81da99a13b9ff5f9f19?s=96&d=mm&r=g\",\"contentUrl\":\"https:\/\/secure.gravatar.com\/avatar\/14c5458ed79dc81da99a13b9ff5f9f19?s=96&d=mm&r=g\",\"caption\":\"andressazorzetto07\"},\"url\":\"https:\/\/www.pmpf.rs.gov.br\/cultura\/author\/andressazorzetto07\/\"}]}<\/script>\n<!-- \/ Yoast SEO plugin. -->","yoast_head_json":{"title":"Prefeitura seleciona volunt\u00e1rios para o Festival Internacional de Folclore - Secretaria de Cultura","robots":{"index":"index","follow":"follow","max-snippet":"max-snippet:-1","max-image-preview":"max-image-preview:large","max-video-preview":"max-video-preview:-1"},"canonical":"https:\/\/www.pmpf.rs.gov.br\/cultura\/2022\/06\/21\/prefeitura-seleciona-voluntarios-para-o-festival-internacional-de-folclore\/","og_locale":"pt_BR","og_type":"article","og_title":"Prefeitura seleciona volunt\u00e1rios para o Festival Internacional de Folclore - Secretaria de Cultura","og_description":"As inscri\u00e7\u00f5es poder\u00e3o ser realizadas at\u00e9 o dia 28 de junho","og_url":"https:\/\/www.pmpf.rs.gov.br\/cultura\/2022\/06\/21\/prefeitura-seleciona-voluntarios-para-o-festival-internacional-de-folclore\/","og_site_name":"Secretaria de Cultura","article_published_time":"2022-06-21T19:01:16+00:00","author":"andressazorzetto07","twitter_card":"summary_large_image","twitter_misc":{"Escrito por":"andressazorzetto07","Est. tempo de leitura":"1 minuto"},"schema":{"@context":"https:\/\/schema.org","@graph":[{"@type":"WebPage","@id":"https:\/\/www.pmpf.rs.gov.br\/cultura\/2022\/06\/21\/prefeitura-seleciona-voluntarios-para-o-festival-internacional-de-folclore\/","url":"https:\/\/www.pmpf.rs.gov.br\/cultura\/2022\/06\/21\/prefeitura-seleciona-voluntarios-para-o-festival-internacional-de-folclore\/","name":"Prefeitura seleciona volunt\u00e1rios para o Festival Internacional de Folclore - Secretaria de Cultura","isPartOf":{"@id":"https:\/\/www.pmpf.rs.gov.br\/cultura\/#website"},"datePublished":"2022-06-21T19:01:16+00:00","dateModified":"2022-06-21T19:01:16+00:00","author":{"@id":"https:\/\/www.pmpf.rs.gov.br\/cultura\/#\/schema\/person\/30ee1d1bd74da1469b01fcf086e43351"},"inLanguage":"pt-BR","potentialAction":[{"@type":"ReadAction","target":["https:\/\/www.pmpf.rs.gov.br\/cultura\/2022\/06\/21\/prefeitura-seleciona-voluntarios-para-o-festival-internacional-de-folclore\/"]}]},{"@type":"WebSite","@id":"https:\/\/www.pmpf.rs.gov.br\/cultura\/#website","url":"https:\/\/www.pmpf.rs.gov.br\/cultura\/","name":"Secretaria de Cultura","description":"S\u00f3 mais um site Prefeitura de Passo Fundo","potentialAction":[{"@type":"SearchAction","target":{"@type":"EntryPoint","urlTemplate":"https:\/\/www.pmpf.rs.gov.br\/cultura\/?s={search_term_string}"},"query-input":{"@type":"PropertyValueSpecification","valueRequired":true,"valueName":"search_term_string"}}],"inLanguage":"pt-BR"},{"@type":"Person","@id":"https:\/\/www.pmpf.rs.gov.br\/cultura\/#\/schema\/person\/30ee1d1bd74da1469b01fcf086e43351","name":"andressazorzetto07","image":{"@type":"ImageObject","inLanguage":"pt-BR","@id":"https:\/\/www.pmpf.rs.gov.br\/cultura\/#\/schema\/person\/image\/","url":"https:\/\/secure.gravatar.com\/avatar\/14c5458ed79dc81da99a13b9ff5f9f19?s=96&d=mm&r=g","contentUrl":"https:\/\/secure.gravatar.com\/avatar\/14c5458ed79dc81da99a13b9ff5f9f19?s=96&d=mm&r=g","caption":"andressazorzetto07"},"url":"https:\/\/www.pmpf.rs.gov.br\/cultura\/author\/andressazorzetto07\/"}]}},"_links":{"self":[{"href":"https:\/\/www.pmpf.rs.gov.br\/cultura\/wp-json\/wp\/v2\/posts\/3287"}],"collection":[{"href":"https:\/\/www.pmpf.rs.gov.br\/cultura\/wp-json\/wp\/v2\/posts"}],"about":[{"href":"https:\/\/www.pmpf.rs.gov.br\/cultura\/wp-json\/wp\/v2\/types\/post"}],"author":[{"embeddable":true,"href":"https:\/\/www.pmpf.rs.gov.br\/cultura\/wp-json\/wp\/v2\/users\/6"}],"replies":[{"embeddable":true,"href":"https:\/\/www.pmpf.rs.gov.br\/cultura\/wp-json\/wp\/v2\/comments?post=3287"}],"version-history":[{"count":1,"href":"https:\/\/www.pmpf.rs.gov.br\/cultura\/wp-json\/wp\/v2\/posts\/3287\/revisions"}],"predecessor-version":[{"id":3288,"href":"https:\/\/www.pmpf.rs.gov.br\/cultura\/wp-json\/wp\/v2\/posts\/3287\/revisions\/3288"}],"wp:attachment":[{"href":"https:\/\/www.pmpf.rs.gov.br\/cultura\/wp-json\/wp\/v2\/media?parent=3287"}],"wp:term":[{"taxonomy":"category","embeddable":true,"href":"https:\/\/www.pmpf.rs.gov.br\/cultura\/wp-json\/wp\/v2\/categories?post=3287"},{"taxonomy":"post_tag","embeddable":true,"href":"https:\/\/www.pmpf.rs.gov.br\/cultura\/wp-json\/wp\/v2\/tags?post=3287"}],"curies":[{"name":"wp","href":"https:\/\/api.w.org\/{rel}","templated":true}]}}