{"id":3214,"date":"2022-04-26T17:06:15","date_gmt":"2022-04-26T20:06:15","guid":{"rendered":"https:\/\/www.pmpf.rs.gov.br\/secretaria-de-cultura\/?p=3214"},"modified":"2022-05-20T15:36:27","modified_gmt":"2022-05-20T18:36:27","slug":"click-165-prefeitura-realizara-concurso-de-fotografias-em-comemoracao-ao-aniversario-do-municipio","status":"publish","type":"post","link":"https:\/\/www.pmpf.rs.gov.br\/cultura\/2022\/04\/26\/click-165-prefeitura-realizara-concurso-de-fotografias-em-comemoracao-ao-aniversario-do-municipio\/","title":{"rendered":"Click 165: Prefeitura realizar\u00e1 concurso de fotografias em comemora\u00e7\u00e3o ao anivers\u00e1rio do munic\u00edpio"},"content":{"rendered":"\n<p><br>No dia 7 de agosto deste ano, Passo Fundo comemorar\u00e1 165 anos. Para marcar a data e valorizar a cidade, a Prefeitura realizar\u00e1 o Concurso de Fotografias Click 165. O edital j\u00e1 foi publicado no site www.passofundo.rs.gov.br, e as inscri\u00e7\u00f5es, assim como o envio dos registros, poder\u00e3o ser feitas at\u00e9 o dia 3 de junho.<\/p>\n\n\n\n<p>O prefeito, Pedro Almeida, enfatiza que a iniciativa \u00e9 uma maneira de conectar ainda mais as pessoas com a cidade. \u201cCada pessoa tem um olhar sobre a cidade. E cada olhar mostra o que torna Passo Fundo \u00fanica. Queremos que os passo-fundenses vivam esses 165 anos e registrem no tempo fotografias que falam sobre o munic\u00edpio e a cultura\u201d, considera.<\/p>\n\n\n\n<p>A partir do concurso, ser\u00e3o selecionadas por uma comiss\u00e3o julgadora 20 fotografias, que poder\u00e3o ser de espa\u00e7os f\u00edsicos, atividades cotidianas, bens naturais, festividades, manifesta\u00e7\u00f5es esportivas, sociais e culturais e tudo o que mais permita identificar que s\u00e3o imagens de Passo Fundo. Destas, as 10 primeiras receber\u00e3o premia\u00e7\u00e3o em dinheiro, totalizando R$ 9,5 mil. Todas as fotografias selecionadas integrar\u00e3o uma exposi\u00e7\u00e3o em comemora\u00e7\u00e3o aos 165 anos da cidade e poder\u00e3o integrar calend\u00e1rios impressos e publica\u00e7\u00f5es digitais, publicit\u00e1rias ou institucionais da Prefeitura.<\/p>\n\n\n\n<p>A participa\u00e7\u00e3o \u00e9 aberta a fot\u00f3grafos profissionais e amadores e a todas as pessoas interessadas. Para isso, \u00e9 necess\u00e1rio morar no munic\u00edpio e cumprir todos os requisitos descritos no Termo de Refer\u00eancia.<\/p>\n\n\n\n<p>Para a secret\u00e1ria de Cultura, Miri\u00ea Tedesco, o concurso promove a cidade e a arte. \u201cA iniciativa une dois temas relevantes: os 165 anos do munic\u00edpio e a proposta de registrar, atrav\u00e9s de fotografias, aquilo que nos encanta na cidade, que mexe com o nosso cora\u00e7\u00e3o. Temos visto esse carinho acontecer naturalmente em grupos de redes sociais, que postam fotos de Passo Fundo, e essa \u00e9 uma oportunidade de ampliar esse bom momento. Bom lembrar que a premia\u00e7\u00e3o tamb\u00e9m \u00e9 um est\u00edmulo para valorizar o trabalho de quem dedica-se \u00e0 arte de fotografar\u201d, afirma.<\/p>\n\n\n\n<p><\/p>\n\n\n\n<p><strong><em>Inscri\u00e7\u00f5es<\/em><\/strong><\/p>\n\n\n\n<p>Para fazer sua inscri\u00e7\u00e3o no concurso, siga as instru\u00e7\u00f5es do\u00a0<a href=\"https:\/\/www.pmpf.rs.gov.br\/secretaria-de-cultura\/downloads\/edital-click-165\/?pid=3227\">Edital 01\/2022<\/a>.<\/p>\n\n\n\n<p><em><strong>ou<br><\/strong><\/em>Acesse www.passofundo.rs.gov.br<br>Clique em \u201cTranspar\u00eancia\u201d<br>Clique em \u201c<a href=\"https:\/\/grp.pmpf.rs.gov.br\/grp\/acessoexterno\/programaAcessoExterno.faces?codigo=70203\">Editais de Licita\u00e7\u00f5es<\/a>\u201d<br>No campo objeto, digite \u201cconcurso de fotografia\u201d<br>Clique em \u201cpesquisar\u201d<br>Clique no link do edital<br>Por \u00faltimo, clique em \u201cEditais\u201d para conferir o funcionamento do concurso<\/p>\n","protected":false},"excerpt":{"rendered":"<p>A participa\u00e7\u00e3o \u00e9 aberta a fot\u00f3grafos profissionais e amadores e a todas as pessoas interessadas<\/p>\n","protected":false},"author":6,"featured_media":3215,"comment_status":"closed","ping_status":"closed","sticky":true,"template":"","format":"standard","meta":{"footnotes":""},"categories":[12],"tags":[],"class_list":["post-3214","post","type-post","status-publish","format-standard","has-post-thumbnail","hentry","category-passo-fundo-165-anos"],"yoast_head":"<!-- This site is optimized with the Yoast SEO plugin v23.8 - https:\/\/yoast.com\/wordpress\/plugins\/seo\/ -->\n<title>Click 165: Prefeitura realizar\u00e1 concurso de fotografias em comemora\u00e7\u00e3o ao anivers\u00e1rio do munic\u00edpio - Secretaria de Cultura<\/title>\n<meta name=\"robots\" content=\"index, follow, max-snippet:-1, max-image-preview:large, max-video-preview:-1\" \/>\n<link rel=\"canonical\" href=\"https:\/\/www.pmpf.rs.gov.br\/cultura\/2022\/04\/26\/click-165-prefeitura-realizara-concurso-de-fotografias-em-comemoracao-ao-aniversario-do-municipio\/\" \/>\n<meta property=\"og:locale\" content=\"pt_BR\" \/>\n<meta property=\"og:type\" content=\"article\" \/>\n<meta property=\"og:title\" content=\"Click 165: Prefeitura realizar\u00e1 concurso de fotografias em comemora\u00e7\u00e3o ao anivers\u00e1rio do munic\u00edpio - Secretaria de Cultura\" \/>\n<meta property=\"og:description\" content=\"A participa\u00e7\u00e3o \u00e9 aberta a fot\u00f3grafos profissionais e amadores e a todas as pessoas interessadas\" \/>\n<meta property=\"og:url\" content=\"https:\/\/www.pmpf.rs.gov.br\/cultura\/2022\/04\/26\/click-165-prefeitura-realizara-concurso-de-fotografias-em-comemoracao-ao-aniversario-do-municipio\/\" \/>\n<meta property=\"og:site_name\" content=\"Secretaria de Cultura\" \/>\n<meta property=\"article:published_time\" content=\"2022-04-26T20:06:15+00:00\" \/>\n<meta property=\"article:modified_time\" content=\"2022-05-20T18:36:27+00:00\" \/>\n<meta property=\"og:image\" content=\"https:\/\/www.pmpf.rs.gov.br\/cultura\/wp-content\/uploads\/sites\/25\/2022\/04\/Click-Passo-Fundo.jpg\" \/>\n\t<meta property=\"og:image:width\" content=\"749\" \/>\n\t<meta property=\"og:image:height\" content=\"473\" \/>\n\t<meta property=\"og:image:type\" content=\"image\/jpeg\" \/>\n<meta name=\"author\" content=\"andressazorzetto07\" \/>\n<meta name=\"twitter:card\" content=\"summary_large_image\" \/>\n<meta name=\"twitter:label1\" content=\"Escrito por\" \/>\n\t<meta name=\"twitter:data1\" content=\"andressazorzetto07\" \/>\n\t<meta name=\"twitter:label2\" content=\"Est. tempo de leitura\" \/>\n\t<meta name=\"twitter:data2\" content=\"2 minutos\" \/>\n<script type=\"application\/ld+json\" class=\"yoast-schema-graph\">{\"@context\":\"https:\/\/schema.org\",\"@graph\":[{\"@type\":\"WebPage\",\"@id\":\"https:\/\/www.pmpf.rs.gov.br\/cultura\/2022\/04\/26\/click-165-prefeitura-realizara-concurso-de-fotografias-em-comemoracao-ao-aniversario-do-municipio\/\",\"url\":\"https:\/\/www.pmpf.rs.gov.br\/cultura\/2022\/04\/26\/click-165-prefeitura-realizara-concurso-de-fotografias-em-comemoracao-ao-aniversario-do-municipio\/\",\"name\":\"Click 165: Prefeitura realizar\u00e1 concurso de fotografias em comemora\u00e7\u00e3o ao anivers\u00e1rio do munic\u00edpio - Secretaria de Cultura\",\"isPartOf\":{\"@id\":\"https:\/\/www.pmpf.rs.gov.br\/cultura\/#website\"},\"primaryImageOfPage\":{\"@id\":\"https:\/\/www.pmpf.rs.gov.br\/cultura\/2022\/04\/26\/click-165-prefeitura-realizara-concurso-de-fotografias-em-comemoracao-ao-aniversario-do-municipio\/#primaryimage\"},\"image\":{\"@id\":\"https:\/\/www.pmpf.rs.gov.br\/cultura\/2022\/04\/26\/click-165-prefeitura-realizara-concurso-de-fotografias-em-comemoracao-ao-aniversario-do-municipio\/#primaryimage\"},\"thumbnailUrl\":\"https:\/\/www.pmpf.rs.gov.br\/cultura\/wp-content\/uploads\/sites\/25\/2022\/04\/Click-Passo-Fundo.jpg\",\"datePublished\":\"2022-04-26T20:06:15+00:00\",\"dateModified\":\"2022-05-20T18:36:27+00:00\",\"author\":{\"@id\":\"https:\/\/www.pmpf.rs.gov.br\/cultura\/#\/schema\/person\/30ee1d1bd74da1469b01fcf086e43351\"},\"inLanguage\":\"pt-BR\",\"potentialAction\":[{\"@type\":\"ReadAction\",\"target\":[\"https:\/\/www.pmpf.rs.gov.br\/cultura\/2022\/04\/26\/click-165-prefeitura-realizara-concurso-de-fotografias-em-comemoracao-ao-aniversario-do-municipio\/\"]}]},{\"@type\":\"ImageObject\",\"inLanguage\":\"pt-BR\",\"@id\":\"https:\/\/www.pmpf.rs.gov.br\/cultura\/2022\/04\/26\/click-165-prefeitura-realizara-concurso-de-fotografias-em-comemoracao-ao-aniversario-do-municipio\/#primaryimage\",\"url\":\"https:\/\/www.pmpf.rs.gov.br\/cultura\/wp-content\/uploads\/sites\/25\/2022\/04\/Click-Passo-Fundo.jpg\",\"contentUrl\":\"https:\/\/www.pmpf.rs.gov.br\/cultura\/wp-content\/uploads\/sites\/25\/2022\/04\/Click-Passo-Fundo.jpg\",\"width\":749,\"height\":473},{\"@type\":\"WebSite\",\"@id\":\"https:\/\/www.pmpf.rs.gov.br\/cultura\/#website\",\"url\":\"https:\/\/www.pmpf.rs.gov.br\/cultura\/\",\"name\":\"Secretaria de Cultura\",\"description\":\"S\u00f3 mais um site Prefeitura de Passo Fundo\",\"potentialAction\":[{\"@type\":\"SearchAction\",\"target\":{\"@type\":\"EntryPoint\",\"urlTemplate\":\"https:\/\/www.pmpf.rs.gov.br\/cultura\/?s={search_term_string}\"},\"query-input\":{\"@type\":\"PropertyValueSpecification\",\"valueRequired\":true,\"valueName\":\"search_term_string\"}}],\"inLanguage\":\"pt-BR\"},{\"@type\":\"Person\",\"@id\":\"https:\/\/www.pmpf.rs.gov.br\/cultura\/#\/schema\/person\/30ee1d1bd74da1469b01fcf086e43351\",\"name\":\"andressazorzetto07\",\"image\":{\"@type\":\"ImageObject\",\"inLanguage\":\"pt-BR\",\"@id\":\"https:\/\/www.pmpf.rs.gov.br\/cultura\/#\/schema\/person\/image\/\",\"url\":\"https:\/\/secure.gravatar.com\/avatar\/14c5458ed79dc81da99a13b9ff5f9f19?s=96&d=mm&r=g\",\"contentUrl\":\"https:\/\/secure.gravatar.com\/avatar\/14c5458ed79dc81da99a13b9ff5f9f19?s=96&d=mm&r=g\",\"caption\":\"andressazorzetto07\"},\"url\":\"https:\/\/www.pmpf.rs.gov.br\/cultura\/author\/andressazorzetto07\/\"}]}<\/script>\n<!-- \/ Yoast SEO plugin. -->","yoast_head_json":{"title":"Click 165: Prefeitura realizar\u00e1 concurso de fotografias em comemora\u00e7\u00e3o ao anivers\u00e1rio do munic\u00edpio - Secretaria de Cultura","robots":{"index":"index","follow":"follow","max-snippet":"max-snippet:-1","max-image-preview":"max-image-preview:large","max-video-preview":"max-video-preview:-1"},"canonical":"https:\/\/www.pmpf.rs.gov.br\/cultura\/2022\/04\/26\/click-165-prefeitura-realizara-concurso-de-fotografias-em-comemoracao-ao-aniversario-do-municipio\/","og_locale":"pt_BR","og_type":"article","og_title":"Click 165: Prefeitura realizar\u00e1 concurso de fotografias em comemora\u00e7\u00e3o ao anivers\u00e1rio do munic\u00edpio - Secretaria de Cultura","og_description":"A participa\u00e7\u00e3o \u00e9 aberta a fot\u00f3grafos profissionais e amadores e a todas as pessoas interessadas","og_url":"https:\/\/www.pmpf.rs.gov.br\/cultura\/2022\/04\/26\/click-165-prefeitura-realizara-concurso-de-fotografias-em-comemoracao-ao-aniversario-do-municipio\/","og_site_name":"Secretaria de Cultura","article_published_time":"2022-04-26T20:06:15+00:00","article_modified_time":"2022-05-20T18:36:27+00:00","og_image":[{"width":749,"height":473,"url":"https:\/\/www.pmpf.rs.gov.br\/cultura\/wp-content\/uploads\/sites\/25\/2022\/04\/Click-Passo-Fundo.jpg","type":"image\/jpeg"}],"author":"andressazorzetto07","twitter_card":"summary_large_image","twitter_misc":{"Escrito por":"andressazorzetto07","Est. tempo de leitura":"2 minutos"},"schema":{"@context":"https:\/\/schema.org","@graph":[{"@type":"WebPage","@id":"https:\/\/www.pmpf.rs.gov.br\/cultura\/2022\/04\/26\/click-165-prefeitura-realizara-concurso-de-fotografias-em-comemoracao-ao-aniversario-do-municipio\/","url":"https:\/\/www.pmpf.rs.gov.br\/cultura\/2022\/04\/26\/click-165-prefeitura-realizara-concurso-de-fotografias-em-comemoracao-ao-aniversario-do-municipio\/","name":"Click 165: Prefeitura realizar\u00e1 concurso de fotografias em comemora\u00e7\u00e3o ao anivers\u00e1rio do munic\u00edpio - Secretaria de Cultura","isPartOf":{"@id":"https:\/\/www.pmpf.rs.gov.br\/cultura\/#website"},"primaryImageOfPage":{"@id":"https:\/\/www.pmpf.rs.gov.br\/cultura\/2022\/04\/26\/click-165-prefeitura-realizara-concurso-de-fotografias-em-comemoracao-ao-aniversario-do-municipio\/#primaryimage"},"image":{"@id":"https:\/\/www.pmpf.rs.gov.br\/cultura\/2022\/04\/26\/click-165-prefeitura-realizara-concurso-de-fotografias-em-comemoracao-ao-aniversario-do-municipio\/#primaryimage"},"thumbnailUrl":"https:\/\/www.pmpf.rs.gov.br\/cultura\/wp-content\/uploads\/sites\/25\/2022\/04\/Click-Passo-Fundo.jpg","datePublished":"2022-04-26T20:06:15+00:00","dateModified":"2022-05-20T18:36:27+00:00","author":{"@id":"https:\/\/www.pmpf.rs.gov.br\/cultura\/#\/schema\/person\/30ee1d1bd74da1469b01fcf086e43351"},"inLanguage":"pt-BR","potentialAction":[{"@type":"ReadAction","target":["https:\/\/www.pmpf.rs.gov.br\/cultura\/2022\/04\/26\/click-165-prefeitura-realizara-concurso-de-fotografias-em-comemoracao-ao-aniversario-do-municipio\/"]}]},{"@type":"ImageObject","inLanguage":"pt-BR","@id":"https:\/\/www.pmpf.rs.gov.br\/cultura\/2022\/04\/26\/click-165-prefeitura-realizara-concurso-de-fotografias-em-comemoracao-ao-aniversario-do-municipio\/#primaryimage","url":"https:\/\/www.pmpf.rs.gov.br\/cultura\/wp-content\/uploads\/sites\/25\/2022\/04\/Click-Passo-Fundo.jpg","contentUrl":"https:\/\/www.pmpf.rs.gov.br\/cultura\/wp-content\/uploads\/sites\/25\/2022\/04\/Click-Passo-Fundo.jpg","width":749,"height":473},{"@type":"WebSite","@id":"https:\/\/www.pmpf.rs.gov.br\/cultura\/#website","url":"https:\/\/www.pmpf.rs.gov.br\/cultura\/","name":"Secretaria de Cultura","description":"S\u00f3 mais um site Prefeitura de Passo Fundo","potentialAction":[{"@type":"SearchAction","target":{"@type":"EntryPoint","urlTemplate":"https:\/\/www.pmpf.rs.gov.br\/cultura\/?s={search_term_string}"},"query-input":{"@type":"PropertyValueSpecification","valueRequired":true,"valueName":"search_term_string"}}],"inLanguage":"pt-BR"},{"@type":"Person","@id":"https:\/\/www.pmpf.rs.gov.br\/cultura\/#\/schema\/person\/30ee1d1bd74da1469b01fcf086e43351","name":"andressazorzetto07","image":{"@type":"ImageObject","inLanguage":"pt-BR","@id":"https:\/\/www.pmpf.rs.gov.br\/cultura\/#\/schema\/person\/image\/","url":"https:\/\/secure.gravatar.com\/avatar\/14c5458ed79dc81da99a13b9ff5f9f19?s=96&d=mm&r=g","contentUrl":"https:\/\/secure.gravatar.com\/avatar\/14c5458ed79dc81da99a13b9ff5f9f19?s=96&d=mm&r=g","caption":"andressazorzetto07"},"url":"https:\/\/www.pmpf.rs.gov.br\/cultura\/author\/andressazorzetto07\/"}]}},"_links":{"self":[{"href":"https:\/\/www.pmpf.rs.gov.br\/cultura\/wp-json\/wp\/v2\/posts\/3214"}],"collection":[{"href":"https:\/\/www.pmpf.rs.gov.br\/cultura\/wp-json\/wp\/v2\/posts"}],"about":[{"href":"https:\/\/www.pmpf.rs.gov.br\/cultura\/wp-json\/wp\/v2\/types\/post"}],"author":[{"embeddable":true,"href":"https:\/\/www.pmpf.rs.gov.br\/cultura\/wp-json\/wp\/v2\/users\/6"}],"replies":[{"embeddable":true,"href":"https:\/\/www.pmpf.rs.gov.br\/cultura\/wp-json\/wp\/v2\/comments?post=3214"}],"version-history":[{"count":5,"href":"https:\/\/www.pmpf.rs.gov.br\/cultura\/wp-json\/wp\/v2\/posts\/3214\/revisions"}],"predecessor-version":[{"id":3267,"href":"https:\/\/www.pmpf.rs.gov.br\/cultura\/wp-json\/wp\/v2\/posts\/3214\/revisions\/3267"}],"wp:featuredmedia":[{"embeddable":true,"href":"https:\/\/www.pmpf.rs.gov.br\/cultura\/wp-json\/wp\/v2\/media\/3215"}],"wp:attachment":[{"href":"https:\/\/www.pmpf.rs.gov.br\/cultura\/wp-json\/wp\/v2\/media?parent=3214"}],"wp:term":[{"taxonomy":"category","embeddable":true,"href":"https:\/\/www.pmpf.rs.gov.br\/cultura\/wp-json\/wp\/v2\/categories?post=3214"},{"taxonomy":"post_tag","embeddable":true,"href":"https:\/\/www.pmpf.rs.gov.br\/cultura\/wp-json\/wp\/v2\/tags?post=3214"}],"curies":[{"name":"wp","href":"https:\/\/api.w.org\/{rel}","templated":true}]}}