{"id":3211,"date":"2022-04-20T08:48:42","date_gmt":"2022-04-20T11:48:42","guid":{"rendered":"https:\/\/www.pmpf.rs.gov.br\/secretaria-de-cultura\/?p=3211"},"modified":"2022-04-20T08:48:43","modified_gmt":"2022-04-20T11:48:43","slug":"prefeitura-inicia-o-pagamento-de-auxilio-emergencial-a-trabalhadores-da-cultura","status":"publish","type":"post","link":"https:\/\/www.pmpf.rs.gov.br\/cultura\/2022\/04\/20\/prefeitura-inicia-o-pagamento-de-auxilio-emergencial-a-trabalhadores-da-cultura\/","title":{"rendered":"Prefeitura inicia o pagamento de aux\u00edlio emergencial a trabalhadores da cultura"},"content":{"rendered":"\n<p><\/p>\n\n\n\n<p>A Prefeitura iniciou o pagamento do aux\u00edlio emergencial aos trabalhadores da cultura habilitados em chamamento p\u00fablico. Ao todo, nesta semana, dever\u00e3o receber uma parcela \u00fanica de R$ 800 mais de 200 profissionais. Os recursos s\u00e3o provenientes do Fundo de Apoio \u00e0 Cultura do Estado, com contrapartida do Munic\u00edpio.<\/p>\n\n\n\n<p>O prefeito, Pedro Almeida, avalia que o setor cultural foi um dos mais impactados pelas medidas de enfrentamento da pandemia e o aux\u00edlio \u00e9 um apoio \u00e0 retomada. \u201cAo aplicar a contrapartida, o Munic\u00edpio reconhece a relev\u00e2ncia da cultura para a cidade, que precisa ser valorizada e fortalecida\u201d, considera.<\/p>\n\n\n\n<p>Para a secret\u00e1ria de Cultura, Miri\u00ea Tedesco, esse \u00e9 um momento importante para as pessoas beneficiadas. \u201cEsse aux\u00edlio chega em boa hora, j\u00e1 que o tempo em que os profissionais da cultura n\u00e3o puderam atuar em suas profiss\u00f5es foi longo. A gest\u00e3o Pedro Almeida demonstra, mais uma vez, seu comprometimento com as pessoas que vivem e fazem a cultura em nosso munic\u00edpio\u201d, enfatiza.<\/p>\n\n\n\n<p>O aux\u00edlio foi sancionado pelo governo estadual em 2021. J\u00e1 o chamamento p\u00fablico do Munic\u00edpio foi aberto em janeiro deste ano a fim de selecionar profissionais da cultura, mediante an\u00e1lise criteriosa dos documentos solicitados. Puderam participar trabalhadores com resid\u00eancia comprovada na cidade, que n\u00e3o possuem carteira assinada e que atendiam aos demais requisitos do credenciamento.<\/p>\n","protected":false},"excerpt":{"rendered":"<p>Receber\u00e3o uma parcela \u00fanica de R$ 800 mais de 200 profissionais. Os recursos s\u00e3o provenientes do Fundo de Apoio \u00e0 Cultura do Estado, com contrapartida do Munic\u00edpio<\/p>\n","protected":false},"author":6,"featured_media":0,"comment_status":"closed","ping_status":"closed","sticky":true,"template":"","format":"standard","meta":{"footnotes":""},"categories":[11],"tags":[],"class_list":["post-3211","post","type-post","status-publish","format-standard","hentry","category-auxilio-emergencial"],"yoast_head":"<!-- This site is optimized with the Yoast SEO plugin v23.8 - https:\/\/yoast.com\/wordpress\/plugins\/seo\/ -->\n<title>Prefeitura inicia o pagamento de aux\u00edlio emergencial a trabalhadores da cultura - Secretaria de Cultura<\/title>\n<meta name=\"robots\" content=\"index, follow, max-snippet:-1, max-image-preview:large, max-video-preview:-1\" \/>\n<link rel=\"canonical\" href=\"https:\/\/www.pmpf.rs.gov.br\/cultura\/2022\/04\/20\/prefeitura-inicia-o-pagamento-de-auxilio-emergencial-a-trabalhadores-da-cultura\/\" \/>\n<meta property=\"og:locale\" content=\"pt_BR\" \/>\n<meta property=\"og:type\" content=\"article\" \/>\n<meta property=\"og:title\" content=\"Prefeitura inicia o pagamento de aux\u00edlio emergencial a trabalhadores da cultura - Secretaria de Cultura\" \/>\n<meta property=\"og:description\" content=\"Receber\u00e3o uma parcela \u00fanica de R$ 800 mais de 200 profissionais. Os recursos s\u00e3o provenientes do Fundo de Apoio \u00e0 Cultura do Estado, com contrapartida do Munic\u00edpio\" \/>\n<meta property=\"og:url\" content=\"https:\/\/www.pmpf.rs.gov.br\/cultura\/2022\/04\/20\/prefeitura-inicia-o-pagamento-de-auxilio-emergencial-a-trabalhadores-da-cultura\/\" \/>\n<meta property=\"og:site_name\" content=\"Secretaria de Cultura\" \/>\n<meta property=\"article:published_time\" content=\"2022-04-20T11:48:42+00:00\" \/>\n<meta property=\"article:modified_time\" content=\"2022-04-20T11:48:43+00:00\" \/>\n<meta name=\"author\" content=\"andressazorzetto07\" \/>\n<meta name=\"twitter:card\" content=\"summary_large_image\" \/>\n<meta name=\"twitter:label1\" content=\"Escrito por\" \/>\n\t<meta name=\"twitter:data1\" content=\"andressazorzetto07\" \/>\n\t<meta name=\"twitter:label2\" content=\"Est. tempo de leitura\" \/>\n\t<meta name=\"twitter:data2\" content=\"1 minuto\" \/>\n<script type=\"application\/ld+json\" class=\"yoast-schema-graph\">{\"@context\":\"https:\/\/schema.org\",\"@graph\":[{\"@type\":\"WebPage\",\"@id\":\"https:\/\/www.pmpf.rs.gov.br\/cultura\/2022\/04\/20\/prefeitura-inicia-o-pagamento-de-auxilio-emergencial-a-trabalhadores-da-cultura\/\",\"url\":\"https:\/\/www.pmpf.rs.gov.br\/cultura\/2022\/04\/20\/prefeitura-inicia-o-pagamento-de-auxilio-emergencial-a-trabalhadores-da-cultura\/\",\"name\":\"Prefeitura inicia o pagamento de aux\u00edlio emergencial a trabalhadores da cultura - Secretaria de Cultura\",\"isPartOf\":{\"@id\":\"https:\/\/www.pmpf.rs.gov.br\/cultura\/#website\"},\"datePublished\":\"2022-04-20T11:48:42+00:00\",\"dateModified\":\"2022-04-20T11:48:43+00:00\",\"author\":{\"@id\":\"https:\/\/www.pmpf.rs.gov.br\/cultura\/#\/schema\/person\/30ee1d1bd74da1469b01fcf086e43351\"},\"inLanguage\":\"pt-BR\",\"potentialAction\":[{\"@type\":\"ReadAction\",\"target\":[\"https:\/\/www.pmpf.rs.gov.br\/cultura\/2022\/04\/20\/prefeitura-inicia-o-pagamento-de-auxilio-emergencial-a-trabalhadores-da-cultura\/\"]}]},{\"@type\":\"WebSite\",\"@id\":\"https:\/\/www.pmpf.rs.gov.br\/cultura\/#website\",\"url\":\"https:\/\/www.pmpf.rs.gov.br\/cultura\/\",\"name\":\"Secretaria de Cultura\",\"description\":\"S\u00f3 mais um site Prefeitura de Passo Fundo\",\"potentialAction\":[{\"@type\":\"SearchAction\",\"target\":{\"@type\":\"EntryPoint\",\"urlTemplate\":\"https:\/\/www.pmpf.rs.gov.br\/cultura\/?s={search_term_string}\"},\"query-input\":{\"@type\":\"PropertyValueSpecification\",\"valueRequired\":true,\"valueName\":\"search_term_string\"}}],\"inLanguage\":\"pt-BR\"},{\"@type\":\"Person\",\"@id\":\"https:\/\/www.pmpf.rs.gov.br\/cultura\/#\/schema\/person\/30ee1d1bd74da1469b01fcf086e43351\",\"name\":\"andressazorzetto07\",\"image\":{\"@type\":\"ImageObject\",\"inLanguage\":\"pt-BR\",\"@id\":\"https:\/\/www.pmpf.rs.gov.br\/cultura\/#\/schema\/person\/image\/\",\"url\":\"https:\/\/secure.gravatar.com\/avatar\/14c5458ed79dc81da99a13b9ff5f9f19?s=96&d=mm&r=g\",\"contentUrl\":\"https:\/\/secure.gravatar.com\/avatar\/14c5458ed79dc81da99a13b9ff5f9f19?s=96&d=mm&r=g\",\"caption\":\"andressazorzetto07\"},\"url\":\"https:\/\/www.pmpf.rs.gov.br\/cultura\/author\/andressazorzetto07\/\"}]}<\/script>\n<!-- \/ Yoast SEO plugin. -->","yoast_head_json":{"title":"Prefeitura inicia o pagamento de aux\u00edlio emergencial a trabalhadores da cultura - Secretaria de Cultura","robots":{"index":"index","follow":"follow","max-snippet":"max-snippet:-1","max-image-preview":"max-image-preview:large","max-video-preview":"max-video-preview:-1"},"canonical":"https:\/\/www.pmpf.rs.gov.br\/cultura\/2022\/04\/20\/prefeitura-inicia-o-pagamento-de-auxilio-emergencial-a-trabalhadores-da-cultura\/","og_locale":"pt_BR","og_type":"article","og_title":"Prefeitura inicia o pagamento de aux\u00edlio emergencial a trabalhadores da cultura - Secretaria de Cultura","og_description":"Receber\u00e3o uma parcela \u00fanica de R$ 800 mais de 200 profissionais. Os recursos s\u00e3o provenientes do Fundo de Apoio \u00e0 Cultura do Estado, com contrapartida do Munic\u00edpio","og_url":"https:\/\/www.pmpf.rs.gov.br\/cultura\/2022\/04\/20\/prefeitura-inicia-o-pagamento-de-auxilio-emergencial-a-trabalhadores-da-cultura\/","og_site_name":"Secretaria de Cultura","article_published_time":"2022-04-20T11:48:42+00:00","article_modified_time":"2022-04-20T11:48:43+00:00","author":"andressazorzetto07","twitter_card":"summary_large_image","twitter_misc":{"Escrito por":"andressazorzetto07","Est. tempo de leitura":"1 minuto"},"schema":{"@context":"https:\/\/schema.org","@graph":[{"@type":"WebPage","@id":"https:\/\/www.pmpf.rs.gov.br\/cultura\/2022\/04\/20\/prefeitura-inicia-o-pagamento-de-auxilio-emergencial-a-trabalhadores-da-cultura\/","url":"https:\/\/www.pmpf.rs.gov.br\/cultura\/2022\/04\/20\/prefeitura-inicia-o-pagamento-de-auxilio-emergencial-a-trabalhadores-da-cultura\/","name":"Prefeitura inicia o pagamento de aux\u00edlio emergencial a trabalhadores da cultura - Secretaria de Cultura","isPartOf":{"@id":"https:\/\/www.pmpf.rs.gov.br\/cultura\/#website"},"datePublished":"2022-04-20T11:48:42+00:00","dateModified":"2022-04-20T11:48:43+00:00","author":{"@id":"https:\/\/www.pmpf.rs.gov.br\/cultura\/#\/schema\/person\/30ee1d1bd74da1469b01fcf086e43351"},"inLanguage":"pt-BR","potentialAction":[{"@type":"ReadAction","target":["https:\/\/www.pmpf.rs.gov.br\/cultura\/2022\/04\/20\/prefeitura-inicia-o-pagamento-de-auxilio-emergencial-a-trabalhadores-da-cultura\/"]}]},{"@type":"WebSite","@id":"https:\/\/www.pmpf.rs.gov.br\/cultura\/#website","url":"https:\/\/www.pmpf.rs.gov.br\/cultura\/","name":"Secretaria de Cultura","description":"S\u00f3 mais um site Prefeitura de Passo Fundo","potentialAction":[{"@type":"SearchAction","target":{"@type":"EntryPoint","urlTemplate":"https:\/\/www.pmpf.rs.gov.br\/cultura\/?s={search_term_string}"},"query-input":{"@type":"PropertyValueSpecification","valueRequired":true,"valueName":"search_term_string"}}],"inLanguage":"pt-BR"},{"@type":"Person","@id":"https:\/\/www.pmpf.rs.gov.br\/cultura\/#\/schema\/person\/30ee1d1bd74da1469b01fcf086e43351","name":"andressazorzetto07","image":{"@type":"ImageObject","inLanguage":"pt-BR","@id":"https:\/\/www.pmpf.rs.gov.br\/cultura\/#\/schema\/person\/image\/","url":"https:\/\/secure.gravatar.com\/avatar\/14c5458ed79dc81da99a13b9ff5f9f19?s=96&d=mm&r=g","contentUrl":"https:\/\/secure.gravatar.com\/avatar\/14c5458ed79dc81da99a13b9ff5f9f19?s=96&d=mm&r=g","caption":"andressazorzetto07"},"url":"https:\/\/www.pmpf.rs.gov.br\/cultura\/author\/andressazorzetto07\/"}]}},"_links":{"self":[{"href":"https:\/\/www.pmpf.rs.gov.br\/cultura\/wp-json\/wp\/v2\/posts\/3211"}],"collection":[{"href":"https:\/\/www.pmpf.rs.gov.br\/cultura\/wp-json\/wp\/v2\/posts"}],"about":[{"href":"https:\/\/www.pmpf.rs.gov.br\/cultura\/wp-json\/wp\/v2\/types\/post"}],"author":[{"embeddable":true,"href":"https:\/\/www.pmpf.rs.gov.br\/cultura\/wp-json\/wp\/v2\/users\/6"}],"replies":[{"embeddable":true,"href":"https:\/\/www.pmpf.rs.gov.br\/cultura\/wp-json\/wp\/v2\/comments?post=3211"}],"version-history":[{"count":1,"href":"https:\/\/www.pmpf.rs.gov.br\/cultura\/wp-json\/wp\/v2\/posts\/3211\/revisions"}],"predecessor-version":[{"id":3212,"href":"https:\/\/www.pmpf.rs.gov.br\/cultura\/wp-json\/wp\/v2\/posts\/3211\/revisions\/3212"}],"wp:attachment":[{"href":"https:\/\/www.pmpf.rs.gov.br\/cultura\/wp-json\/wp\/v2\/media?parent=3211"}],"wp:term":[{"taxonomy":"category","embeddable":true,"href":"https:\/\/www.pmpf.rs.gov.br\/cultura\/wp-json\/wp\/v2\/categories?post=3211"},{"taxonomy":"post_tag","embeddable":true,"href":"https:\/\/www.pmpf.rs.gov.br\/cultura\/wp-json\/wp\/v2\/tags?post=3211"}],"curies":[{"name":"wp","href":"https:\/\/api.w.org\/{rel}","templated":true}]}}