{"id":3194,"date":"2022-03-28T17:09:16","date_gmt":"2022-03-28T20:09:16","guid":{"rendered":"https:\/\/www.pmpf.rs.gov.br\/secretaria-de-cultura\/?p=3194"},"modified":"2022-04-01T09:10:38","modified_gmt":"2022-04-01T12:10:38","slug":"prefeitura-promove-o-17o-encontro-internacional-de-bandoneon-de-passo-fundo-tio-mena","status":"publish","type":"post","link":"https:\/\/www.pmpf.rs.gov.br\/cultura\/2022\/03\/28\/prefeitura-promove-o-17o-encontro-internacional-de-bandoneon-de-passo-fundo-tio-mena\/","title":{"rendered":"Prefeitura promove o 17\u00ba Encontro Internacional de Bandoneon de Passo Fundo \u2013 Tio Mena"},"content":{"rendered":"\n<p>A Prefeitura realizar\u00e1 o 17\u00ba Encontro Internacional de Bandoneon de Passo Fundo no pr\u00f3ximo s\u00e1bado, 2 de abril. A edi\u00e7\u00e3o de 2022 ser\u00e1 especial e em homenagem ao Tio Mena, idealizador do evento e maior representante do instrumento na cidade. No audit\u00f3rio da Escola Notre Dame Menino Jesus, a partir das 17h, estar\u00e3o presentes 10 nomes reconhecidos do bandoneon brasileiro e argentino.<\/p>\n\n\n\n<p>O prefeito, Pedro Almeida, destacou a import\u00e2ncia do evento como uma manifesta\u00e7\u00e3o cultural que marca Passo Fundo como a Capital Estadual do Bandoneon. \u201cTivemos esse t\u00edtulo concedido pela Assembleia Legislativa a partir de iniciativas como esse encontro. O bandoneon \u00e9 um instrumento de origem alem\u00e3 que se popularizou na Argentina com as orquestras de tango e acabou se espalhando por toda a Am\u00e9rica do Sul, sendo abra\u00e7ado pela cidade\u201d, disse.<\/p>\n\n\n\n<p>Esse processo de populariza\u00e7\u00e3o do instrumento na cidade, conforme menciona o prefeito, teve o envolvimento de Tio Mena. \u201cMais que um grande bandeonista, Tio Mena, que hoje tem 96 anos, sempre se dedicou para que o encontro fosse realizado. Por isso, faremos essa edi\u00e7\u00e3o ser especial. O bandoneon n\u00e3o teria atingido tamanha representatividade cultural em Passo Fundo se n\u00e3o fosse por ele\u201d, disse.<\/p>\n\n\n\n<p>O encontro contar\u00e1 com importantes nomes brasileiros: Mano Monteiro, Jonathan Dal Monte, M\u00e1rcio Brosowski, Jo\u00e3o batista Henriques e Evandro Gomes. Al\u00e9m disso, diretamente da Argentina, Carlitos Magallanes, Sedil Toledo, Pajarito Silvestre, Diego Tolato Trzuskot e Tango Quinto.<\/p>\n\n\n\n<p><strong>17\u00ba Encontro Internacional de Bandoneon de Passo Fundo<\/strong><br>Data: 2 de abril<br>Local: Audit\u00f3rio da Escola Notre Dame Menino Jesus &#8211; entrada pela Rua Senador Pinheiro<br>Hor\u00e1rio: A partir das 17h<br>Entrada: Gratuita<\/p>\n\n\n\n<p>Ap\u00f3s o evento, a partir das 20h, haver\u00e1 um jantar de confraterniza\u00e7\u00e3o com tert\u00falia livre no CTG Lalau Miranda. Os ingressos ser\u00e3o vendidos na secretaria do CTG at\u00e9 sexta-feira, 1 de abril, por R$ 40.<\/p>\n","protected":false},"excerpt":{"rendered":"<p>Atividade ser\u00e1 realizada no pr\u00f3ximo s\u00e1bado, 2 de abril, reunindo diversos bandoneonistas em uma homenagem especial para o Tio Mena<\/p>\n","protected":false},"author":6,"featured_media":3195,"comment_status":"closed","ping_status":"closed","sticky":true,"template":"","format":"standard","meta":{"footnotes":""},"categories":[10],"tags":[],"class_list":["post-3194","post","type-post","status-publish","format-standard","has-post-thumbnail","hentry","category-encontro-de-bandoneon"],"yoast_head":"<!-- This site is optimized with the Yoast SEO plugin v23.8 - https:\/\/yoast.com\/wordpress\/plugins\/seo\/ -->\n<title>Prefeitura promove o 17\u00ba Encontro Internacional de Bandoneon de Passo Fundo \u2013 Tio Mena - Secretaria de Cultura<\/title>\n<meta name=\"robots\" content=\"index, follow, max-snippet:-1, max-image-preview:large, max-video-preview:-1\" \/>\n<link rel=\"canonical\" href=\"https:\/\/www.pmpf.rs.gov.br\/cultura\/2022\/03\/28\/prefeitura-promove-o-17o-encontro-internacional-de-bandoneon-de-passo-fundo-tio-mena\/\" \/>\n<meta property=\"og:locale\" content=\"pt_BR\" \/>\n<meta property=\"og:type\" content=\"article\" \/>\n<meta property=\"og:title\" content=\"Prefeitura promove o 17\u00ba Encontro Internacional de Bandoneon de Passo Fundo \u2013 Tio Mena - Secretaria de Cultura\" \/>\n<meta property=\"og:description\" content=\"Atividade ser\u00e1 realizada no pr\u00f3ximo s\u00e1bado, 2 de abril, reunindo diversos bandoneonistas em uma homenagem especial para o Tio Mena\" \/>\n<meta property=\"og:url\" content=\"https:\/\/www.pmpf.rs.gov.br\/cultura\/2022\/03\/28\/prefeitura-promove-o-17o-encontro-internacional-de-bandoneon-de-passo-fundo-tio-mena\/\" \/>\n<meta property=\"og:site_name\" content=\"Secretaria de Cultura\" \/>\n<meta property=\"article:published_time\" content=\"2022-03-28T20:09:16+00:00\" \/>\n<meta property=\"article:modified_time\" content=\"2022-04-01T12:10:38+00:00\" \/>\n<meta property=\"og:image\" content=\"https:\/\/www.pmpf.rs.gov.br\/cultura\/wp-content\/uploads\/sites\/25\/2022\/03\/tio-mena.jpg\" \/>\n\t<meta property=\"og:image:width\" content=\"1008\" \/>\n\t<meta property=\"og:image:height\" content=\"756\" \/>\n\t<meta property=\"og:image:type\" content=\"image\/jpeg\" \/>\n<meta name=\"author\" content=\"andressazorzetto07\" \/>\n<meta name=\"twitter:card\" content=\"summary_large_image\" \/>\n<meta name=\"twitter:label1\" content=\"Escrito por\" \/>\n\t<meta name=\"twitter:data1\" content=\"andressazorzetto07\" \/>\n\t<meta name=\"twitter:label2\" content=\"Est. tempo de leitura\" \/>\n\t<meta name=\"twitter:data2\" content=\"2 minutos\" \/>\n<script type=\"application\/ld+json\" class=\"yoast-schema-graph\">{\"@context\":\"https:\/\/schema.org\",\"@graph\":[{\"@type\":\"WebPage\",\"@id\":\"https:\/\/www.pmpf.rs.gov.br\/cultura\/2022\/03\/28\/prefeitura-promove-o-17o-encontro-internacional-de-bandoneon-de-passo-fundo-tio-mena\/\",\"url\":\"https:\/\/www.pmpf.rs.gov.br\/cultura\/2022\/03\/28\/prefeitura-promove-o-17o-encontro-internacional-de-bandoneon-de-passo-fundo-tio-mena\/\",\"name\":\"Prefeitura promove o 17\u00ba Encontro Internacional de Bandoneon de Passo Fundo \u2013 Tio Mena - Secretaria de Cultura\",\"isPartOf\":{\"@id\":\"https:\/\/www.pmpf.rs.gov.br\/cultura\/#website\"},\"primaryImageOfPage\":{\"@id\":\"https:\/\/www.pmpf.rs.gov.br\/cultura\/2022\/03\/28\/prefeitura-promove-o-17o-encontro-internacional-de-bandoneon-de-passo-fundo-tio-mena\/#primaryimage\"},\"image\":{\"@id\":\"https:\/\/www.pmpf.rs.gov.br\/cultura\/2022\/03\/28\/prefeitura-promove-o-17o-encontro-internacional-de-bandoneon-de-passo-fundo-tio-mena\/#primaryimage\"},\"thumbnailUrl\":\"https:\/\/www.pmpf.rs.gov.br\/cultura\/wp-content\/uploads\/sites\/25\/2022\/03\/tio-mena.jpg\",\"datePublished\":\"2022-03-28T20:09:16+00:00\",\"dateModified\":\"2022-04-01T12:10:38+00:00\",\"author\":{\"@id\":\"https:\/\/www.pmpf.rs.gov.br\/cultura\/#\/schema\/person\/30ee1d1bd74da1469b01fcf086e43351\"},\"inLanguage\":\"pt-BR\",\"potentialAction\":[{\"@type\":\"ReadAction\",\"target\":[\"https:\/\/www.pmpf.rs.gov.br\/cultura\/2022\/03\/28\/prefeitura-promove-o-17o-encontro-internacional-de-bandoneon-de-passo-fundo-tio-mena\/\"]}]},{\"@type\":\"ImageObject\",\"inLanguage\":\"pt-BR\",\"@id\":\"https:\/\/www.pmpf.rs.gov.br\/cultura\/2022\/03\/28\/prefeitura-promove-o-17o-encontro-internacional-de-bandoneon-de-passo-fundo-tio-mena\/#primaryimage\",\"url\":\"https:\/\/www.pmpf.rs.gov.br\/cultura\/wp-content\/uploads\/sites\/25\/2022\/03\/tio-mena.jpg\",\"contentUrl\":\"https:\/\/www.pmpf.rs.gov.br\/cultura\/wp-content\/uploads\/sites\/25\/2022\/03\/tio-mena.jpg\",\"width\":1008,\"height\":756},{\"@type\":\"WebSite\",\"@id\":\"https:\/\/www.pmpf.rs.gov.br\/cultura\/#website\",\"url\":\"https:\/\/www.pmpf.rs.gov.br\/cultura\/\",\"name\":\"Secretaria de Cultura\",\"description\":\"S\u00f3 mais um site Prefeitura de Passo Fundo\",\"potentialAction\":[{\"@type\":\"SearchAction\",\"target\":{\"@type\":\"EntryPoint\",\"urlTemplate\":\"https:\/\/www.pmpf.rs.gov.br\/cultura\/?s={search_term_string}\"},\"query-input\":{\"@type\":\"PropertyValueSpecification\",\"valueRequired\":true,\"valueName\":\"search_term_string\"}}],\"inLanguage\":\"pt-BR\"},{\"@type\":\"Person\",\"@id\":\"https:\/\/www.pmpf.rs.gov.br\/cultura\/#\/schema\/person\/30ee1d1bd74da1469b01fcf086e43351\",\"name\":\"andressazorzetto07\",\"image\":{\"@type\":\"ImageObject\",\"inLanguage\":\"pt-BR\",\"@id\":\"https:\/\/www.pmpf.rs.gov.br\/cultura\/#\/schema\/person\/image\/\",\"url\":\"https:\/\/secure.gravatar.com\/avatar\/14c5458ed79dc81da99a13b9ff5f9f19?s=96&d=mm&r=g\",\"contentUrl\":\"https:\/\/secure.gravatar.com\/avatar\/14c5458ed79dc81da99a13b9ff5f9f19?s=96&d=mm&r=g\",\"caption\":\"andressazorzetto07\"},\"url\":\"https:\/\/www.pmpf.rs.gov.br\/cultura\/author\/andressazorzetto07\/\"}]}<\/script>\n<!-- \/ Yoast SEO plugin. -->","yoast_head_json":{"title":"Prefeitura promove o 17\u00ba Encontro Internacional de Bandoneon de Passo Fundo \u2013 Tio Mena - Secretaria de Cultura","robots":{"index":"index","follow":"follow","max-snippet":"max-snippet:-1","max-image-preview":"max-image-preview:large","max-video-preview":"max-video-preview:-1"},"canonical":"https:\/\/www.pmpf.rs.gov.br\/cultura\/2022\/03\/28\/prefeitura-promove-o-17o-encontro-internacional-de-bandoneon-de-passo-fundo-tio-mena\/","og_locale":"pt_BR","og_type":"article","og_title":"Prefeitura promove o 17\u00ba Encontro Internacional de Bandoneon de Passo Fundo \u2013 Tio Mena - Secretaria de Cultura","og_description":"Atividade ser\u00e1 realizada no pr\u00f3ximo s\u00e1bado, 2 de abril, reunindo diversos bandoneonistas em uma homenagem especial para o Tio Mena","og_url":"https:\/\/www.pmpf.rs.gov.br\/cultura\/2022\/03\/28\/prefeitura-promove-o-17o-encontro-internacional-de-bandoneon-de-passo-fundo-tio-mena\/","og_site_name":"Secretaria de Cultura","article_published_time":"2022-03-28T20:09:16+00:00","article_modified_time":"2022-04-01T12:10:38+00:00","og_image":[{"width":1008,"height":756,"url":"https:\/\/www.pmpf.rs.gov.br\/cultura\/wp-content\/uploads\/sites\/25\/2022\/03\/tio-mena.jpg","type":"image\/jpeg"}],"author":"andressazorzetto07","twitter_card":"summary_large_image","twitter_misc":{"Escrito por":"andressazorzetto07","Est. tempo de leitura":"2 minutos"},"schema":{"@context":"https:\/\/schema.org","@graph":[{"@type":"WebPage","@id":"https:\/\/www.pmpf.rs.gov.br\/cultura\/2022\/03\/28\/prefeitura-promove-o-17o-encontro-internacional-de-bandoneon-de-passo-fundo-tio-mena\/","url":"https:\/\/www.pmpf.rs.gov.br\/cultura\/2022\/03\/28\/prefeitura-promove-o-17o-encontro-internacional-de-bandoneon-de-passo-fundo-tio-mena\/","name":"Prefeitura promove o 17\u00ba Encontro Internacional de Bandoneon de Passo Fundo \u2013 Tio Mena - Secretaria de Cultura","isPartOf":{"@id":"https:\/\/www.pmpf.rs.gov.br\/cultura\/#website"},"primaryImageOfPage":{"@id":"https:\/\/www.pmpf.rs.gov.br\/cultura\/2022\/03\/28\/prefeitura-promove-o-17o-encontro-internacional-de-bandoneon-de-passo-fundo-tio-mena\/#primaryimage"},"image":{"@id":"https:\/\/www.pmpf.rs.gov.br\/cultura\/2022\/03\/28\/prefeitura-promove-o-17o-encontro-internacional-de-bandoneon-de-passo-fundo-tio-mena\/#primaryimage"},"thumbnailUrl":"https:\/\/www.pmpf.rs.gov.br\/cultura\/wp-content\/uploads\/sites\/25\/2022\/03\/tio-mena.jpg","datePublished":"2022-03-28T20:09:16+00:00","dateModified":"2022-04-01T12:10:38+00:00","author":{"@id":"https:\/\/www.pmpf.rs.gov.br\/cultura\/#\/schema\/person\/30ee1d1bd74da1469b01fcf086e43351"},"inLanguage":"pt-BR","potentialAction":[{"@type":"ReadAction","target":["https:\/\/www.pmpf.rs.gov.br\/cultura\/2022\/03\/28\/prefeitura-promove-o-17o-encontro-internacional-de-bandoneon-de-passo-fundo-tio-mena\/"]}]},{"@type":"ImageObject","inLanguage":"pt-BR","@id":"https:\/\/www.pmpf.rs.gov.br\/cultura\/2022\/03\/28\/prefeitura-promove-o-17o-encontro-internacional-de-bandoneon-de-passo-fundo-tio-mena\/#primaryimage","url":"https:\/\/www.pmpf.rs.gov.br\/cultura\/wp-content\/uploads\/sites\/25\/2022\/03\/tio-mena.jpg","contentUrl":"https:\/\/www.pmpf.rs.gov.br\/cultura\/wp-content\/uploads\/sites\/25\/2022\/03\/tio-mena.jpg","width":1008,"height":756},{"@type":"WebSite","@id":"https:\/\/www.pmpf.rs.gov.br\/cultura\/#website","url":"https:\/\/www.pmpf.rs.gov.br\/cultura\/","name":"Secretaria de Cultura","description":"S\u00f3 mais um site Prefeitura de Passo Fundo","potentialAction":[{"@type":"SearchAction","target":{"@type":"EntryPoint","urlTemplate":"https:\/\/www.pmpf.rs.gov.br\/cultura\/?s={search_term_string}"},"query-input":{"@type":"PropertyValueSpecification","valueRequired":true,"valueName":"search_term_string"}}],"inLanguage":"pt-BR"},{"@type":"Person","@id":"https:\/\/www.pmpf.rs.gov.br\/cultura\/#\/schema\/person\/30ee1d1bd74da1469b01fcf086e43351","name":"andressazorzetto07","image":{"@type":"ImageObject","inLanguage":"pt-BR","@id":"https:\/\/www.pmpf.rs.gov.br\/cultura\/#\/schema\/person\/image\/","url":"https:\/\/secure.gravatar.com\/avatar\/14c5458ed79dc81da99a13b9ff5f9f19?s=96&d=mm&r=g","contentUrl":"https:\/\/secure.gravatar.com\/avatar\/14c5458ed79dc81da99a13b9ff5f9f19?s=96&d=mm&r=g","caption":"andressazorzetto07"},"url":"https:\/\/www.pmpf.rs.gov.br\/cultura\/author\/andressazorzetto07\/"}]}},"_links":{"self":[{"href":"https:\/\/www.pmpf.rs.gov.br\/cultura\/wp-json\/wp\/v2\/posts\/3194"}],"collection":[{"href":"https:\/\/www.pmpf.rs.gov.br\/cultura\/wp-json\/wp\/v2\/posts"}],"about":[{"href":"https:\/\/www.pmpf.rs.gov.br\/cultura\/wp-json\/wp\/v2\/types\/post"}],"author":[{"embeddable":true,"href":"https:\/\/www.pmpf.rs.gov.br\/cultura\/wp-json\/wp\/v2\/users\/6"}],"replies":[{"embeddable":true,"href":"https:\/\/www.pmpf.rs.gov.br\/cultura\/wp-json\/wp\/v2\/comments?post=3194"}],"version-history":[{"count":2,"href":"https:\/\/www.pmpf.rs.gov.br\/cultura\/wp-json\/wp\/v2\/posts\/3194\/revisions"}],"predecessor-version":[{"id":3197,"href":"https:\/\/www.pmpf.rs.gov.br\/cultura\/wp-json\/wp\/v2\/posts\/3194\/revisions\/3197"}],"wp:featuredmedia":[{"embeddable":true,"href":"https:\/\/www.pmpf.rs.gov.br\/cultura\/wp-json\/wp\/v2\/media\/3195"}],"wp:attachment":[{"href":"https:\/\/www.pmpf.rs.gov.br\/cultura\/wp-json\/wp\/v2\/media?parent=3194"}],"wp:term":[{"taxonomy":"category","embeddable":true,"href":"https:\/\/www.pmpf.rs.gov.br\/cultura\/wp-json\/wp\/v2\/categories?post=3194"},{"taxonomy":"post_tag","embeddable":true,"href":"https:\/\/www.pmpf.rs.gov.br\/cultura\/wp-json\/wp\/v2\/tags?post=3194"}],"curies":[{"name":"wp","href":"https:\/\/api.w.org\/{rel}","templated":true}]}}