{"id":41,"date":"2025-04-17T09:03:29","date_gmt":"2025-04-17T12:03:29","guid":{"rendered":"https:\/\/www.pmpf.rs.gov.br\/coordenadorias-municipais\/?p=41"},"modified":"2025-04-17T09:03:30","modified_gmt":"2025-04-17T12:03:30","slug":"escola-publica-de-geracoes-da-prefeitura-promove-oficina-em-alusao-ao-dia-do-autismo","status":"publish","type":"post","link":"https:\/\/www.pmpf.rs.gov.br\/coordenadorias-municipais\/2025\/04\/17\/escola-publica-de-geracoes-da-prefeitura-promove-oficina-em-alusao-ao-dia-do-autismo\/","title":{"rendered":"Escola P\u00fablica de Gera\u00e7\u00f5es da Prefeitura promove oficina em alus\u00e3o ao Dia do Autismo"},"content":{"rendered":"\n<p><\/p>\n\n\n\n<p>A Prefeitura de Passo Fundo, atrav\u00e9s da Coordenadoria Municipal de Aten\u00e7\u00e3o ao Idoso, promoveu, nesta ter\u00e7a-feira (15), a primeira rodada de atividades da Escola P\u00fablica de Gera\u00e7\u00f5es, um projeto que valoriza o encontro entre diferentes faixas et\u00e1rias em a\u00e7\u00f5es educativas e afetivas. A estreia ocorreu em comemora\u00e7\u00e3o ao Dia Mundial da Conscientiza\u00e7\u00e3o do Autismo, com oficinas realizadas em parceria com a Escola Municipal de Autistas Professora Olga Caetano Dias.<\/p>\n\n\n\n<p>A atividade foi marcada por momentos de integra\u00e7\u00e3o entre os estudantes e os idosos atendidos pela Coordenadoria. Por meio de oficinas l\u00fadicas e educativas, os participantes puderam trocar experi\u00eancias, aprender uns com os outros e fortalecer v\u00ednculos que unem gera\u00e7\u00f5es.<\/p>\n\n\n\n<p>A coordenadora Municipal de Aten\u00e7\u00e3o ao Idoso, T\u00e2nia Mara Carraro, destacou a emo\u00e7\u00e3o em ver o projeto ganhando vida. \u201c\u00c9 gratificante fazer parte de um projeto t\u00e3o lindo como este, que \u00e9 a Escola P\u00fablica das Gera\u00e7\u00f5es, onde as crian\u00e7as participam com os idosos, resgatando o passado e as origens. Emocionante ver a alegria das crian\u00e7as e dos nossos idosos partilhando conhecimento. A aten\u00e7\u00e3o que as crian\u00e7as demonstram \u00e9 admir\u00e1vel. Tudo isso mostra que estamos no caminho certo, plantando sementinhas para o futuro\u201d, afirmou.<\/p>\n\n\n\n<p>A manh\u00e3 foi ainda mais significativa pelos relatos emocionados dos idosos que participaram da atividade. Vanderlei Pires comentou sobre a experi\u00eancia. \u201cFoi um prazer participar dessa manh\u00e3 com o pessoal da Escola dos Autistas. A coordena\u00e7\u00e3o nos proporcionou esse momento muito agrad\u00e1vel, fora do nosso cotidiano\u201d, relatou.<\/p>\n\n\n\n<p>Rita Monteiro tamb\u00e9m avaliou a a\u00e7\u00e3o como positiva e significativa. \u201cA experi\u00eancia de hoje foi muito interessante com os autistas. Espero que a gente tenha outras parecidas com essas tamb\u00e9m. Pudemos conviver com eles por algumas horas, interagir, aprender e tamb\u00e9m ensinar\u201d, declarou, Rita.<\/p>\n\n\n\n<p>A Escola P\u00fablica de Gera\u00e7\u00f5es \u00e9 uma iniciativa que busca promover a conviv\u00eancia intergeracional, refor\u00e7ando valores como respeito, empatia e valoriza\u00e7\u00e3o da hist\u00f3ria de vida dos mais velhos. A expectativa \u00e9 que novas atividades sejam realizadas ao longo do ano, ampliando os espa\u00e7os de di\u00e1logo e aprendizado m\u00fatuo entre crian\u00e7as e idosos.<\/p>\n","protected":false},"excerpt":{"rendered":"<p>A Prefeitura de Passo Fundo, atrav\u00e9s da Coordenadoria Municipal de Aten\u00e7\u00e3o ao Idoso, promoveu, nesta ter\u00e7a-feira (15), a primeira rodada de atividades da Escola P\u00fablica de Gera\u00e7\u00f5es, um projeto que valoriza o [&hellip;]<\/p>\n","protected":false},"author":24,"featured_media":42,"comment_status":"closed","ping_status":"closed","sticky":false,"template":"","format":"standard","meta":{"footnotes":""},"categories":[1],"tags":[],"class_list":["post-41","post","type-post","status-publish","format-standard","has-post-thumbnail","hentry","category-sem-categoria"],"yoast_head":"<!-- This site is optimized with the Yoast SEO plugin v23.8 - https:\/\/yoast.com\/wordpress\/plugins\/seo\/ -->\n<title>Escola P\u00fablica de Gera\u00e7\u00f5es da Prefeitura promove oficina em alus\u00e3o ao Dia do Autismo - Coordenadorias Municipais<\/title>\n<meta name=\"robots\" content=\"index, follow, max-snippet:-1, max-image-preview:large, max-video-preview:-1\" \/>\n<link rel=\"canonical\" href=\"https:\/\/www.pmpf.rs.gov.br\/coordenadorias-municipais\/2025\/04\/17\/escola-publica-de-geracoes-da-prefeitura-promove-oficina-em-alusao-ao-dia-do-autismo\/\" \/>\n<meta property=\"og:locale\" content=\"pt_BR\" \/>\n<meta property=\"og:type\" content=\"article\" \/>\n<meta property=\"og:title\" content=\"Escola P\u00fablica de Gera\u00e7\u00f5es da Prefeitura promove oficina em alus\u00e3o ao Dia do Autismo - Coordenadorias Municipais\" \/>\n<meta property=\"og:description\" content=\"A Prefeitura de Passo Fundo, atrav\u00e9s da Coordenadoria Municipal de Aten\u00e7\u00e3o ao Idoso, promoveu, nesta ter\u00e7a-feira (15), a primeira rodada de atividades da Escola P\u00fablica de Gera\u00e7\u00f5es, um projeto que valoriza o [&hellip;]\" \/>\n<meta property=\"og:url\" content=\"https:\/\/www.pmpf.rs.gov.br\/coordenadorias-municipais\/2025\/04\/17\/escola-publica-de-geracoes-da-prefeitura-promove-oficina-em-alusao-ao-dia-do-autismo\/\" \/>\n<meta property=\"og:site_name\" content=\"Coordenadorias Municipais\" \/>\n<meta property=\"article:published_time\" content=\"2025-04-17T12:03:29+00:00\" \/>\n<meta property=\"article:modified_time\" content=\"2025-04-17T12:03:30+00:00\" \/>\n<meta name=\"author\" content=\"lilicrivello\" \/>\n<meta name=\"twitter:card\" content=\"summary_large_image\" \/>\n<meta name=\"twitter:label1\" content=\"Escrito por\" \/>\n\t<meta name=\"twitter:data1\" content=\"lilicrivello\" \/>\n\t<meta name=\"twitter:label2\" content=\"Est. tempo de leitura\" \/>\n\t<meta name=\"twitter:data2\" content=\"2 minutos\" \/>\n<script type=\"application\/ld+json\" class=\"yoast-schema-graph\">{\"@context\":\"https:\/\/schema.org\",\"@graph\":[{\"@type\":\"WebPage\",\"@id\":\"https:\/\/www.pmpf.rs.gov.br\/coordenadorias-municipais\/2025\/04\/17\/escola-publica-de-geracoes-da-prefeitura-promove-oficina-em-alusao-ao-dia-do-autismo\/\",\"url\":\"https:\/\/www.pmpf.rs.gov.br\/coordenadorias-municipais\/2025\/04\/17\/escola-publica-de-geracoes-da-prefeitura-promove-oficina-em-alusao-ao-dia-do-autismo\/\",\"name\":\"Escola P\u00fablica de Gera\u00e7\u00f5es da Prefeitura promove oficina em alus\u00e3o ao Dia do Autismo - Coordenadorias Municipais\",\"isPartOf\":{\"@id\":\"https:\/\/www.pmpf.rs.gov.br\/coordenadorias-municipais\/#website\"},\"primaryImageOfPage\":{\"@id\":\"https:\/\/www.pmpf.rs.gov.br\/coordenadorias-municipais\/2025\/04\/17\/escola-publica-de-geracoes-da-prefeitura-promove-oficina-em-alusao-ao-dia-do-autismo\/#primaryimage\"},\"image\":{\"@id\":\"https:\/\/www.pmpf.rs.gov.br\/coordenadorias-municipais\/2025\/04\/17\/escola-publica-de-geracoes-da-prefeitura-promove-oficina-em-alusao-ao-dia-do-autismo\/#primaryimage\"},\"thumbnailUrl\":\"https:\/\/www.pmpf.rs.gov.br\/coordenadorias-municipais\/wp-content\/uploads\/sites\/69\/2025\/04\/WhatsApp-Image-2025-04-15-at-14.03.28.jpeg\",\"datePublished\":\"2025-04-17T12:03:29+00:00\",\"dateModified\":\"2025-04-17T12:03:30+00:00\",\"author\":{\"@id\":\"https:\/\/www.pmpf.rs.gov.br\/coordenadorias-municipais\/#\/schema\/person\/6e93b0ab2174b69f691ac4f278ba2d0a\"},\"breadcrumb\":{\"@id\":\"https:\/\/www.pmpf.rs.gov.br\/coordenadorias-municipais\/2025\/04\/17\/escola-publica-de-geracoes-da-prefeitura-promove-oficina-em-alusao-ao-dia-do-autismo\/#breadcrumb\"},\"inLanguage\":\"pt-BR\",\"potentialAction\":[{\"@type\":\"ReadAction\",\"target\":[\"https:\/\/www.pmpf.rs.gov.br\/coordenadorias-municipais\/2025\/04\/17\/escola-publica-de-geracoes-da-prefeitura-promove-oficina-em-alusao-ao-dia-do-autismo\/\"]}]},{\"@type\":\"ImageObject\",\"inLanguage\":\"pt-BR\",\"@id\":\"https:\/\/www.pmpf.rs.gov.br\/coordenadorias-municipais\/2025\/04\/17\/escola-publica-de-geracoes-da-prefeitura-promove-oficina-em-alusao-ao-dia-do-autismo\/#primaryimage\",\"url\":\"https:\/\/www.pmpf.rs.gov.br\/coordenadorias-municipais\/wp-content\/uploads\/sites\/69\/2025\/04\/WhatsApp-Image-2025-04-15-at-14.03.28.jpeg\",\"contentUrl\":\"https:\/\/www.pmpf.rs.gov.br\/coordenadorias-municipais\/wp-content\/uploads\/sites\/69\/2025\/04\/WhatsApp-Image-2025-04-15-at-14.03.28.jpeg\",\"width\":1600,\"height\":1067},{\"@type\":\"BreadcrumbList\",\"@id\":\"https:\/\/www.pmpf.rs.gov.br\/coordenadorias-municipais\/2025\/04\/17\/escola-publica-de-geracoes-da-prefeitura-promove-oficina-em-alusao-ao-dia-do-autismo\/#breadcrumb\",\"itemListElement\":[{\"@type\":\"ListItem\",\"position\":1,\"name\":\"In\u00edcio\",\"item\":\"https:\/\/www.pmpf.rs.gov.br\/coordenadorias-municipais\/\"},{\"@type\":\"ListItem\",\"position\":2,\"name\":\"Escola P\u00fablica de Gera\u00e7\u00f5es da Prefeitura promove oficina em alus\u00e3o ao Dia do Autismo\"}]},{\"@type\":\"WebSite\",\"@id\":\"https:\/\/www.pmpf.rs.gov.br\/coordenadorias-municipais\/#website\",\"url\":\"https:\/\/www.pmpf.rs.gov.br\/coordenadorias-municipais\/\",\"name\":\"Coordenadorias Municipais\",\"description\":\"S\u00f3 mais um site Prefeitura de Passo Fundo\",\"potentialAction\":[{\"@type\":\"SearchAction\",\"target\":{\"@type\":\"EntryPoint\",\"urlTemplate\":\"https:\/\/www.pmpf.rs.gov.br\/coordenadorias-municipais\/?s={search_term_string}\"},\"query-input\":{\"@type\":\"PropertyValueSpecification\",\"valueRequired\":true,\"valueName\":\"search_term_string\"}}],\"inLanguage\":\"pt-BR\"},{\"@type\":\"Person\",\"@id\":\"https:\/\/www.pmpf.rs.gov.br\/coordenadorias-municipais\/#\/schema\/person\/6e93b0ab2174b69f691ac4f278ba2d0a\",\"name\":\"lilicrivello\",\"image\":{\"@type\":\"ImageObject\",\"inLanguage\":\"pt-BR\",\"@id\":\"https:\/\/www.pmpf.rs.gov.br\/coordenadorias-municipais\/#\/schema\/person\/image\/\",\"url\":\"https:\/\/secure.gravatar.com\/avatar\/0b546b667388f8edb7b67d70a57b5e46?s=96&d=mm&r=g\",\"contentUrl\":\"https:\/\/secure.gravatar.com\/avatar\/0b546b667388f8edb7b67d70a57b5e46?s=96&d=mm&r=g\",\"caption\":\"lilicrivello\"},\"url\":\"https:\/\/www.pmpf.rs.gov.br\/coordenadorias-municipais\/author\/lilicrivello\/\"}]}<\/script>\n<!-- \/ Yoast SEO plugin. -->","yoast_head_json":{"title":"Escola P\u00fablica de Gera\u00e7\u00f5es da Prefeitura promove oficina em alus\u00e3o ao Dia do Autismo - Coordenadorias Municipais","robots":{"index":"index","follow":"follow","max-snippet":"max-snippet:-1","max-image-preview":"max-image-preview:large","max-video-preview":"max-video-preview:-1"},"canonical":"https:\/\/www.pmpf.rs.gov.br\/coordenadorias-municipais\/2025\/04\/17\/escola-publica-de-geracoes-da-prefeitura-promove-oficina-em-alusao-ao-dia-do-autismo\/","og_locale":"pt_BR","og_type":"article","og_title":"Escola P\u00fablica de Gera\u00e7\u00f5es da Prefeitura promove oficina em alus\u00e3o ao Dia do Autismo - Coordenadorias Municipais","og_description":"A Prefeitura de Passo Fundo, atrav\u00e9s da Coordenadoria Municipal de Aten\u00e7\u00e3o ao Idoso, promoveu, nesta ter\u00e7a-feira (15), a primeira rodada de atividades da Escola P\u00fablica de Gera\u00e7\u00f5es, um projeto que valoriza o [&hellip;]","og_url":"https:\/\/www.pmpf.rs.gov.br\/coordenadorias-municipais\/2025\/04\/17\/escola-publica-de-geracoes-da-prefeitura-promove-oficina-em-alusao-ao-dia-do-autismo\/","og_site_name":"Coordenadorias Municipais","article_published_time":"2025-04-17T12:03:29+00:00","article_modified_time":"2025-04-17T12:03:30+00:00","author":"lilicrivello","twitter_card":"summary_large_image","twitter_misc":{"Escrito por":"lilicrivello","Est. tempo de leitura":"2 minutos"},"schema":{"@context":"https:\/\/schema.org","@graph":[{"@type":"WebPage","@id":"https:\/\/www.pmpf.rs.gov.br\/coordenadorias-municipais\/2025\/04\/17\/escola-publica-de-geracoes-da-prefeitura-promove-oficina-em-alusao-ao-dia-do-autismo\/","url":"https:\/\/www.pmpf.rs.gov.br\/coordenadorias-municipais\/2025\/04\/17\/escola-publica-de-geracoes-da-prefeitura-promove-oficina-em-alusao-ao-dia-do-autismo\/","name":"Escola P\u00fablica de Gera\u00e7\u00f5es da Prefeitura promove oficina em alus\u00e3o ao Dia do Autismo - Coordenadorias Municipais","isPartOf":{"@id":"https:\/\/www.pmpf.rs.gov.br\/coordenadorias-municipais\/#website"},"primaryImageOfPage":{"@id":"https:\/\/www.pmpf.rs.gov.br\/coordenadorias-municipais\/2025\/04\/17\/escola-publica-de-geracoes-da-prefeitura-promove-oficina-em-alusao-ao-dia-do-autismo\/#primaryimage"},"image":{"@id":"https:\/\/www.pmpf.rs.gov.br\/coordenadorias-municipais\/2025\/04\/17\/escola-publica-de-geracoes-da-prefeitura-promove-oficina-em-alusao-ao-dia-do-autismo\/#primaryimage"},"thumbnailUrl":"https:\/\/www.pmpf.rs.gov.br\/coordenadorias-municipais\/wp-content\/uploads\/sites\/69\/2025\/04\/WhatsApp-Image-2025-04-15-at-14.03.28.jpeg","datePublished":"2025-04-17T12:03:29+00:00","dateModified":"2025-04-17T12:03:30+00:00","author":{"@id":"https:\/\/www.pmpf.rs.gov.br\/coordenadorias-municipais\/#\/schema\/person\/6e93b0ab2174b69f691ac4f278ba2d0a"},"breadcrumb":{"@id":"https:\/\/www.pmpf.rs.gov.br\/coordenadorias-municipais\/2025\/04\/17\/escola-publica-de-geracoes-da-prefeitura-promove-oficina-em-alusao-ao-dia-do-autismo\/#breadcrumb"},"inLanguage":"pt-BR","potentialAction":[{"@type":"ReadAction","target":["https:\/\/www.pmpf.rs.gov.br\/coordenadorias-municipais\/2025\/04\/17\/escola-publica-de-geracoes-da-prefeitura-promove-oficina-em-alusao-ao-dia-do-autismo\/"]}]},{"@type":"ImageObject","inLanguage":"pt-BR","@id":"https:\/\/www.pmpf.rs.gov.br\/coordenadorias-municipais\/2025\/04\/17\/escola-publica-de-geracoes-da-prefeitura-promove-oficina-em-alusao-ao-dia-do-autismo\/#primaryimage","url":"https:\/\/www.pmpf.rs.gov.br\/coordenadorias-municipais\/wp-content\/uploads\/sites\/69\/2025\/04\/WhatsApp-Image-2025-04-15-at-14.03.28.jpeg","contentUrl":"https:\/\/www.pmpf.rs.gov.br\/coordenadorias-municipais\/wp-content\/uploads\/sites\/69\/2025\/04\/WhatsApp-Image-2025-04-15-at-14.03.28.jpeg","width":1600,"height":1067},{"@type":"BreadcrumbList","@id":"https:\/\/www.pmpf.rs.gov.br\/coordenadorias-municipais\/2025\/04\/17\/escola-publica-de-geracoes-da-prefeitura-promove-oficina-em-alusao-ao-dia-do-autismo\/#breadcrumb","itemListElement":[{"@type":"ListItem","position":1,"name":"In\u00edcio","item":"https:\/\/www.pmpf.rs.gov.br\/coordenadorias-municipais\/"},{"@type":"ListItem","position":2,"name":"Escola P\u00fablica de Gera\u00e7\u00f5es da Prefeitura promove oficina em alus\u00e3o ao Dia do Autismo"}]},{"@type":"WebSite","@id":"https:\/\/www.pmpf.rs.gov.br\/coordenadorias-municipais\/#website","url":"https:\/\/www.pmpf.rs.gov.br\/coordenadorias-municipais\/","name":"Coordenadorias Municipais","description":"S\u00f3 mais um site Prefeitura de Passo Fundo","potentialAction":[{"@type":"SearchAction","target":{"@type":"EntryPoint","urlTemplate":"https:\/\/www.pmpf.rs.gov.br\/coordenadorias-municipais\/?s={search_term_string}"},"query-input":{"@type":"PropertyValueSpecification","valueRequired":true,"valueName":"search_term_string"}}],"inLanguage":"pt-BR"},{"@type":"Person","@id":"https:\/\/www.pmpf.rs.gov.br\/coordenadorias-municipais\/#\/schema\/person\/6e93b0ab2174b69f691ac4f278ba2d0a","name":"lilicrivello","image":{"@type":"ImageObject","inLanguage":"pt-BR","@id":"https:\/\/www.pmpf.rs.gov.br\/coordenadorias-municipais\/#\/schema\/person\/image\/","url":"https:\/\/secure.gravatar.com\/avatar\/0b546b667388f8edb7b67d70a57b5e46?s=96&d=mm&r=g","contentUrl":"https:\/\/secure.gravatar.com\/avatar\/0b546b667388f8edb7b67d70a57b5e46?s=96&d=mm&r=g","caption":"lilicrivello"},"url":"https:\/\/www.pmpf.rs.gov.br\/coordenadorias-municipais\/author\/lilicrivello\/"}]}},"_links":{"self":[{"href":"https:\/\/www.pmpf.rs.gov.br\/coordenadorias-municipais\/wp-json\/wp\/v2\/posts\/41"}],"collection":[{"href":"https:\/\/www.pmpf.rs.gov.br\/coordenadorias-municipais\/wp-json\/wp\/v2\/posts"}],"about":[{"href":"https:\/\/www.pmpf.rs.gov.br\/coordenadorias-municipais\/wp-json\/wp\/v2\/types\/post"}],"author":[{"embeddable":true,"href":"https:\/\/www.pmpf.rs.gov.br\/coordenadorias-municipais\/wp-json\/wp\/v2\/users\/24"}],"replies":[{"embeddable":true,"href":"https:\/\/www.pmpf.rs.gov.br\/coordenadorias-municipais\/wp-json\/wp\/v2\/comments?post=41"}],"version-history":[{"count":1,"href":"https:\/\/www.pmpf.rs.gov.br\/coordenadorias-municipais\/wp-json\/wp\/v2\/posts\/41\/revisions"}],"predecessor-version":[{"id":43,"href":"https:\/\/www.pmpf.rs.gov.br\/coordenadorias-municipais\/wp-json\/wp\/v2\/posts\/41\/revisions\/43"}],"wp:featuredmedia":[{"embeddable":true,"href":"https:\/\/www.pmpf.rs.gov.br\/coordenadorias-municipais\/wp-json\/wp\/v2\/media\/42"}],"wp:attachment":[{"href":"https:\/\/www.pmpf.rs.gov.br\/coordenadorias-municipais\/wp-json\/wp\/v2\/media?parent=41"}],"wp:term":[{"taxonomy":"category","embeddable":true,"href":"https:\/\/www.pmpf.rs.gov.br\/coordenadorias-municipais\/wp-json\/wp\/v2\/categories?post=41"},{"taxonomy":"post_tag","embeddable":true,"href":"https:\/\/www.pmpf.rs.gov.br\/coordenadorias-municipais\/wp-json\/wp\/v2\/tags?post=41"}],"curies":[{"name":"wp","href":"https:\/\/api.w.org\/{rel}","templated":true}]}}