{"id":21,"date":"2025-02-05T15:01:15","date_gmt":"2025-02-05T18:01:15","guid":{"rendered":"https:\/\/www.pmpf.rs.gov.br\/coordenadorias-municipais\/?p=21"},"modified":"2025-02-05T15:01:16","modified_gmt":"2025-02-05T18:01:16","slug":"inscricoes-para-oficinas-da-coordenadoria-de-atencao-ao-idoso-iniciam-com-grande-procura","status":"publish","type":"post","link":"https:\/\/www.pmpf.rs.gov.br\/coordenadorias-municipais\/2025\/02\/05\/inscricoes-para-oficinas-da-coordenadoria-de-atencao-ao-idoso-iniciam-com-grande-procura\/","title":{"rendered":"Inscri\u00e7\u00f5es para oficinas da Coordenadoria de Aten\u00e7\u00e3o ao Idoso iniciam com grande procura"},"content":{"rendered":"\n<p><\/p>\n\n\n\n<p>A Coordenadoria de Aten\u00e7\u00e3o ao Idoso da Prefeitura de Passo Fundo deu in\u00edcio, nesta quarta-feira (5), ao per\u00edodo de inscri\u00e7\u00f5es para as oficinas que ser\u00e3o realizadas ao longo do ano. As matr\u00edculas e rematr\u00edculas acontecem at\u00e9 sexta-feira (7), na sede da Coordenadoria, localizada na Rua Ant\u00f4nio Ara\u00fajo, 1190 &#8211; Centro.<\/p>\n\n\n\n<p>No primeiro dia de inscri\u00e7\u00f5es, a procura foi intensa. Durante a manh\u00e3, 128 pessoas foram atendidas e, no per\u00edodo da tarde, j\u00e1 haviam sido entregues 140 senhas. A expectativa \u00e9 de que, nos pr\u00f3ximos dias, mais idosos compare\u00e7am para garantir uma vaga nas atividades.<\/p>\n\n\n\n<p>A programa\u00e7\u00e3o deste ano conta com 26 oficinas, entre elas: banda, coral, teclado, flauta, gaita, teoria musical, canto individual, viol\u00e3o, literatura, alfabetiza\u00e7\u00e3o, espanhol, franc\u00eas, GTG, dan\u00e7a das mulheres, computa\u00e7\u00e3o, notebook, celular, pilates, alongamento, yoga, mem\u00f3ria, pintura, artesanato, funcional e zumba.<\/p>\n\n\n\n<p>A coordenadora, T\u00e2nia Carraro, destacou a import\u00e2ncia das atividades para a qualidade de vida dos participantes. &#8220;As oficinas s\u00e3o fundamentais para a socializa\u00e7\u00e3o, o bem-estar e a manuten\u00e7\u00e3o da autonomia dos idosos. Estamos muito felizes com a grande ades\u00e3o e esperamos um ano de muitas atividades e aprendizado para todos.&#8221;<\/p>\n\n\n\n<p>As inscri\u00e7\u00f5es seguem nos dias 6 e 7 de fevereiro, no hor\u00e1rio das 13h30 \u00e0s 16h30. Os interessados podem obter mais informa\u00e7\u00f5es pelo telefone (54) 99917-0714.<\/p>\n","protected":false},"excerpt":{"rendered":"<p>Mais de 250 pessoas foram atendidas nesta quarta-feira<\/p>\n","protected":false},"author":24,"featured_media":22,"comment_status":"closed","ping_status":"closed","sticky":false,"template":"","format":"standard","meta":{"footnotes":""},"categories":[1],"tags":[],"class_list":["post-21","post","type-post","status-publish","format-standard","has-post-thumbnail","hentry","category-sem-categoria"],"yoast_head":"<!-- This site is optimized with the Yoast SEO plugin v23.8 - https:\/\/yoast.com\/wordpress\/plugins\/seo\/ -->\n<title>Inscri\u00e7\u00f5es para oficinas da Coordenadoria de Aten\u00e7\u00e3o ao Idoso iniciam com grande procura - Coordenadorias Municipais<\/title>\n<meta name=\"robots\" content=\"index, follow, max-snippet:-1, max-image-preview:large, max-video-preview:-1\" \/>\n<link rel=\"canonical\" href=\"https:\/\/www.pmpf.rs.gov.br\/coordenadorias-municipais\/2025\/02\/05\/inscricoes-para-oficinas-da-coordenadoria-de-atencao-ao-idoso-iniciam-com-grande-procura\/\" \/>\n<meta property=\"og:locale\" content=\"pt_BR\" \/>\n<meta property=\"og:type\" content=\"article\" \/>\n<meta property=\"og:title\" content=\"Inscri\u00e7\u00f5es para oficinas da Coordenadoria de Aten\u00e7\u00e3o ao Idoso iniciam com grande procura - Coordenadorias Municipais\" \/>\n<meta property=\"og:description\" content=\"Mais de 250 pessoas foram atendidas nesta quarta-feira\" \/>\n<meta property=\"og:url\" content=\"https:\/\/www.pmpf.rs.gov.br\/coordenadorias-municipais\/2025\/02\/05\/inscricoes-para-oficinas-da-coordenadoria-de-atencao-ao-idoso-iniciam-com-grande-procura\/\" \/>\n<meta property=\"og:site_name\" content=\"Coordenadorias Municipais\" \/>\n<meta property=\"article:published_time\" content=\"2025-02-05T18:01:15+00:00\" \/>\n<meta property=\"article:modified_time\" content=\"2025-02-05T18:01:16+00:00\" \/>\n<meta name=\"author\" content=\"lilicrivello\" \/>\n<meta name=\"twitter:card\" content=\"summary_large_image\" \/>\n<meta name=\"twitter:label1\" content=\"Escrito por\" \/>\n\t<meta name=\"twitter:data1\" content=\"lilicrivello\" \/>\n\t<meta name=\"twitter:label2\" content=\"Est. tempo de leitura\" \/>\n\t<meta name=\"twitter:data2\" content=\"1 minuto\" \/>\n<script type=\"application\/ld+json\" class=\"yoast-schema-graph\">{\"@context\":\"https:\/\/schema.org\",\"@graph\":[{\"@type\":\"WebPage\",\"@id\":\"https:\/\/www.pmpf.rs.gov.br\/coordenadorias-municipais\/2025\/02\/05\/inscricoes-para-oficinas-da-coordenadoria-de-atencao-ao-idoso-iniciam-com-grande-procura\/\",\"url\":\"https:\/\/www.pmpf.rs.gov.br\/coordenadorias-municipais\/2025\/02\/05\/inscricoes-para-oficinas-da-coordenadoria-de-atencao-ao-idoso-iniciam-com-grande-procura\/\",\"name\":\"Inscri\u00e7\u00f5es para oficinas da Coordenadoria de Aten\u00e7\u00e3o ao Idoso iniciam com grande procura - Coordenadorias Municipais\",\"isPartOf\":{\"@id\":\"https:\/\/www.pmpf.rs.gov.br\/coordenadorias-municipais\/#website\"},\"primaryImageOfPage\":{\"@id\":\"https:\/\/www.pmpf.rs.gov.br\/coordenadorias-municipais\/2025\/02\/05\/inscricoes-para-oficinas-da-coordenadoria-de-atencao-ao-idoso-iniciam-com-grande-procura\/#primaryimage\"},\"image\":{\"@id\":\"https:\/\/www.pmpf.rs.gov.br\/coordenadorias-municipais\/2025\/02\/05\/inscricoes-para-oficinas-da-coordenadoria-de-atencao-ao-idoso-iniciam-com-grande-procura\/#primaryimage\"},\"thumbnailUrl\":\"https:\/\/www.pmpf.rs.gov.br\/coordenadorias-municipais\/wp-content\/uploads\/sites\/69\/2025\/02\/WhatsApp-Image-2025-02-05-at-14.52.16.jpeg\",\"datePublished\":\"2025-02-05T18:01:15+00:00\",\"dateModified\":\"2025-02-05T18:01:16+00:00\",\"author\":{\"@id\":\"https:\/\/www.pmpf.rs.gov.br\/coordenadorias-municipais\/#\/schema\/person\/6e93b0ab2174b69f691ac4f278ba2d0a\"},\"breadcrumb\":{\"@id\":\"https:\/\/www.pmpf.rs.gov.br\/coordenadorias-municipais\/2025\/02\/05\/inscricoes-para-oficinas-da-coordenadoria-de-atencao-ao-idoso-iniciam-com-grande-procura\/#breadcrumb\"},\"inLanguage\":\"pt-BR\",\"potentialAction\":[{\"@type\":\"ReadAction\",\"target\":[\"https:\/\/www.pmpf.rs.gov.br\/coordenadorias-municipais\/2025\/02\/05\/inscricoes-para-oficinas-da-coordenadoria-de-atencao-ao-idoso-iniciam-com-grande-procura\/\"]}]},{\"@type\":\"ImageObject\",\"inLanguage\":\"pt-BR\",\"@id\":\"https:\/\/www.pmpf.rs.gov.br\/coordenadorias-municipais\/2025\/02\/05\/inscricoes-para-oficinas-da-coordenadoria-de-atencao-ao-idoso-iniciam-com-grande-procura\/#primaryimage\",\"url\":\"https:\/\/www.pmpf.rs.gov.br\/coordenadorias-municipais\/wp-content\/uploads\/sites\/69\/2025\/02\/WhatsApp-Image-2025-02-05-at-14.52.16.jpeg\",\"contentUrl\":\"https:\/\/www.pmpf.rs.gov.br\/coordenadorias-municipais\/wp-content\/uploads\/sites\/69\/2025\/02\/WhatsApp-Image-2025-02-05-at-14.52.16.jpeg\",\"width\":1600,\"height\":1200},{\"@type\":\"BreadcrumbList\",\"@id\":\"https:\/\/www.pmpf.rs.gov.br\/coordenadorias-municipais\/2025\/02\/05\/inscricoes-para-oficinas-da-coordenadoria-de-atencao-ao-idoso-iniciam-com-grande-procura\/#breadcrumb\",\"itemListElement\":[{\"@type\":\"ListItem\",\"position\":1,\"name\":\"In\u00edcio\",\"item\":\"https:\/\/www.pmpf.rs.gov.br\/coordenadorias-municipais\/\"},{\"@type\":\"ListItem\",\"position\":2,\"name\":\"Inscri\u00e7\u00f5es para oficinas da Coordenadoria de Aten\u00e7\u00e3o ao Idoso iniciam com grande procura\"}]},{\"@type\":\"WebSite\",\"@id\":\"https:\/\/www.pmpf.rs.gov.br\/coordenadorias-municipais\/#website\",\"url\":\"https:\/\/www.pmpf.rs.gov.br\/coordenadorias-municipais\/\",\"name\":\"Coordenadorias Municipais\",\"description\":\"S\u00f3 mais um site Prefeitura de Passo Fundo\",\"potentialAction\":[{\"@type\":\"SearchAction\",\"target\":{\"@type\":\"EntryPoint\",\"urlTemplate\":\"https:\/\/www.pmpf.rs.gov.br\/coordenadorias-municipais\/?s={search_term_string}\"},\"query-input\":{\"@type\":\"PropertyValueSpecification\",\"valueRequired\":true,\"valueName\":\"search_term_string\"}}],\"inLanguage\":\"pt-BR\"},{\"@type\":\"Person\",\"@id\":\"https:\/\/www.pmpf.rs.gov.br\/coordenadorias-municipais\/#\/schema\/person\/6e93b0ab2174b69f691ac4f278ba2d0a\",\"name\":\"lilicrivello\",\"image\":{\"@type\":\"ImageObject\",\"inLanguage\":\"pt-BR\",\"@id\":\"https:\/\/www.pmpf.rs.gov.br\/coordenadorias-municipais\/#\/schema\/person\/image\/\",\"url\":\"https:\/\/secure.gravatar.com\/avatar\/0b546b667388f8edb7b67d70a57b5e46?s=96&d=mm&r=g\",\"contentUrl\":\"https:\/\/secure.gravatar.com\/avatar\/0b546b667388f8edb7b67d70a57b5e46?s=96&d=mm&r=g\",\"caption\":\"lilicrivello\"},\"url\":\"https:\/\/www.pmpf.rs.gov.br\/coordenadorias-municipais\/author\/lilicrivello\/\"}]}<\/script>\n<!-- \/ Yoast SEO plugin. -->","yoast_head_json":{"title":"Inscri\u00e7\u00f5es para oficinas da Coordenadoria de Aten\u00e7\u00e3o ao Idoso iniciam com grande procura - Coordenadorias Municipais","robots":{"index":"index","follow":"follow","max-snippet":"max-snippet:-1","max-image-preview":"max-image-preview:large","max-video-preview":"max-video-preview:-1"},"canonical":"https:\/\/www.pmpf.rs.gov.br\/coordenadorias-municipais\/2025\/02\/05\/inscricoes-para-oficinas-da-coordenadoria-de-atencao-ao-idoso-iniciam-com-grande-procura\/","og_locale":"pt_BR","og_type":"article","og_title":"Inscri\u00e7\u00f5es para oficinas da Coordenadoria de Aten\u00e7\u00e3o ao Idoso iniciam com grande procura - Coordenadorias Municipais","og_description":"Mais de 250 pessoas foram atendidas nesta quarta-feira","og_url":"https:\/\/www.pmpf.rs.gov.br\/coordenadorias-municipais\/2025\/02\/05\/inscricoes-para-oficinas-da-coordenadoria-de-atencao-ao-idoso-iniciam-com-grande-procura\/","og_site_name":"Coordenadorias Municipais","article_published_time":"2025-02-05T18:01:15+00:00","article_modified_time":"2025-02-05T18:01:16+00:00","author":"lilicrivello","twitter_card":"summary_large_image","twitter_misc":{"Escrito por":"lilicrivello","Est. tempo de leitura":"1 minuto"},"schema":{"@context":"https:\/\/schema.org","@graph":[{"@type":"WebPage","@id":"https:\/\/www.pmpf.rs.gov.br\/coordenadorias-municipais\/2025\/02\/05\/inscricoes-para-oficinas-da-coordenadoria-de-atencao-ao-idoso-iniciam-com-grande-procura\/","url":"https:\/\/www.pmpf.rs.gov.br\/coordenadorias-municipais\/2025\/02\/05\/inscricoes-para-oficinas-da-coordenadoria-de-atencao-ao-idoso-iniciam-com-grande-procura\/","name":"Inscri\u00e7\u00f5es para oficinas da Coordenadoria de Aten\u00e7\u00e3o ao Idoso iniciam com grande procura - Coordenadorias Municipais","isPartOf":{"@id":"https:\/\/www.pmpf.rs.gov.br\/coordenadorias-municipais\/#website"},"primaryImageOfPage":{"@id":"https:\/\/www.pmpf.rs.gov.br\/coordenadorias-municipais\/2025\/02\/05\/inscricoes-para-oficinas-da-coordenadoria-de-atencao-ao-idoso-iniciam-com-grande-procura\/#primaryimage"},"image":{"@id":"https:\/\/www.pmpf.rs.gov.br\/coordenadorias-municipais\/2025\/02\/05\/inscricoes-para-oficinas-da-coordenadoria-de-atencao-ao-idoso-iniciam-com-grande-procura\/#primaryimage"},"thumbnailUrl":"https:\/\/www.pmpf.rs.gov.br\/coordenadorias-municipais\/wp-content\/uploads\/sites\/69\/2025\/02\/WhatsApp-Image-2025-02-05-at-14.52.16.jpeg","datePublished":"2025-02-05T18:01:15+00:00","dateModified":"2025-02-05T18:01:16+00:00","author":{"@id":"https:\/\/www.pmpf.rs.gov.br\/coordenadorias-municipais\/#\/schema\/person\/6e93b0ab2174b69f691ac4f278ba2d0a"},"breadcrumb":{"@id":"https:\/\/www.pmpf.rs.gov.br\/coordenadorias-municipais\/2025\/02\/05\/inscricoes-para-oficinas-da-coordenadoria-de-atencao-ao-idoso-iniciam-com-grande-procura\/#breadcrumb"},"inLanguage":"pt-BR","potentialAction":[{"@type":"ReadAction","target":["https:\/\/www.pmpf.rs.gov.br\/coordenadorias-municipais\/2025\/02\/05\/inscricoes-para-oficinas-da-coordenadoria-de-atencao-ao-idoso-iniciam-com-grande-procura\/"]}]},{"@type":"ImageObject","inLanguage":"pt-BR","@id":"https:\/\/www.pmpf.rs.gov.br\/coordenadorias-municipais\/2025\/02\/05\/inscricoes-para-oficinas-da-coordenadoria-de-atencao-ao-idoso-iniciam-com-grande-procura\/#primaryimage","url":"https:\/\/www.pmpf.rs.gov.br\/coordenadorias-municipais\/wp-content\/uploads\/sites\/69\/2025\/02\/WhatsApp-Image-2025-02-05-at-14.52.16.jpeg","contentUrl":"https:\/\/www.pmpf.rs.gov.br\/coordenadorias-municipais\/wp-content\/uploads\/sites\/69\/2025\/02\/WhatsApp-Image-2025-02-05-at-14.52.16.jpeg","width":1600,"height":1200},{"@type":"BreadcrumbList","@id":"https:\/\/www.pmpf.rs.gov.br\/coordenadorias-municipais\/2025\/02\/05\/inscricoes-para-oficinas-da-coordenadoria-de-atencao-ao-idoso-iniciam-com-grande-procura\/#breadcrumb","itemListElement":[{"@type":"ListItem","position":1,"name":"In\u00edcio","item":"https:\/\/www.pmpf.rs.gov.br\/coordenadorias-municipais\/"},{"@type":"ListItem","position":2,"name":"Inscri\u00e7\u00f5es para oficinas da Coordenadoria de Aten\u00e7\u00e3o ao Idoso iniciam com grande procura"}]},{"@type":"WebSite","@id":"https:\/\/www.pmpf.rs.gov.br\/coordenadorias-municipais\/#website","url":"https:\/\/www.pmpf.rs.gov.br\/coordenadorias-municipais\/","name":"Coordenadorias Municipais","description":"S\u00f3 mais um site Prefeitura de Passo Fundo","potentialAction":[{"@type":"SearchAction","target":{"@type":"EntryPoint","urlTemplate":"https:\/\/www.pmpf.rs.gov.br\/coordenadorias-municipais\/?s={search_term_string}"},"query-input":{"@type":"PropertyValueSpecification","valueRequired":true,"valueName":"search_term_string"}}],"inLanguage":"pt-BR"},{"@type":"Person","@id":"https:\/\/www.pmpf.rs.gov.br\/coordenadorias-municipais\/#\/schema\/person\/6e93b0ab2174b69f691ac4f278ba2d0a","name":"lilicrivello","image":{"@type":"ImageObject","inLanguage":"pt-BR","@id":"https:\/\/www.pmpf.rs.gov.br\/coordenadorias-municipais\/#\/schema\/person\/image\/","url":"https:\/\/secure.gravatar.com\/avatar\/0b546b667388f8edb7b67d70a57b5e46?s=96&d=mm&r=g","contentUrl":"https:\/\/secure.gravatar.com\/avatar\/0b546b667388f8edb7b67d70a57b5e46?s=96&d=mm&r=g","caption":"lilicrivello"},"url":"https:\/\/www.pmpf.rs.gov.br\/coordenadorias-municipais\/author\/lilicrivello\/"}]}},"_links":{"self":[{"href":"https:\/\/www.pmpf.rs.gov.br\/coordenadorias-municipais\/wp-json\/wp\/v2\/posts\/21"}],"collection":[{"href":"https:\/\/www.pmpf.rs.gov.br\/coordenadorias-municipais\/wp-json\/wp\/v2\/posts"}],"about":[{"href":"https:\/\/www.pmpf.rs.gov.br\/coordenadorias-municipais\/wp-json\/wp\/v2\/types\/post"}],"author":[{"embeddable":true,"href":"https:\/\/www.pmpf.rs.gov.br\/coordenadorias-municipais\/wp-json\/wp\/v2\/users\/24"}],"replies":[{"embeddable":true,"href":"https:\/\/www.pmpf.rs.gov.br\/coordenadorias-municipais\/wp-json\/wp\/v2\/comments?post=21"}],"version-history":[{"count":1,"href":"https:\/\/www.pmpf.rs.gov.br\/coordenadorias-municipais\/wp-json\/wp\/v2\/posts\/21\/revisions"}],"predecessor-version":[{"id":23,"href":"https:\/\/www.pmpf.rs.gov.br\/coordenadorias-municipais\/wp-json\/wp\/v2\/posts\/21\/revisions\/23"}],"wp:featuredmedia":[{"embeddable":true,"href":"https:\/\/www.pmpf.rs.gov.br\/coordenadorias-municipais\/wp-json\/wp\/v2\/media\/22"}],"wp:attachment":[{"href":"https:\/\/www.pmpf.rs.gov.br\/coordenadorias-municipais\/wp-json\/wp\/v2\/media?parent=21"}],"wp:term":[{"taxonomy":"category","embeddable":true,"href":"https:\/\/www.pmpf.rs.gov.br\/coordenadorias-municipais\/wp-json\/wp\/v2\/categories?post=21"},{"taxonomy":"post_tag","embeddable":true,"href":"https:\/\/www.pmpf.rs.gov.br\/coordenadorias-municipais\/wp-json\/wp\/v2\/tags?post=21"}],"curies":[{"name":"wp","href":"https:\/\/api.w.org\/{rel}","templated":true}]}}