{"id":19,"date":"2024-11-18T13:46:15","date_gmt":"2024-11-18T16:46:15","guid":{"rendered":"https:\/\/www.pmpf.rs.gov.br\/coordenadorias-municipais\/?p=19"},"modified":"2024-11-18T13:46:16","modified_gmt":"2024-11-18T16:46:16","slug":"prefeitura-celebra-a-semana-da-consciencia-negra-com-eventos-de-valorizacao-e-igualdade-racial","status":"publish","type":"post","link":"https:\/\/www.pmpf.rs.gov.br\/coordenadorias-municipais\/2024\/11\/18\/prefeitura-celebra-a-semana-da-consciencia-negra-com-eventos-de-valorizacao-e-igualdade-racial\/","title":{"rendered":"Prefeitura celebra a Semana da Consci\u00eancia Negra com eventos de valoriza\u00e7\u00e3o e igualdade racial"},"content":{"rendered":"\n<p>A Prefeitura de Passo Fundo inicia uma s\u00e9rie de atividades em comemora\u00e7\u00e3o \u00e0 Semana da Consci\u00eancia Negra, com o objetivo de valorizar a cultura afro-brasileira e refletir sobre a igualdade racial. A programa\u00e7\u00e3o, organizada pela Secretaria de Cultura, Coordenadoria de Promo\u00e7\u00e3o da Igualdade Racial e entidades ligadas a a\u00e7\u00f5es da negritude de Passo Fundo, envolve eventos culturais, debates, e homenagens, culminando no feriado de 20 de novembro, Dia da Consci\u00eancia Negra, dedicado ao l\u00edder quilombola Zumbi dos Palmares.<\/p>\n\n\n\n<p>O coordenador de Promo\u00e7\u00e3o da Igualdade Racial, Vitor Paulo Machado, destaca a relev\u00e2ncia do evento. \u201cO primeiro feriado do 20 de novembro, como data hist\u00f3rica, tem grande relev\u00e2ncia, especialmente para a popula\u00e7\u00e3o negra, pois marca o Dia da Consci\u00eancia Negra no Brasil. O reconhecimento da hist\u00f3ria e cultura negra permite que institui\u00e7\u00f5es reforcem o papel da popula\u00e7\u00e3o negra na forma\u00e7\u00e3o social, cultural e econ\u00f4mica do Brasil, incentivando o respeito e o conhecimento sobre suas tradi\u00e7\u00f5es\u201d, frisa Machado.<\/p>\n\n\n\n<p>Al\u00e9m de discuss\u00f5es sobre o impacto do racismo estrutural e a contribui\u00e7\u00e3o da popula\u00e7\u00e3o negra na hist\u00f3ria brasileira, a Semana da Consci\u00eancia Negra ser\u00e1 tamb\u00e9m uma oportunidade para a comunidade participar de atividades culturais e educativas. Haver\u00e1 rodas de conversa, exibi\u00e7\u00e3o de filmes tem\u00e1ticos, apresenta\u00e7\u00f5es de dan\u00e7as tradicionais e oficinas de capoeira, entre outros eventos.<\/p>\n\n\n\n<p>O encerramento contar\u00e1 com uma cerim\u00f4nia solene em homenagem ao Dia da Consci\u00eancia Negra, refor\u00e7ando o compromisso da Prefeitura com pol\u00edticas p\u00fablicas que visem \u00e0 redu\u00e7\u00e3o da desigualdade racial e ao fortalecimento das identidades afro-brasileiras.<\/p>\n\n\n\n<p>A Semana da Consci\u00eancia Negra contar\u00e1 com uma programa\u00e7\u00e3o diversificada e aberta ao p\u00fablico. Confira a agenda completa:<br><strong>18\/11\/2024<br><\/strong>18h &#8211; Sess\u00e3o Solene na C\u00e2mara de Vereadores<br>20h &#8211; Hist\u00f3ria do 20 Novembro &#8211; Show com Alforria canta a lenda do chafariz da M\u00e3e Preta &#8211; Teatro M\u00facio de Castro<\/p>\n\n\n\n<p><strong>19\/11\/2024<br><\/strong>21h &#8211; Jantar Baile &#8211; Comidas T\u00edpicas &#8211; Sede Garotos da Batucada<\/p>\n\n\n\n<p><strong>20\/11\/2024<br><\/strong>15h &#8211; Quizomba na Pra\u00e7a &#8211; Pra\u00e7a da M\u00e3e<\/p>\n\n\n\n<p><strong>21\/11\/2024<br><\/strong>20h &#8211; Filme: Medida Provis\u00f3ria &#8211; Pra\u00e7a da M\u00e3e<\/p>\n\n\n\n<p><strong>22\/11\/2024<br><\/strong>19h30 &#8211; Noite dos Cantadores &#8211; Show de Musicalidade da Capoeira &#8211; Teatro do SESC<br>23h &#8211; Show Nacional \u2013 Boka Loka &#8211; Santo Gole, Bairro Vera Cruz<\/p>\n\n\n\n<p><strong>23\/11\/2024<br><\/strong>08h30min at\u00e9 10h30min &#8211; I\u00aa Mostra de Trabalhos referente a Cultura Afro-brasileira &#8211; Escola Estadual de Ensino Fundamental Irm\u00e3 Maria Margarida<br>14h &#8211; XIV Mostra da Consci\u00eancia Negra &#8211; Escola Estadual de Ensino Fundamental Anna Willig<br>10h &#8211; Noite dos Cantadores &#8211; Oficinas gratuitas de capoeira, Samba de Roda, Maculel\u00ea, Jongo e Puxada de Rodas Rito Espa\u00e7o Coletivo<\/p>\n\n\n\n<p><strong>26\/11\/2024<br><\/strong>19h &#8211; Discuss\u00e3o de Texto &#8211; &#8220;Da extra\u00e7\u00e3o \u00e0 ruptura p\u00f3s-colonial&#8221; &#8211; Mario Rufel Rede de Pesquisa em Acervos e Patrim\u00f4nio Cultural Google Meet &#8211; Inscri\u00e7\u00f5es e informa\u00e7\u00f5es &#8211; repac.rededepesquisa@gmail.com (REPAC\/PPGH\/UPF)<\/p>\n\n\n\n<p><strong>28\/11\/2024<br><\/strong>19h30min &#8211; Caf\u00e9 filos\u00f3fico &#8220;A pele negra que habito&#8221; &#8211; Acad\u00eamia Passo-Fundensse de Letras<\/p>\n\n\n\n<p><\/p>\n","protected":false},"excerpt":{"rendered":"<p>A Prefeitura de Passo Fundo inicia uma s\u00e9rie de atividades em comemora\u00e7\u00e3o \u00e0 Semana da Consci\u00eancia Negra, com o objetivo de valorizar a cultura afro-brasileira e refletir sobre a igualdade racial. A [&hellip;]<\/p>\n","protected":false},"author":24,"featured_media":0,"comment_status":"closed","ping_status":"closed","sticky":false,"template":"","format":"standard","meta":{"footnotes":""},"categories":[1],"tags":[],"class_list":["post-19","post","type-post","status-publish","format-standard","hentry","category-sem-categoria"],"yoast_head":"<!-- This site is optimized with the Yoast SEO plugin v23.8 - https:\/\/yoast.com\/wordpress\/plugins\/seo\/ -->\n<title>Prefeitura celebra a Semana da Consci\u00eancia Negra com eventos de valoriza\u00e7\u00e3o e igualdade racial - Coordenadorias Municipais<\/title>\n<meta name=\"robots\" content=\"index, follow, max-snippet:-1, max-image-preview:large, max-video-preview:-1\" \/>\n<link rel=\"canonical\" href=\"https:\/\/www.pmpf.rs.gov.br\/coordenadorias-municipais\/2024\/11\/18\/prefeitura-celebra-a-semana-da-consciencia-negra-com-eventos-de-valorizacao-e-igualdade-racial\/\" \/>\n<meta property=\"og:locale\" content=\"pt_BR\" \/>\n<meta property=\"og:type\" content=\"article\" \/>\n<meta property=\"og:title\" content=\"Prefeitura celebra a Semana da Consci\u00eancia Negra com eventos de valoriza\u00e7\u00e3o e igualdade racial - Coordenadorias Municipais\" \/>\n<meta property=\"og:description\" content=\"A Prefeitura de Passo Fundo inicia uma s\u00e9rie de atividades em comemora\u00e7\u00e3o \u00e0 Semana da Consci\u00eancia Negra, com o objetivo de valorizar a cultura afro-brasileira e refletir sobre a igualdade racial. A [&hellip;]\" \/>\n<meta property=\"og:url\" content=\"https:\/\/www.pmpf.rs.gov.br\/coordenadorias-municipais\/2024\/11\/18\/prefeitura-celebra-a-semana-da-consciencia-negra-com-eventos-de-valorizacao-e-igualdade-racial\/\" \/>\n<meta property=\"og:site_name\" content=\"Coordenadorias Municipais\" \/>\n<meta property=\"article:published_time\" content=\"2024-11-18T16:46:15+00:00\" \/>\n<meta property=\"article:modified_time\" content=\"2024-11-18T16:46:16+00:00\" \/>\n<meta name=\"author\" content=\"lilicrivello\" \/>\n<meta name=\"twitter:card\" content=\"summary_large_image\" \/>\n<meta name=\"twitter:label1\" content=\"Escrito por\" \/>\n\t<meta name=\"twitter:data1\" content=\"lilicrivello\" \/>\n\t<meta name=\"twitter:label2\" content=\"Est. tempo de leitura\" \/>\n\t<meta name=\"twitter:data2\" content=\"3 minutos\" \/>\n<script type=\"application\/ld+json\" class=\"yoast-schema-graph\">{\"@context\":\"https:\/\/schema.org\",\"@graph\":[{\"@type\":\"WebPage\",\"@id\":\"https:\/\/www.pmpf.rs.gov.br\/coordenadorias-municipais\/2024\/11\/18\/prefeitura-celebra-a-semana-da-consciencia-negra-com-eventos-de-valorizacao-e-igualdade-racial\/\",\"url\":\"https:\/\/www.pmpf.rs.gov.br\/coordenadorias-municipais\/2024\/11\/18\/prefeitura-celebra-a-semana-da-consciencia-negra-com-eventos-de-valorizacao-e-igualdade-racial\/\",\"name\":\"Prefeitura celebra a Semana da Consci\u00eancia Negra com eventos de valoriza\u00e7\u00e3o e igualdade racial - Coordenadorias Municipais\",\"isPartOf\":{\"@id\":\"https:\/\/www.pmpf.rs.gov.br\/coordenadorias-municipais\/#website\"},\"datePublished\":\"2024-11-18T16:46:15+00:00\",\"dateModified\":\"2024-11-18T16:46:16+00:00\",\"author\":{\"@id\":\"https:\/\/www.pmpf.rs.gov.br\/coordenadorias-municipais\/#\/schema\/person\/6e93b0ab2174b69f691ac4f278ba2d0a\"},\"breadcrumb\":{\"@id\":\"https:\/\/www.pmpf.rs.gov.br\/coordenadorias-municipais\/2024\/11\/18\/prefeitura-celebra-a-semana-da-consciencia-negra-com-eventos-de-valorizacao-e-igualdade-racial\/#breadcrumb\"},\"inLanguage\":\"pt-BR\",\"potentialAction\":[{\"@type\":\"ReadAction\",\"target\":[\"https:\/\/www.pmpf.rs.gov.br\/coordenadorias-municipais\/2024\/11\/18\/prefeitura-celebra-a-semana-da-consciencia-negra-com-eventos-de-valorizacao-e-igualdade-racial\/\"]}]},{\"@type\":\"BreadcrumbList\",\"@id\":\"https:\/\/www.pmpf.rs.gov.br\/coordenadorias-municipais\/2024\/11\/18\/prefeitura-celebra-a-semana-da-consciencia-negra-com-eventos-de-valorizacao-e-igualdade-racial\/#breadcrumb\",\"itemListElement\":[{\"@type\":\"ListItem\",\"position\":1,\"name\":\"In\u00edcio\",\"item\":\"https:\/\/www.pmpf.rs.gov.br\/coordenadorias-municipais\/\"},{\"@type\":\"ListItem\",\"position\":2,\"name\":\"Prefeitura celebra a Semana da Consci\u00eancia Negra com eventos de valoriza\u00e7\u00e3o e igualdade racial\"}]},{\"@type\":\"WebSite\",\"@id\":\"https:\/\/www.pmpf.rs.gov.br\/coordenadorias-municipais\/#website\",\"url\":\"https:\/\/www.pmpf.rs.gov.br\/coordenadorias-municipais\/\",\"name\":\"Coordenadorias Municipais\",\"description\":\"S\u00f3 mais um site Prefeitura de Passo Fundo\",\"potentialAction\":[{\"@type\":\"SearchAction\",\"target\":{\"@type\":\"EntryPoint\",\"urlTemplate\":\"https:\/\/www.pmpf.rs.gov.br\/coordenadorias-municipais\/?s={search_term_string}\"},\"query-input\":{\"@type\":\"PropertyValueSpecification\",\"valueRequired\":true,\"valueName\":\"search_term_string\"}}],\"inLanguage\":\"pt-BR\"},{\"@type\":\"Person\",\"@id\":\"https:\/\/www.pmpf.rs.gov.br\/coordenadorias-municipais\/#\/schema\/person\/6e93b0ab2174b69f691ac4f278ba2d0a\",\"name\":\"lilicrivello\",\"image\":{\"@type\":\"ImageObject\",\"inLanguage\":\"pt-BR\",\"@id\":\"https:\/\/www.pmpf.rs.gov.br\/coordenadorias-municipais\/#\/schema\/person\/image\/\",\"url\":\"https:\/\/secure.gravatar.com\/avatar\/0b546b667388f8edb7b67d70a57b5e46?s=96&d=mm&r=g\",\"contentUrl\":\"https:\/\/secure.gravatar.com\/avatar\/0b546b667388f8edb7b67d70a57b5e46?s=96&d=mm&r=g\",\"caption\":\"lilicrivello\"},\"url\":\"https:\/\/www.pmpf.rs.gov.br\/coordenadorias-municipais\/author\/lilicrivello\/\"}]}<\/script>\n<!-- \/ Yoast SEO plugin. -->","yoast_head_json":{"title":"Prefeitura celebra a Semana da Consci\u00eancia Negra com eventos de valoriza\u00e7\u00e3o e igualdade racial - Coordenadorias Municipais","robots":{"index":"index","follow":"follow","max-snippet":"max-snippet:-1","max-image-preview":"max-image-preview:large","max-video-preview":"max-video-preview:-1"},"canonical":"https:\/\/www.pmpf.rs.gov.br\/coordenadorias-municipais\/2024\/11\/18\/prefeitura-celebra-a-semana-da-consciencia-negra-com-eventos-de-valorizacao-e-igualdade-racial\/","og_locale":"pt_BR","og_type":"article","og_title":"Prefeitura celebra a Semana da Consci\u00eancia Negra com eventos de valoriza\u00e7\u00e3o e igualdade racial - Coordenadorias Municipais","og_description":"A Prefeitura de Passo Fundo inicia uma s\u00e9rie de atividades em comemora\u00e7\u00e3o \u00e0 Semana da Consci\u00eancia Negra, com o objetivo de valorizar a cultura afro-brasileira e refletir sobre a igualdade racial. A [&hellip;]","og_url":"https:\/\/www.pmpf.rs.gov.br\/coordenadorias-municipais\/2024\/11\/18\/prefeitura-celebra-a-semana-da-consciencia-negra-com-eventos-de-valorizacao-e-igualdade-racial\/","og_site_name":"Coordenadorias Municipais","article_published_time":"2024-11-18T16:46:15+00:00","article_modified_time":"2024-11-18T16:46:16+00:00","author":"lilicrivello","twitter_card":"summary_large_image","twitter_misc":{"Escrito por":"lilicrivello","Est. tempo de leitura":"3 minutos"},"schema":{"@context":"https:\/\/schema.org","@graph":[{"@type":"WebPage","@id":"https:\/\/www.pmpf.rs.gov.br\/coordenadorias-municipais\/2024\/11\/18\/prefeitura-celebra-a-semana-da-consciencia-negra-com-eventos-de-valorizacao-e-igualdade-racial\/","url":"https:\/\/www.pmpf.rs.gov.br\/coordenadorias-municipais\/2024\/11\/18\/prefeitura-celebra-a-semana-da-consciencia-negra-com-eventos-de-valorizacao-e-igualdade-racial\/","name":"Prefeitura celebra a Semana da Consci\u00eancia Negra com eventos de valoriza\u00e7\u00e3o e igualdade racial - Coordenadorias Municipais","isPartOf":{"@id":"https:\/\/www.pmpf.rs.gov.br\/coordenadorias-municipais\/#website"},"datePublished":"2024-11-18T16:46:15+00:00","dateModified":"2024-11-18T16:46:16+00:00","author":{"@id":"https:\/\/www.pmpf.rs.gov.br\/coordenadorias-municipais\/#\/schema\/person\/6e93b0ab2174b69f691ac4f278ba2d0a"},"breadcrumb":{"@id":"https:\/\/www.pmpf.rs.gov.br\/coordenadorias-municipais\/2024\/11\/18\/prefeitura-celebra-a-semana-da-consciencia-negra-com-eventos-de-valorizacao-e-igualdade-racial\/#breadcrumb"},"inLanguage":"pt-BR","potentialAction":[{"@type":"ReadAction","target":["https:\/\/www.pmpf.rs.gov.br\/coordenadorias-municipais\/2024\/11\/18\/prefeitura-celebra-a-semana-da-consciencia-negra-com-eventos-de-valorizacao-e-igualdade-racial\/"]}]},{"@type":"BreadcrumbList","@id":"https:\/\/www.pmpf.rs.gov.br\/coordenadorias-municipais\/2024\/11\/18\/prefeitura-celebra-a-semana-da-consciencia-negra-com-eventos-de-valorizacao-e-igualdade-racial\/#breadcrumb","itemListElement":[{"@type":"ListItem","position":1,"name":"In\u00edcio","item":"https:\/\/www.pmpf.rs.gov.br\/coordenadorias-municipais\/"},{"@type":"ListItem","position":2,"name":"Prefeitura celebra a Semana da Consci\u00eancia Negra com eventos de valoriza\u00e7\u00e3o e igualdade racial"}]},{"@type":"WebSite","@id":"https:\/\/www.pmpf.rs.gov.br\/coordenadorias-municipais\/#website","url":"https:\/\/www.pmpf.rs.gov.br\/coordenadorias-municipais\/","name":"Coordenadorias Municipais","description":"S\u00f3 mais um site Prefeitura de Passo Fundo","potentialAction":[{"@type":"SearchAction","target":{"@type":"EntryPoint","urlTemplate":"https:\/\/www.pmpf.rs.gov.br\/coordenadorias-municipais\/?s={search_term_string}"},"query-input":{"@type":"PropertyValueSpecification","valueRequired":true,"valueName":"search_term_string"}}],"inLanguage":"pt-BR"},{"@type":"Person","@id":"https:\/\/www.pmpf.rs.gov.br\/coordenadorias-municipais\/#\/schema\/person\/6e93b0ab2174b69f691ac4f278ba2d0a","name":"lilicrivello","image":{"@type":"ImageObject","inLanguage":"pt-BR","@id":"https:\/\/www.pmpf.rs.gov.br\/coordenadorias-municipais\/#\/schema\/person\/image\/","url":"https:\/\/secure.gravatar.com\/avatar\/0b546b667388f8edb7b67d70a57b5e46?s=96&d=mm&r=g","contentUrl":"https:\/\/secure.gravatar.com\/avatar\/0b546b667388f8edb7b67d70a57b5e46?s=96&d=mm&r=g","caption":"lilicrivello"},"url":"https:\/\/www.pmpf.rs.gov.br\/coordenadorias-municipais\/author\/lilicrivello\/"}]}},"_links":{"self":[{"href":"https:\/\/www.pmpf.rs.gov.br\/coordenadorias-municipais\/wp-json\/wp\/v2\/posts\/19"}],"collection":[{"href":"https:\/\/www.pmpf.rs.gov.br\/coordenadorias-municipais\/wp-json\/wp\/v2\/posts"}],"about":[{"href":"https:\/\/www.pmpf.rs.gov.br\/coordenadorias-municipais\/wp-json\/wp\/v2\/types\/post"}],"author":[{"embeddable":true,"href":"https:\/\/www.pmpf.rs.gov.br\/coordenadorias-municipais\/wp-json\/wp\/v2\/users\/24"}],"replies":[{"embeddable":true,"href":"https:\/\/www.pmpf.rs.gov.br\/coordenadorias-municipais\/wp-json\/wp\/v2\/comments?post=19"}],"version-history":[{"count":1,"href":"https:\/\/www.pmpf.rs.gov.br\/coordenadorias-municipais\/wp-json\/wp\/v2\/posts\/19\/revisions"}],"predecessor-version":[{"id":20,"href":"https:\/\/www.pmpf.rs.gov.br\/coordenadorias-municipais\/wp-json\/wp\/v2\/posts\/19\/revisions\/20"}],"wp:attachment":[{"href":"https:\/\/www.pmpf.rs.gov.br\/coordenadorias-municipais\/wp-json\/wp\/v2\/media?parent=19"}],"wp:term":[{"taxonomy":"category","embeddable":true,"href":"https:\/\/www.pmpf.rs.gov.br\/coordenadorias-municipais\/wp-json\/wp\/v2\/categories?post=19"},{"taxonomy":"post_tag","embeddable":true,"href":"https:\/\/www.pmpf.rs.gov.br\/coordenadorias-municipais\/wp-json\/wp\/v2\/tags?post=19"}],"curies":[{"name":"wp","href":"https:\/\/api.w.org\/{rel}","templated":true}]}}