{"id":189,"date":"2026-03-10T11:01:21","date_gmt":"2026-03-10T14:01:21","guid":{"rendered":"https:\/\/www.pmpf.rs.gov.br\/coordenadoria-da-mulher\/?p=189"},"modified":"2026-03-10T11:02:10","modified_gmt":"2026-03-10T14:02:10","slug":"secretaria-estadual-da-mulher-cumpre-agenda-em-passo-fundo-e-destaca-rede-de-protecao-do-municipio","status":"publish","type":"post","link":"https:\/\/www.pmpf.rs.gov.br\/coordenadoria-da-mulher\/2026\/03\/10\/secretaria-estadual-da-mulher-cumpre-agenda-em-passo-fundo-e-destaca-rede-de-protecao-do-municipio\/","title":{"rendered":"Secret\u00e1ria estadual da Mulher cumpre agenda em Passo Fundo e destaca rede de prote\u00e7\u00e3o do munic\u00edpio"},"content":{"rendered":"\n<p>A secret\u00e1ria estadual da Mulher, Fabia Richter, est\u00e1 em Passo Fundo nesta segunda-feira (9) participando da programa\u00e7\u00e3o especial promovida pela Prefeitura em comemora\u00e7\u00e3o ao Dia Internacional da Mulher, celebrado no domingo (8). A visita integra uma s\u00e9rie de a\u00e7\u00f5es e atividades voltadas ao fortalecimento das pol\u00edticas p\u00fablicas de atendimento e prote\u00e7\u00e3o \u00e0s mulheres no munic\u00edpio.<\/p>\n\n\n\n<p>A secret\u00e1ria Fabia foi recebida no gabinete pelo prefeito Pedro Almeida, em encontro que contou com a presen\u00e7a da coordenadora da Mulher no munic\u00edpio, Dan\u00fabia Samora, da coordenadora de Igualdade Racial, Mara Cavalheiro, da secret\u00e1ria de Cidadania e Assist\u00eancia Social, Elenir Chapuis, e da secret\u00e1ria-adjunta de Sa\u00fade, Caroline Gosch. Durante a reuni\u00e3o, foram apresentadas a\u00e7\u00f5es e servi\u00e7os que fazem parte da rede municipal de prote\u00e7\u00e3o \u00e0s mulheres.<\/p>\n\n\n\n<p>O prefeito destacou a import\u00e2ncia da atua\u00e7\u00e3o do munic\u00edpio para ampliar o atendimento e fortalecer as pol\u00edticas p\u00fablicas voltadas \u00e0s mulheres. \u201cPasso Fundo tem trabalhado para fortalecer cada vez mais a rede de prote\u00e7\u00e3o \u00e0s mulheres, com servi\u00e7os que atuam de forma integrada no acolhimento, orienta\u00e7\u00e3o e encaminhamento das demandas. Receber a secret\u00e1ria Fabia Richter \u00e9 uma oportunidade importante para compartilhar nossas experi\u00eancias, conscientizando e garantindo que mais mulheres tenham acesso \u00e0 prote\u00e7\u00e3o e aos servi\u00e7os oferecidos pelo munic\u00edpio\u201d, afirmou Pedro Almeida.<\/p>\n\n\n\n<p>A agenda da secret\u00e1ria tamb\u00e9m inclui visitas ao CRAS 1, \u00e0 Casa da Mulher, \u00e0 UBS S\u00e3o Luiz Gonzaga e ao Centro de Refer\u00eancia da Mulher. \u00c0 tarde, ela participa de uma audi\u00eancia p\u00fablica no F\u00f3rum e de uma palestra sobre a mulher no ambiente da sa\u00fade, no Hospital Beneficente Dr. C\u00e9sar Santos. A programa\u00e7\u00e3o ser\u00e1 encerrada na Secretaria de Cidadania e Assist\u00eancia Social (SEMCAS), com uma reuni\u00e3o de avalia\u00e7\u00e3o da rede de atendimento e orienta\u00e7\u00f5es \u00e0s equipes.<\/p>\n\n\n\n<p>Fabia Richter ressaltou que Passo Fundo possui uma rede estruturada de prote\u00e7\u00e3o \u00e0s mulheres, considerada refer\u00eancia para outros munic\u00edpios da regi\u00e3o.<br>\u201cAs cidades maiores, como Passo Fundo, j\u00e1 t\u00eam uma rede de prote\u00e7\u00e3o estruturada e que funciona. Mesmo assim, sabemos que os feminic\u00eddios acontecem em todos os lugares. No Rio Grande do Sul, por\u00e9m, temos observado uma incid\u00eancia maior em munic\u00edpios menores. Por isso, estamos direcionando estrategicamente o trabalho para fortalecer e formar redes nesses locais. Vim pedir ao prefeito Pedro que nos ajude a mobilizar a regi\u00e3o, conversando com outros prefeitos para estruturarmos redes municipais de prote\u00e7\u00e3o \u00e0s mulheres. Passo Fundo j\u00e1 tem uma rede atuante, que dialoga e apresenta bons resultados, e pode inclusive nos ajudar no treinamento e acompanhamento de equipes de outras cidades\u201d, destacou.<\/p>\n","protected":false},"excerpt":{"rendered":"<p>A secret\u00e1ria estadual da Mulher, Fabia Richter, est\u00e1 em Passo Fundo nesta segunda-feira (9) participando da programa\u00e7\u00e3o especial promovida pela Prefeitura em comemora\u00e7\u00e3o ao Dia Internacional da Mulher, celebrado no domingo (8). [&hellip;]<\/p>\n","protected":false},"author":24,"featured_media":191,"comment_status":"closed","ping_status":"closed","sticky":false,"template":"","format":"standard","meta":{"footnotes":""},"categories":[1],"tags":[],"class_list":["post-189","post","type-post","status-publish","format-standard","has-post-thumbnail","hentry","category-sem-categoria"],"yoast_head":"<!-- This site is optimized with the Yoast SEO plugin v23.8 - https:\/\/yoast.com\/wordpress\/plugins\/seo\/ -->\n<title>Secret\u00e1ria estadual da Mulher cumpre agenda em Passo Fundo e destaca rede de prote\u00e7\u00e3o do munic\u00edpio - Coordenadoria da Mulher<\/title>\n<meta name=\"robots\" content=\"index, follow, max-snippet:-1, max-image-preview:large, max-video-preview:-1\" \/>\n<link rel=\"canonical\" href=\"https:\/\/www.pmpf.rs.gov.br\/coordenadoria-da-mulher\/2026\/03\/10\/secretaria-estadual-da-mulher-cumpre-agenda-em-passo-fundo-e-destaca-rede-de-protecao-do-municipio\/\" \/>\n<meta property=\"og:locale\" content=\"pt_BR\" \/>\n<meta property=\"og:type\" content=\"article\" \/>\n<meta property=\"og:title\" content=\"Secret\u00e1ria estadual da Mulher cumpre agenda em Passo Fundo e destaca rede de prote\u00e7\u00e3o do munic\u00edpio - Coordenadoria da Mulher\" \/>\n<meta property=\"og:description\" content=\"A secret\u00e1ria estadual da Mulher, Fabia Richter, est\u00e1 em Passo Fundo nesta segunda-feira (9) participando da programa\u00e7\u00e3o especial promovida pela Prefeitura em comemora\u00e7\u00e3o ao Dia Internacional da Mulher, celebrado no domingo (8). [&hellip;]\" \/>\n<meta property=\"og:url\" content=\"https:\/\/www.pmpf.rs.gov.br\/coordenadoria-da-mulher\/2026\/03\/10\/secretaria-estadual-da-mulher-cumpre-agenda-em-passo-fundo-e-destaca-rede-de-protecao-do-municipio\/\" \/>\n<meta property=\"og:site_name\" content=\"Coordenadoria da Mulher\" \/>\n<meta property=\"article:published_time\" content=\"2026-03-10T14:01:21+00:00\" \/>\n<meta property=\"article:modified_time\" content=\"2026-03-10T14:02:10+00:00\" \/>\n<meta name=\"author\" content=\"lilicrivello\" \/>\n<meta name=\"twitter:card\" content=\"summary_large_image\" \/>\n<meta name=\"twitter:label1\" content=\"Escrito por\" \/>\n\t<meta name=\"twitter:data1\" content=\"lilicrivello\" \/>\n\t<meta name=\"twitter:label2\" content=\"Est. tempo de leitura\" \/>\n\t<meta name=\"twitter:data2\" content=\"2 minutos\" \/>\n<script type=\"application\/ld+json\" class=\"yoast-schema-graph\">{\"@context\":\"https:\/\/schema.org\",\"@graph\":[{\"@type\":\"WebPage\",\"@id\":\"https:\/\/www.pmpf.rs.gov.br\/coordenadoria-da-mulher\/2026\/03\/10\/secretaria-estadual-da-mulher-cumpre-agenda-em-passo-fundo-e-destaca-rede-de-protecao-do-municipio\/\",\"url\":\"https:\/\/www.pmpf.rs.gov.br\/coordenadoria-da-mulher\/2026\/03\/10\/secretaria-estadual-da-mulher-cumpre-agenda-em-passo-fundo-e-destaca-rede-de-protecao-do-municipio\/\",\"name\":\"Secret\u00e1ria estadual da Mulher cumpre agenda em Passo Fundo e destaca rede de prote\u00e7\u00e3o do munic\u00edpio - Coordenadoria da Mulher\",\"isPartOf\":{\"@id\":\"https:\/\/www.pmpf.rs.gov.br\/coordenadoria-da-mulher\/#website\"},\"primaryImageOfPage\":{\"@id\":\"https:\/\/www.pmpf.rs.gov.br\/coordenadoria-da-mulher\/2026\/03\/10\/secretaria-estadual-da-mulher-cumpre-agenda-em-passo-fundo-e-destaca-rede-de-protecao-do-municipio\/#primaryimage\"},\"image\":{\"@id\":\"https:\/\/www.pmpf.rs.gov.br\/coordenadoria-da-mulher\/2026\/03\/10\/secretaria-estadual-da-mulher-cumpre-agenda-em-passo-fundo-e-destaca-rede-de-protecao-do-municipio\/#primaryimage\"},\"thumbnailUrl\":\"https:\/\/www.pmpf.rs.gov.br\/coordenadoria-da-mulher\/wp-content\/uploads\/sites\/35\/2026\/03\/WhatsApp-Image-2026-03-09-at-14.56.00.jpeg\",\"datePublished\":\"2026-03-10T14:01:21+00:00\",\"dateModified\":\"2026-03-10T14:02:10+00:00\",\"author\":{\"@id\":\"https:\/\/www.pmpf.rs.gov.br\/coordenadoria-da-mulher\/#\/schema\/person\/6e93b0ab2174b69f691ac4f278ba2d0a\"},\"inLanguage\":\"pt-BR\",\"potentialAction\":[{\"@type\":\"ReadAction\",\"target\":[\"https:\/\/www.pmpf.rs.gov.br\/coordenadoria-da-mulher\/2026\/03\/10\/secretaria-estadual-da-mulher-cumpre-agenda-em-passo-fundo-e-destaca-rede-de-protecao-do-municipio\/\"]}]},{\"@type\":\"ImageObject\",\"inLanguage\":\"pt-BR\",\"@id\":\"https:\/\/www.pmpf.rs.gov.br\/coordenadoria-da-mulher\/2026\/03\/10\/secretaria-estadual-da-mulher-cumpre-agenda-em-passo-fundo-e-destaca-rede-de-protecao-do-municipio\/#primaryimage\",\"url\":\"https:\/\/www.pmpf.rs.gov.br\/coordenadoria-da-mulher\/wp-content\/uploads\/sites\/35\/2026\/03\/WhatsApp-Image-2026-03-09-at-14.56.00.jpeg\",\"contentUrl\":\"https:\/\/www.pmpf.rs.gov.br\/coordenadoria-da-mulher\/wp-content\/uploads\/sites\/35\/2026\/03\/WhatsApp-Image-2026-03-09-at-14.56.00.jpeg\",\"width\":1600,\"height\":1067},{\"@type\":\"WebSite\",\"@id\":\"https:\/\/www.pmpf.rs.gov.br\/coordenadoria-da-mulher\/#website\",\"url\":\"https:\/\/www.pmpf.rs.gov.br\/coordenadoria-da-mulher\/\",\"name\":\"Coordenadoria da Mulher\",\"description\":\"S\u00f3 mais um site Prefeitura de Passo Fundo\",\"potentialAction\":[{\"@type\":\"SearchAction\",\"target\":{\"@type\":\"EntryPoint\",\"urlTemplate\":\"https:\/\/www.pmpf.rs.gov.br\/coordenadoria-da-mulher\/?s={search_term_string}\"},\"query-input\":{\"@type\":\"PropertyValueSpecification\",\"valueRequired\":true,\"valueName\":\"search_term_string\"}}],\"inLanguage\":\"pt-BR\"},{\"@type\":\"Person\",\"@id\":\"https:\/\/www.pmpf.rs.gov.br\/coordenadoria-da-mulher\/#\/schema\/person\/6e93b0ab2174b69f691ac4f278ba2d0a\",\"name\":\"lilicrivello\",\"image\":{\"@type\":\"ImageObject\",\"inLanguage\":\"pt-BR\",\"@id\":\"https:\/\/www.pmpf.rs.gov.br\/coordenadoria-da-mulher\/#\/schema\/person\/image\/\",\"url\":\"https:\/\/secure.gravatar.com\/avatar\/0b546b667388f8edb7b67d70a57b5e46?s=96&d=mm&r=g\",\"contentUrl\":\"https:\/\/secure.gravatar.com\/avatar\/0b546b667388f8edb7b67d70a57b5e46?s=96&d=mm&r=g\",\"caption\":\"lilicrivello\"},\"url\":\"https:\/\/www.pmpf.rs.gov.br\/coordenadoria-da-mulher\/author\/lilicrivello\/\"}]}<\/script>\n<!-- \/ Yoast SEO plugin. -->","yoast_head_json":{"title":"Secret\u00e1ria estadual da Mulher cumpre agenda em Passo Fundo e destaca rede de prote\u00e7\u00e3o do munic\u00edpio - Coordenadoria da Mulher","robots":{"index":"index","follow":"follow","max-snippet":"max-snippet:-1","max-image-preview":"max-image-preview:large","max-video-preview":"max-video-preview:-1"},"canonical":"https:\/\/www.pmpf.rs.gov.br\/coordenadoria-da-mulher\/2026\/03\/10\/secretaria-estadual-da-mulher-cumpre-agenda-em-passo-fundo-e-destaca-rede-de-protecao-do-municipio\/","og_locale":"pt_BR","og_type":"article","og_title":"Secret\u00e1ria estadual da Mulher cumpre agenda em Passo Fundo e destaca rede de prote\u00e7\u00e3o do munic\u00edpio - Coordenadoria da Mulher","og_description":"A secret\u00e1ria estadual da Mulher, Fabia Richter, est\u00e1 em Passo Fundo nesta segunda-feira (9) participando da programa\u00e7\u00e3o especial promovida pela Prefeitura em comemora\u00e7\u00e3o ao Dia Internacional da Mulher, celebrado no domingo (8). [&hellip;]","og_url":"https:\/\/www.pmpf.rs.gov.br\/coordenadoria-da-mulher\/2026\/03\/10\/secretaria-estadual-da-mulher-cumpre-agenda-em-passo-fundo-e-destaca-rede-de-protecao-do-municipio\/","og_site_name":"Coordenadoria da Mulher","article_published_time":"2026-03-10T14:01:21+00:00","article_modified_time":"2026-03-10T14:02:10+00:00","author":"lilicrivello","twitter_card":"summary_large_image","twitter_misc":{"Escrito por":"lilicrivello","Est. tempo de leitura":"2 minutos"},"schema":{"@context":"https:\/\/schema.org","@graph":[{"@type":"WebPage","@id":"https:\/\/www.pmpf.rs.gov.br\/coordenadoria-da-mulher\/2026\/03\/10\/secretaria-estadual-da-mulher-cumpre-agenda-em-passo-fundo-e-destaca-rede-de-protecao-do-municipio\/","url":"https:\/\/www.pmpf.rs.gov.br\/coordenadoria-da-mulher\/2026\/03\/10\/secretaria-estadual-da-mulher-cumpre-agenda-em-passo-fundo-e-destaca-rede-de-protecao-do-municipio\/","name":"Secret\u00e1ria estadual da Mulher cumpre agenda em Passo Fundo e destaca rede de prote\u00e7\u00e3o do munic\u00edpio - Coordenadoria da Mulher","isPartOf":{"@id":"https:\/\/www.pmpf.rs.gov.br\/coordenadoria-da-mulher\/#website"},"primaryImageOfPage":{"@id":"https:\/\/www.pmpf.rs.gov.br\/coordenadoria-da-mulher\/2026\/03\/10\/secretaria-estadual-da-mulher-cumpre-agenda-em-passo-fundo-e-destaca-rede-de-protecao-do-municipio\/#primaryimage"},"image":{"@id":"https:\/\/www.pmpf.rs.gov.br\/coordenadoria-da-mulher\/2026\/03\/10\/secretaria-estadual-da-mulher-cumpre-agenda-em-passo-fundo-e-destaca-rede-de-protecao-do-municipio\/#primaryimage"},"thumbnailUrl":"https:\/\/www.pmpf.rs.gov.br\/coordenadoria-da-mulher\/wp-content\/uploads\/sites\/35\/2026\/03\/WhatsApp-Image-2026-03-09-at-14.56.00.jpeg","datePublished":"2026-03-10T14:01:21+00:00","dateModified":"2026-03-10T14:02:10+00:00","author":{"@id":"https:\/\/www.pmpf.rs.gov.br\/coordenadoria-da-mulher\/#\/schema\/person\/6e93b0ab2174b69f691ac4f278ba2d0a"},"inLanguage":"pt-BR","potentialAction":[{"@type":"ReadAction","target":["https:\/\/www.pmpf.rs.gov.br\/coordenadoria-da-mulher\/2026\/03\/10\/secretaria-estadual-da-mulher-cumpre-agenda-em-passo-fundo-e-destaca-rede-de-protecao-do-municipio\/"]}]},{"@type":"ImageObject","inLanguage":"pt-BR","@id":"https:\/\/www.pmpf.rs.gov.br\/coordenadoria-da-mulher\/2026\/03\/10\/secretaria-estadual-da-mulher-cumpre-agenda-em-passo-fundo-e-destaca-rede-de-protecao-do-municipio\/#primaryimage","url":"https:\/\/www.pmpf.rs.gov.br\/coordenadoria-da-mulher\/wp-content\/uploads\/sites\/35\/2026\/03\/WhatsApp-Image-2026-03-09-at-14.56.00.jpeg","contentUrl":"https:\/\/www.pmpf.rs.gov.br\/coordenadoria-da-mulher\/wp-content\/uploads\/sites\/35\/2026\/03\/WhatsApp-Image-2026-03-09-at-14.56.00.jpeg","width":1600,"height":1067},{"@type":"WebSite","@id":"https:\/\/www.pmpf.rs.gov.br\/coordenadoria-da-mulher\/#website","url":"https:\/\/www.pmpf.rs.gov.br\/coordenadoria-da-mulher\/","name":"Coordenadoria da Mulher","description":"S\u00f3 mais um site Prefeitura de Passo Fundo","potentialAction":[{"@type":"SearchAction","target":{"@type":"EntryPoint","urlTemplate":"https:\/\/www.pmpf.rs.gov.br\/coordenadoria-da-mulher\/?s={search_term_string}"},"query-input":{"@type":"PropertyValueSpecification","valueRequired":true,"valueName":"search_term_string"}}],"inLanguage":"pt-BR"},{"@type":"Person","@id":"https:\/\/www.pmpf.rs.gov.br\/coordenadoria-da-mulher\/#\/schema\/person\/6e93b0ab2174b69f691ac4f278ba2d0a","name":"lilicrivello","image":{"@type":"ImageObject","inLanguage":"pt-BR","@id":"https:\/\/www.pmpf.rs.gov.br\/coordenadoria-da-mulher\/#\/schema\/person\/image\/","url":"https:\/\/secure.gravatar.com\/avatar\/0b546b667388f8edb7b67d70a57b5e46?s=96&d=mm&r=g","contentUrl":"https:\/\/secure.gravatar.com\/avatar\/0b546b667388f8edb7b67d70a57b5e46?s=96&d=mm&r=g","caption":"lilicrivello"},"url":"https:\/\/www.pmpf.rs.gov.br\/coordenadoria-da-mulher\/author\/lilicrivello\/"}]}},"_links":{"self":[{"href":"https:\/\/www.pmpf.rs.gov.br\/coordenadoria-da-mulher\/wp-json\/wp\/v2\/posts\/189"}],"collection":[{"href":"https:\/\/www.pmpf.rs.gov.br\/coordenadoria-da-mulher\/wp-json\/wp\/v2\/posts"}],"about":[{"href":"https:\/\/www.pmpf.rs.gov.br\/coordenadoria-da-mulher\/wp-json\/wp\/v2\/types\/post"}],"author":[{"embeddable":true,"href":"https:\/\/www.pmpf.rs.gov.br\/coordenadoria-da-mulher\/wp-json\/wp\/v2\/users\/24"}],"replies":[{"embeddable":true,"href":"https:\/\/www.pmpf.rs.gov.br\/coordenadoria-da-mulher\/wp-json\/wp\/v2\/comments?post=189"}],"version-history":[{"count":1,"href":"https:\/\/www.pmpf.rs.gov.br\/coordenadoria-da-mulher\/wp-json\/wp\/v2\/posts\/189\/revisions"}],"predecessor-version":[{"id":190,"href":"https:\/\/www.pmpf.rs.gov.br\/coordenadoria-da-mulher\/wp-json\/wp\/v2\/posts\/189\/revisions\/190"}],"wp:featuredmedia":[{"embeddable":true,"href":"https:\/\/www.pmpf.rs.gov.br\/coordenadoria-da-mulher\/wp-json\/wp\/v2\/media\/191"}],"wp:attachment":[{"href":"https:\/\/www.pmpf.rs.gov.br\/coordenadoria-da-mulher\/wp-json\/wp\/v2\/media?parent=189"}],"wp:term":[{"taxonomy":"category","embeddable":true,"href":"https:\/\/www.pmpf.rs.gov.br\/coordenadoria-da-mulher\/wp-json\/wp\/v2\/categories?post=189"},{"taxonomy":"post_tag","embeddable":true,"href":"https:\/\/www.pmpf.rs.gov.br\/coordenadoria-da-mulher\/wp-json\/wp\/v2\/tags?post=189"}],"curies":[{"name":"wp","href":"https:\/\/api.w.org\/{rel}","templated":true}]}}