{"id":187,"date":"2026-03-09T08:58:39","date_gmt":"2026-03-09T11:58:39","guid":{"rendered":"https:\/\/www.pmpf.rs.gov.br\/coordenadoria-da-mulher\/?p=187"},"modified":"2026-03-09T08:58:40","modified_gmt":"2026-03-09T11:58:40","slug":"programacao-da-prefeitura-amplia-acoes-de-cuidado-autonomia-e-protecao-as-mulheres","status":"publish","type":"post","link":"https:\/\/www.pmpf.rs.gov.br\/coordenadoria-da-mulher\/2026\/03\/09\/programacao-da-prefeitura-amplia-acoes-de-cuidado-autonomia-e-protecao-as-mulheres\/","title":{"rendered":"Programa\u00e7\u00e3o da Prefeitura amplia a\u00e7\u00f5es de cuidado, autonomia e prote\u00e7\u00e3o \u00e0s mulheres"},"content":{"rendered":"\n<p><\/p>\n\n\n\n<p>A Prefeitura de Passo Fundo preparou uma programa\u00e7\u00e3o especial ao longo de mar\u00e7o com a\u00e7\u00f5es voltadas \u00e0 valoriza\u00e7\u00e3o, ao cuidado e ao fortalecimento das mulheres no munic\u00edpio. As atividades marcam o m\u00eas dedicado \u00e0 reflex\u00e3o sobre os direitos das mulheres e envolvem diferentes \u00e1reas da administra\u00e7\u00e3o p\u00fablica, com iniciativas de sa\u00fade, qualifica\u00e7\u00e3o profissional, gera\u00e7\u00e3o de renda, escuta e enfrentamento \u00e0 viol\u00eancia.<\/p>\n\n\n\n<p>Entre os servi\u00e7os permanentes oferecidos pelo munic\u00edpio est\u00e3o o Centro de Refer\u00eancia da Sa\u00fade da Mulher, que atende pr\u00e9-natais de alto risco e disponibiliza m\u00e9todos contraceptivos; o programa Meu Beb\u00ea, Meu Tesouro, que acompanha gestantes e beb\u00eas at\u00e9 um ano de vida; al\u00e9m de pol\u00edticas voltadas \u00e0 autonomia econ\u00f4mica, como a Escola das Profiss\u00f5es, o Caf\u00e9 com Emprego e o Programa Apoiar e Comprometer (PAC), que ampliam oportunidades de qualifica\u00e7\u00e3o e acesso ao mercado de trabalho.<\/p>\n\n\n\n<p>Tamb\u00e9m integram essa rede a Coordenadoria da Mulher e o Centro de Refer\u00eancia de Atendimento \u00e0 Mulher (CRAM), que atuam no acolhimento e atendimento de mulheres em situa\u00e7\u00e3o de viol\u00eancia, articulando a rede de prote\u00e7\u00e3o no munic\u00edpio.<\/p>\n\n\n\n<p>A coordenadora da Mulher, Dan\u00fabia Samora, destaca que as atividades programadas para o m\u00eas refor\u00e7am o compromisso do poder p\u00fablico em promover pol\u00edticas que impactem diretamente a vida das mulheres. \u201cMar\u00e7o \u00e9 um per\u00edodo importante para dar visibilidade \u00e0s pautas das mulheres, mas principalmente para fortalecer pol\u00edticas p\u00fablicas que j\u00e1 fazem a diferen\u00e7a no dia a dia. A programa\u00e7\u00e3o foi pensada para promover informa\u00e7\u00e3o, acolhimento, autonomia e tamb\u00e9m para lembrar que existe uma rede preparada para apoiar e proteger as mulheres de Passo Fundo\u201d, afirma.<\/p>\n\n\n\n<p>A agenda iniciou com palestras e encontros voltados \u00e0 preven\u00e7\u00e3o da viol\u00eancia e ao empreendedorismo feminino e segue ao longo do m\u00eas com atividades comunit\u00e1rias, a\u00e7\u00f5es de sa\u00fade, rodas de conversa, encontros de capacita\u00e7\u00e3o e eventos de integra\u00e7\u00e3o.<br>Entre os destaques est\u00e1 a mateada em comemora\u00e7\u00e3o ao Dia Internacional da Mulher, no dia 8 de mar\u00e7o, na Gare, com feira de artesanato, apresenta\u00e7\u00f5es art\u00edsticas e oferta de servi\u00e7os \u00e0 comunidade. Tamb\u00e9m est\u00e3o previstas a\u00e7\u00f5es de acolhimento nas unidades de sa\u00fade durante o chamado \u201cMar\u00e7o Lil\u00e1s\u201d, com intensifica\u00e7\u00e3o de exames preventivos, encaminhamentos para mamografia e grupos de escuta voltados \u00e0 sa\u00fade da mulher.<\/p>\n\n\n\n<p>A programa\u00e7\u00e3o inclui ainda encontros sobre planejamento familiar, palestras sobre sa\u00fade e autocuidado, atividades com gestantes do programa Meu Beb\u00ea, Meu Tesouro, rodas de conversa sobre viol\u00eancia dom\u00e9stica e eventos voltados ao empreendedorismo feminino.<br>Para Dan\u00fabia, al\u00e9m de marcar a data, o objetivo \u00e9 ampliar o di\u00e1logo e fortalecer as redes de apoio. \u201cMais do que uma comemora\u00e7\u00e3o, este \u00e9 um momento de reflex\u00e3o, de escuta e de fortalecimento das mulheres. Cada atividade \u00e9 uma oportunidade de informa\u00e7\u00e3o, acolhimento e constru\u00e7\u00e3o de caminhos para que elas tenham mais autonomia, seguran\u00e7a e qualidade de vida\u201d, completa.<br>As atividades seguem at\u00e9 o final de mar\u00e7o e envolvem parcerias entre diferentes secretarias municipais, institui\u00e7\u00f5es e organiza\u00e7\u00f5es da comunidade, ampliando o alcance das a\u00e7\u00f5es voltadas \u00e0s mulheres em Passo Fundo.<\/p>\n\n\n\n<p>PROGRAMA\u00c7\u00c3O DE ATIVIDADES &#8211; M\u00caS DA MULHER<\/p>\n\n\n\n<p>08 de mar\u00e7o (domingo)<br>Mateada em comemora\u00e7\u00e3o ao Dia da Mulher<br>Loca: GARE<br>Hor\u00e1rio: 15h<br>Feira de artesanato<br>Apresenta\u00e7\u00f5es art\u00edsticas<br>Espa\u00e7o de servi\u00e7os<\/p>\n\n\n\n<p>09 de mar\u00e7o (segunda-feira)<br>Visita da Secret\u00e1ria Estadual F\u00e1bia Almeida Richter<br>Programa\u00e7\u00e3o:<br>14h &#8211; Visita \u00e0 rede municipal de atendimento \u00e0 mulher<br>Participa\u00e7\u00e3o da rede: Coordenadoria da Mulher, Centro de Refer\u00eancia de Atendimento \u00e0 Mulher, Delegacia da Mulher, Minist\u00e9rio P\u00fablico e demais servi\u00e7os.<\/p>\n\n\n\n<p>11 de mar\u00e7o (quarta-feira)<br>Encontro no Centro de Refer\u00eancia de Atendimento \u00e0 Mulher (CRAM)<br>Hor\u00e1rio: 14h<br>Tema: Rede de prote\u00e7\u00e3o, preven\u00e7\u00e3o e portas de entrada do atendimento.<\/p>\n\n\n\n<p>12 de mar\u00e7o (quinta-feira)<br>Dia de Acolhimento nas Unidades de Sa\u00fade (Mar\u00e7o Lil\u00e1s)<\/p>\n\n\n\n<p>13 de mar\u00e7o (sexta-feira)<br>CRAS 3 &#8211; Planejamento Familiar e Autocuidado<br>Atividade em parceria com CRSM e SENAC<br>Disponibiliza\u00e7\u00e3o de cortes de cabelos e sorteio de brindes<\/p>\n\n\n\n<p>17 de mar\u00e7o (ter\u00e7a-feira)<br>Palestra: Sa\u00fade do Sono da Mulher<br>Local: Sala dos Conselhos<br>Hor\u00e1rio: 19h \u00e0s 20h<br>Aberto ao p\u00fablico<br>Tema: especialistas ir\u00e3o abordar o tema do sono e falar sobre a sua import\u00e2ncia para a sa\u00fade e qualidade de vida.<\/p>\n\n\n\n<p>Palestra: Cuidados B\u00e1sicos da Vida, Sa\u00fade e Beleza<br>Local: Sala dos Conselhos<br>Hor\u00e1rio: 20h \u00e0s 21h<br>Aberto ao p\u00fablico<br>Tema: Uma vis\u00e3o integrativa do autocuidado ao rejuvenescimento.<\/p>\n\n\n\n<p>18 de mar\u00e7o (quarta-feira)<br>Reuni\u00e3o de Talentos e Desenvolvimento Pessoal para Mulheres do PAC<br>Local: Teatro M\u00facio de Castro<br>Hor\u00e1rio: 9h<br>Encontro com aproximadamente 100 mulheres participantes do programa.<\/p>\n\n\n\n<p>19 de mar\u00e7o (quinta-feira)<br>Meu Beb\u00ea Meu Tesouro<br>Local: Bless Centro de Eventos<br>Hor\u00e1rio: 14h30<br>Ch\u00e1 de beb\u00ea: atividade voltada ao acolhimento, orienta\u00e7\u00e3o e preven\u00e7\u00e3o da viol\u00eancia obst\u00e9trica.<\/p>\n\n\n\n<p>20 de mar\u00e7o (sexta-feira)<br>Roda de Conversa: Viol\u00eancia Dom\u00e9stica<br>Hor\u00e1rio: 14h<br>Local: Sala dos Conselhos<\/p>\n\n\n\n<p>26 de mar\u00e7o (quinta-feira)<br>Comenda Anna Theodora<br>Homenagem \u00e0s mulheres refer\u00eancia na sociedade<br>Hor\u00e1rio: 18h30<br>Local: Arena IHPF &#8211; Espa\u00e7o Roseli Doleski Pretto<\/p>\n\n\n\n<p>27 de mar\u00e7o (sexta-feira)<br>Encontro com Mulheres Empreendedoras<br>Hor\u00e1rio: 7h30 \u00e0s 9h<br>Local: CPEV<\/p>\n\n\n\n<p>31 de mar\u00e7o (ter\u00e7a-feira)<br>Feira de Sa\u00fade e Autocuidado<br>Hor\u00e1rio: 14h<br>Local: Igreja de Jesus Cristo dos Santos dos \u00daltimos Dias<br>Endere\u00e7o: Rua Teixeira Soares, n\u00ba 805<\/p>\n","protected":false},"excerpt":{"rendered":"<p>Atividades ao longo de mar\u00e7o incluem debates, servi\u00e7os de sa\u00fade, encontros comunit\u00e1rios e iniciativas voltadas ao empreendedorismo e \u00e0 rede de prote\u00e7\u00e3o<\/p>\n","protected":false},"author":24,"featured_media":0,"comment_status":"closed","ping_status":"closed","sticky":false,"template":"","format":"standard","meta":{"footnotes":""},"categories":[1],"tags":[],"class_list":["post-187","post","type-post","status-publish","format-standard","hentry","category-sem-categoria"],"yoast_head":"<!-- This site is optimized with the Yoast SEO plugin v23.8 - https:\/\/yoast.com\/wordpress\/plugins\/seo\/ -->\n<title>Programa\u00e7\u00e3o da Prefeitura amplia a\u00e7\u00f5es de cuidado, autonomia e prote\u00e7\u00e3o \u00e0s mulheres - Coordenadoria da Mulher<\/title>\n<meta name=\"robots\" content=\"index, follow, max-snippet:-1, max-image-preview:large, max-video-preview:-1\" \/>\n<link rel=\"canonical\" href=\"https:\/\/www.pmpf.rs.gov.br\/coordenadoria-da-mulher\/2026\/03\/09\/programacao-da-prefeitura-amplia-acoes-de-cuidado-autonomia-e-protecao-as-mulheres\/\" \/>\n<meta property=\"og:locale\" content=\"pt_BR\" \/>\n<meta property=\"og:type\" content=\"article\" \/>\n<meta property=\"og:title\" content=\"Programa\u00e7\u00e3o da Prefeitura amplia a\u00e7\u00f5es de cuidado, autonomia e prote\u00e7\u00e3o \u00e0s mulheres - Coordenadoria da Mulher\" \/>\n<meta property=\"og:description\" content=\"Atividades ao longo de mar\u00e7o incluem debates, servi\u00e7os de sa\u00fade, encontros comunit\u00e1rios e iniciativas voltadas ao empreendedorismo e \u00e0 rede de prote\u00e7\u00e3o\" \/>\n<meta property=\"og:url\" content=\"https:\/\/www.pmpf.rs.gov.br\/coordenadoria-da-mulher\/2026\/03\/09\/programacao-da-prefeitura-amplia-acoes-de-cuidado-autonomia-e-protecao-as-mulheres\/\" \/>\n<meta property=\"og:site_name\" content=\"Coordenadoria da Mulher\" \/>\n<meta property=\"article:published_time\" content=\"2026-03-09T11:58:39+00:00\" \/>\n<meta property=\"article:modified_time\" content=\"2026-03-09T11:58:40+00:00\" \/>\n<meta name=\"author\" content=\"lilicrivello\" \/>\n<meta name=\"twitter:card\" content=\"summary_large_image\" \/>\n<meta name=\"twitter:label1\" content=\"Escrito por\" \/>\n\t<meta name=\"twitter:data1\" content=\"lilicrivello\" \/>\n\t<meta name=\"twitter:label2\" content=\"Est. tempo de leitura\" \/>\n\t<meta name=\"twitter:data2\" content=\"5 minutos\" \/>\n<script type=\"application\/ld+json\" class=\"yoast-schema-graph\">{\"@context\":\"https:\/\/schema.org\",\"@graph\":[{\"@type\":\"WebPage\",\"@id\":\"https:\/\/www.pmpf.rs.gov.br\/coordenadoria-da-mulher\/2026\/03\/09\/programacao-da-prefeitura-amplia-acoes-de-cuidado-autonomia-e-protecao-as-mulheres\/\",\"url\":\"https:\/\/www.pmpf.rs.gov.br\/coordenadoria-da-mulher\/2026\/03\/09\/programacao-da-prefeitura-amplia-acoes-de-cuidado-autonomia-e-protecao-as-mulheres\/\",\"name\":\"Programa\u00e7\u00e3o da Prefeitura amplia a\u00e7\u00f5es de cuidado, autonomia e prote\u00e7\u00e3o \u00e0s mulheres - Coordenadoria da Mulher\",\"isPartOf\":{\"@id\":\"https:\/\/www.pmpf.rs.gov.br\/coordenadoria-da-mulher\/#website\"},\"datePublished\":\"2026-03-09T11:58:39+00:00\",\"dateModified\":\"2026-03-09T11:58:40+00:00\",\"author\":{\"@id\":\"https:\/\/www.pmpf.rs.gov.br\/coordenadoria-da-mulher\/#\/schema\/person\/6e93b0ab2174b69f691ac4f278ba2d0a\"},\"inLanguage\":\"pt-BR\",\"potentialAction\":[{\"@type\":\"ReadAction\",\"target\":[\"https:\/\/www.pmpf.rs.gov.br\/coordenadoria-da-mulher\/2026\/03\/09\/programacao-da-prefeitura-amplia-acoes-de-cuidado-autonomia-e-protecao-as-mulheres\/\"]}]},{\"@type\":\"WebSite\",\"@id\":\"https:\/\/www.pmpf.rs.gov.br\/coordenadoria-da-mulher\/#website\",\"url\":\"https:\/\/www.pmpf.rs.gov.br\/coordenadoria-da-mulher\/\",\"name\":\"Coordenadoria da Mulher\",\"description\":\"S\u00f3 mais um site Prefeitura de Passo Fundo\",\"potentialAction\":[{\"@type\":\"SearchAction\",\"target\":{\"@type\":\"EntryPoint\",\"urlTemplate\":\"https:\/\/www.pmpf.rs.gov.br\/coordenadoria-da-mulher\/?s={search_term_string}\"},\"query-input\":{\"@type\":\"PropertyValueSpecification\",\"valueRequired\":true,\"valueName\":\"search_term_string\"}}],\"inLanguage\":\"pt-BR\"},{\"@type\":\"Person\",\"@id\":\"https:\/\/www.pmpf.rs.gov.br\/coordenadoria-da-mulher\/#\/schema\/person\/6e93b0ab2174b69f691ac4f278ba2d0a\",\"name\":\"lilicrivello\",\"image\":{\"@type\":\"ImageObject\",\"inLanguage\":\"pt-BR\",\"@id\":\"https:\/\/www.pmpf.rs.gov.br\/coordenadoria-da-mulher\/#\/schema\/person\/image\/\",\"url\":\"https:\/\/secure.gravatar.com\/avatar\/0b546b667388f8edb7b67d70a57b5e46?s=96&d=mm&r=g\",\"contentUrl\":\"https:\/\/secure.gravatar.com\/avatar\/0b546b667388f8edb7b67d70a57b5e46?s=96&d=mm&r=g\",\"caption\":\"lilicrivello\"},\"url\":\"https:\/\/www.pmpf.rs.gov.br\/coordenadoria-da-mulher\/author\/lilicrivello\/\"}]}<\/script>\n<!-- \/ Yoast SEO plugin. -->","yoast_head_json":{"title":"Programa\u00e7\u00e3o da Prefeitura amplia a\u00e7\u00f5es de cuidado, autonomia e prote\u00e7\u00e3o \u00e0s mulheres - Coordenadoria da Mulher","robots":{"index":"index","follow":"follow","max-snippet":"max-snippet:-1","max-image-preview":"max-image-preview:large","max-video-preview":"max-video-preview:-1"},"canonical":"https:\/\/www.pmpf.rs.gov.br\/coordenadoria-da-mulher\/2026\/03\/09\/programacao-da-prefeitura-amplia-acoes-de-cuidado-autonomia-e-protecao-as-mulheres\/","og_locale":"pt_BR","og_type":"article","og_title":"Programa\u00e7\u00e3o da Prefeitura amplia a\u00e7\u00f5es de cuidado, autonomia e prote\u00e7\u00e3o \u00e0s mulheres - Coordenadoria da Mulher","og_description":"Atividades ao longo de mar\u00e7o incluem debates, servi\u00e7os de sa\u00fade, encontros comunit\u00e1rios e iniciativas voltadas ao empreendedorismo e \u00e0 rede de prote\u00e7\u00e3o","og_url":"https:\/\/www.pmpf.rs.gov.br\/coordenadoria-da-mulher\/2026\/03\/09\/programacao-da-prefeitura-amplia-acoes-de-cuidado-autonomia-e-protecao-as-mulheres\/","og_site_name":"Coordenadoria da Mulher","article_published_time":"2026-03-09T11:58:39+00:00","article_modified_time":"2026-03-09T11:58:40+00:00","author":"lilicrivello","twitter_card":"summary_large_image","twitter_misc":{"Escrito por":"lilicrivello","Est. tempo de leitura":"5 minutos"},"schema":{"@context":"https:\/\/schema.org","@graph":[{"@type":"WebPage","@id":"https:\/\/www.pmpf.rs.gov.br\/coordenadoria-da-mulher\/2026\/03\/09\/programacao-da-prefeitura-amplia-acoes-de-cuidado-autonomia-e-protecao-as-mulheres\/","url":"https:\/\/www.pmpf.rs.gov.br\/coordenadoria-da-mulher\/2026\/03\/09\/programacao-da-prefeitura-amplia-acoes-de-cuidado-autonomia-e-protecao-as-mulheres\/","name":"Programa\u00e7\u00e3o da Prefeitura amplia a\u00e7\u00f5es de cuidado, autonomia e prote\u00e7\u00e3o \u00e0s mulheres - Coordenadoria da Mulher","isPartOf":{"@id":"https:\/\/www.pmpf.rs.gov.br\/coordenadoria-da-mulher\/#website"},"datePublished":"2026-03-09T11:58:39+00:00","dateModified":"2026-03-09T11:58:40+00:00","author":{"@id":"https:\/\/www.pmpf.rs.gov.br\/coordenadoria-da-mulher\/#\/schema\/person\/6e93b0ab2174b69f691ac4f278ba2d0a"},"inLanguage":"pt-BR","potentialAction":[{"@type":"ReadAction","target":["https:\/\/www.pmpf.rs.gov.br\/coordenadoria-da-mulher\/2026\/03\/09\/programacao-da-prefeitura-amplia-acoes-de-cuidado-autonomia-e-protecao-as-mulheres\/"]}]},{"@type":"WebSite","@id":"https:\/\/www.pmpf.rs.gov.br\/coordenadoria-da-mulher\/#website","url":"https:\/\/www.pmpf.rs.gov.br\/coordenadoria-da-mulher\/","name":"Coordenadoria da Mulher","description":"S\u00f3 mais um site Prefeitura de Passo Fundo","potentialAction":[{"@type":"SearchAction","target":{"@type":"EntryPoint","urlTemplate":"https:\/\/www.pmpf.rs.gov.br\/coordenadoria-da-mulher\/?s={search_term_string}"},"query-input":{"@type":"PropertyValueSpecification","valueRequired":true,"valueName":"search_term_string"}}],"inLanguage":"pt-BR"},{"@type":"Person","@id":"https:\/\/www.pmpf.rs.gov.br\/coordenadoria-da-mulher\/#\/schema\/person\/6e93b0ab2174b69f691ac4f278ba2d0a","name":"lilicrivello","image":{"@type":"ImageObject","inLanguage":"pt-BR","@id":"https:\/\/www.pmpf.rs.gov.br\/coordenadoria-da-mulher\/#\/schema\/person\/image\/","url":"https:\/\/secure.gravatar.com\/avatar\/0b546b667388f8edb7b67d70a57b5e46?s=96&d=mm&r=g","contentUrl":"https:\/\/secure.gravatar.com\/avatar\/0b546b667388f8edb7b67d70a57b5e46?s=96&d=mm&r=g","caption":"lilicrivello"},"url":"https:\/\/www.pmpf.rs.gov.br\/coordenadoria-da-mulher\/author\/lilicrivello\/"}]}},"_links":{"self":[{"href":"https:\/\/www.pmpf.rs.gov.br\/coordenadoria-da-mulher\/wp-json\/wp\/v2\/posts\/187"}],"collection":[{"href":"https:\/\/www.pmpf.rs.gov.br\/coordenadoria-da-mulher\/wp-json\/wp\/v2\/posts"}],"about":[{"href":"https:\/\/www.pmpf.rs.gov.br\/coordenadoria-da-mulher\/wp-json\/wp\/v2\/types\/post"}],"author":[{"embeddable":true,"href":"https:\/\/www.pmpf.rs.gov.br\/coordenadoria-da-mulher\/wp-json\/wp\/v2\/users\/24"}],"replies":[{"embeddable":true,"href":"https:\/\/www.pmpf.rs.gov.br\/coordenadoria-da-mulher\/wp-json\/wp\/v2\/comments?post=187"}],"version-history":[{"count":1,"href":"https:\/\/www.pmpf.rs.gov.br\/coordenadoria-da-mulher\/wp-json\/wp\/v2\/posts\/187\/revisions"}],"predecessor-version":[{"id":188,"href":"https:\/\/www.pmpf.rs.gov.br\/coordenadoria-da-mulher\/wp-json\/wp\/v2\/posts\/187\/revisions\/188"}],"wp:attachment":[{"href":"https:\/\/www.pmpf.rs.gov.br\/coordenadoria-da-mulher\/wp-json\/wp\/v2\/media?parent=187"}],"wp:term":[{"taxonomy":"category","embeddable":true,"href":"https:\/\/www.pmpf.rs.gov.br\/coordenadoria-da-mulher\/wp-json\/wp\/v2\/categories?post=187"},{"taxonomy":"post_tag","embeddable":true,"href":"https:\/\/www.pmpf.rs.gov.br\/coordenadoria-da-mulher\/wp-json\/wp\/v2\/tags?post=187"}],"curies":[{"name":"wp","href":"https:\/\/api.w.org\/{rel}","templated":true}]}}