{"id":184,"date":"2026-03-09T08:55:46","date_gmt":"2026-03-09T11:55:46","guid":{"rendered":"https:\/\/www.pmpf.rs.gov.br\/coordenadoria-da-mulher\/?p=184"},"modified":"2026-03-09T08:55:47","modified_gmt":"2026-03-09T11:55:47","slug":"prefeito-pedro-anuncia-danubia-samora-como-nova-coordenadora-da-mulher-em-passo-fundo","status":"publish","type":"post","link":"https:\/\/www.pmpf.rs.gov.br\/coordenadoria-da-mulher\/2026\/03\/09\/prefeito-pedro-anuncia-danubia-samora-como-nova-coordenadora-da-mulher-em-passo-fundo\/","title":{"rendered":"Prefeito Pedro anuncia Dan\u00fabia Samora como nova coordenadora da Mulher em Passo Fundo"},"content":{"rendered":"\n<p><\/p>\n\n\n\n<p>O prefeito Pedro Almeida anunciou, nesta quinta-feira (5) a nomea\u00e7\u00e3o de Dan\u00fabia Samora como nova coordenadora da Mulher da Prefeitura de Passo Fundo. A escolha leva em considera\u00e7\u00e3o a trajet\u00f3ria da profissional na \u00e1rea de atendimento e apoio \u00e0s mulheres, al\u00e9m da experi\u00eancia em pol\u00edticas p\u00fablicas e na articula\u00e7\u00e3o da rede de prote\u00e7\u00e3o no munic\u00edpio.<\/p>\n\n\n\n<p>Dan\u00fabia atua h\u00e1 cerca de dez anos na Casa da Mulher Maria da Penha, vinculada \u00e0 Secretaria Municipal de Assist\u00eancia Social, onde j\u00e1 desempenhou a fun\u00e7\u00e3o de coordenadora. No per\u00edodo, participou do fortalecimento das a\u00e7\u00f5es de acolhimento, orienta\u00e7\u00e3o e encaminhamento de mulheres em situa\u00e7\u00e3o de viol\u00eancia dom\u00e9stica.<\/p>\n\n\n\n<p>Ela tamb\u00e9m presidiu o Conselho Municipal dos Direitos da Mulher (Comdim) entre agosto de 2021 a julho de 2024, contribuindo para o debate e a constru\u00e7\u00e3o de pol\u00edticas p\u00fablicas voltadas \u00e0 promo\u00e7\u00e3o da equidade de g\u00eanero e \u00e0 amplia\u00e7\u00e3o da rede de prote\u00e7\u00e3o \u00e0s mulheres.<\/p>\n\n\n\n<p>Ao anunciar a nova coordenadora, o prefeito Pedro Almeida destacou a experi\u00eancia e o conhecimento de Dan\u00fabia na \u00e1rea. \u201cA Dan\u00fabia tem uma trajet\u00f3ria de trabalho dedicada ao acolhimento e \u00e0 defesa das mulheres. Conhece a rede de prote\u00e7\u00e3o e tem sensibilidade para lidar com um tema t\u00e3o importante. Tenho certeza de que far\u00e1 um grande trabalho \u00e0 frente da Coordenadoria da Mulher\u201d, afirmou.<\/p>\n\n\n\n<p>Ao assumir a fun\u00e7\u00e3o, Dan\u00fabia destacou que pretende dar continuidade \u00e0s a\u00e7\u00f5es j\u00e1 desenvolvidas e ampliar a aproxima\u00e7\u00e3o das mulheres com os servi\u00e7os de apoio existentes no munic\u00edpio. \u201cQuero continuar trabalhando no acolhimento, assessorando, assistindo, apoiando e articulando a\u00e7\u00f5es e pol\u00edticas voltadas \u00e0s mulheres. Tamb\u00e9m \u00e9 importante divulgar e aproximar as mulheres da rede de prote\u00e7\u00e3o contra a viol\u00eancia dom\u00e9stica, para que elas saibam onde buscar ajuda\u201d, afirmou.<\/p>\n\n\n\n<p>A nova coordenadora possui forma\u00e7\u00e3o t\u00e9cnica em Teologia pela Escola de Educa\u00e7\u00e3o Teol\u00f3gicas das Assembleias de Deus (EETAD) e em Secretariado com \u00eanfase em bil\u00edngue pelo Instituto Educacional. Atualmente cursa gradua\u00e7\u00e3o em Pedagogia na Universidade de Passo Fundo (UPF).<\/p>\n\n\n\n<p>Ao longo da carreira, tamb\u00e9m atuou em diferentes setores da administra\u00e7\u00e3o municipal, como assistente de registros do Cadastro \u00danico de Sa\u00fade, coordenadora de Habita\u00e7\u00e3o Popular e coordenadora da Agricultura Familiar, experi\u00eancias que contribu\u00edram para ampliar sua atua\u00e7\u00e3o nas pol\u00edticas sociais do munic\u00edpio.<\/p>\n\n\n\n<p>A Coordenadoria da Mulher atua no desenvolvimento de pol\u00edticas p\u00fablicas voltadas \u00e0 equidade de g\u00eanero, no fortalecimento das a\u00e7\u00f5es de enfrentamento \u00e0 viol\u00eancia dom\u00e9stica e na articula\u00e7\u00e3o entre os servi\u00e7os de assist\u00eancia, seguran\u00e7a e sa\u00fade que integram a rede de prote\u00e7\u00e3o \u00e0s mulheres em Passo Fundo.<\/p>\n","protected":false},"excerpt":{"rendered":"<p>Com experi\u00eancia de mais de uma d\u00e9cada na \u00e1rea, Dan\u00fabia pretende fortalecer o acolhimento e ampliar a articula\u00e7\u00e3o da rede de prote\u00e7\u00e3o \u00e0s mulheres no munic\u00edpio<\/p>\n","protected":false},"author":24,"featured_media":185,"comment_status":"closed","ping_status":"closed","sticky":false,"template":"","format":"standard","meta":{"footnotes":""},"categories":[1],"tags":[],"class_list":["post-184","post","type-post","status-publish","format-standard","has-post-thumbnail","hentry","category-sem-categoria"],"yoast_head":"<!-- This site is optimized with the Yoast SEO plugin v23.8 - https:\/\/yoast.com\/wordpress\/plugins\/seo\/ -->\n<title>Prefeito Pedro anuncia Dan\u00fabia Samora como nova coordenadora da Mulher em Passo Fundo - Coordenadoria da Mulher<\/title>\n<meta name=\"robots\" content=\"index, follow, max-snippet:-1, max-image-preview:large, max-video-preview:-1\" \/>\n<link rel=\"canonical\" href=\"https:\/\/www.pmpf.rs.gov.br\/coordenadoria-da-mulher\/2026\/03\/09\/prefeito-pedro-anuncia-danubia-samora-como-nova-coordenadora-da-mulher-em-passo-fundo\/\" \/>\n<meta property=\"og:locale\" content=\"pt_BR\" \/>\n<meta property=\"og:type\" content=\"article\" \/>\n<meta property=\"og:title\" content=\"Prefeito Pedro anuncia Dan\u00fabia Samora como nova coordenadora da Mulher em Passo Fundo - Coordenadoria da Mulher\" \/>\n<meta property=\"og:description\" content=\"Com experi\u00eancia de mais de uma d\u00e9cada na \u00e1rea, Dan\u00fabia pretende fortalecer o acolhimento e ampliar a articula\u00e7\u00e3o da rede de prote\u00e7\u00e3o \u00e0s mulheres no munic\u00edpio\" \/>\n<meta property=\"og:url\" content=\"https:\/\/www.pmpf.rs.gov.br\/coordenadoria-da-mulher\/2026\/03\/09\/prefeito-pedro-anuncia-danubia-samora-como-nova-coordenadora-da-mulher-em-passo-fundo\/\" \/>\n<meta property=\"og:site_name\" content=\"Coordenadoria da Mulher\" \/>\n<meta property=\"article:published_time\" content=\"2026-03-09T11:55:46+00:00\" \/>\n<meta property=\"article:modified_time\" content=\"2026-03-09T11:55:47+00:00\" \/>\n<meta name=\"author\" content=\"lilicrivello\" \/>\n<meta name=\"twitter:card\" content=\"summary_large_image\" \/>\n<meta name=\"twitter:label1\" content=\"Escrito por\" \/>\n\t<meta name=\"twitter:data1\" content=\"lilicrivello\" \/>\n\t<meta name=\"twitter:label2\" content=\"Est. tempo de leitura\" \/>\n\t<meta name=\"twitter:data2\" content=\"2 minutos\" \/>\n<script type=\"application\/ld+json\" class=\"yoast-schema-graph\">{\"@context\":\"https:\/\/schema.org\",\"@graph\":[{\"@type\":\"WebPage\",\"@id\":\"https:\/\/www.pmpf.rs.gov.br\/coordenadoria-da-mulher\/2026\/03\/09\/prefeito-pedro-anuncia-danubia-samora-como-nova-coordenadora-da-mulher-em-passo-fundo\/\",\"url\":\"https:\/\/www.pmpf.rs.gov.br\/coordenadoria-da-mulher\/2026\/03\/09\/prefeito-pedro-anuncia-danubia-samora-como-nova-coordenadora-da-mulher-em-passo-fundo\/\",\"name\":\"Prefeito Pedro anuncia Dan\u00fabia Samora como nova coordenadora da Mulher em Passo Fundo - Coordenadoria da Mulher\",\"isPartOf\":{\"@id\":\"https:\/\/www.pmpf.rs.gov.br\/coordenadoria-da-mulher\/#website\"},\"primaryImageOfPage\":{\"@id\":\"https:\/\/www.pmpf.rs.gov.br\/coordenadoria-da-mulher\/2026\/03\/09\/prefeito-pedro-anuncia-danubia-samora-como-nova-coordenadora-da-mulher-em-passo-fundo\/#primaryimage\"},\"image\":{\"@id\":\"https:\/\/www.pmpf.rs.gov.br\/coordenadoria-da-mulher\/2026\/03\/09\/prefeito-pedro-anuncia-danubia-samora-como-nova-coordenadora-da-mulher-em-passo-fundo\/#primaryimage\"},\"thumbnailUrl\":\"https:\/\/www.pmpf.rs.gov.br\/coordenadoria-da-mulher\/wp-content\/uploads\/sites\/35\/2026\/03\/WhatsApp-Image-2026-03-06-at-09.23.32.jpeg\",\"datePublished\":\"2026-03-09T11:55:46+00:00\",\"dateModified\":\"2026-03-09T11:55:47+00:00\",\"author\":{\"@id\":\"https:\/\/www.pmpf.rs.gov.br\/coordenadoria-da-mulher\/#\/schema\/person\/6e93b0ab2174b69f691ac4f278ba2d0a\"},\"inLanguage\":\"pt-BR\",\"potentialAction\":[{\"@type\":\"ReadAction\",\"target\":[\"https:\/\/www.pmpf.rs.gov.br\/coordenadoria-da-mulher\/2026\/03\/09\/prefeito-pedro-anuncia-danubia-samora-como-nova-coordenadora-da-mulher-em-passo-fundo\/\"]}]},{\"@type\":\"ImageObject\",\"inLanguage\":\"pt-BR\",\"@id\":\"https:\/\/www.pmpf.rs.gov.br\/coordenadoria-da-mulher\/2026\/03\/09\/prefeito-pedro-anuncia-danubia-samora-como-nova-coordenadora-da-mulher-em-passo-fundo\/#primaryimage\",\"url\":\"https:\/\/www.pmpf.rs.gov.br\/coordenadoria-da-mulher\/wp-content\/uploads\/sites\/35\/2026\/03\/WhatsApp-Image-2026-03-06-at-09.23.32.jpeg\",\"contentUrl\":\"https:\/\/www.pmpf.rs.gov.br\/coordenadoria-da-mulher\/wp-content\/uploads\/sites\/35\/2026\/03\/WhatsApp-Image-2026-03-06-at-09.23.32.jpeg\",\"width\":1600,\"height\":1070},{\"@type\":\"WebSite\",\"@id\":\"https:\/\/www.pmpf.rs.gov.br\/coordenadoria-da-mulher\/#website\",\"url\":\"https:\/\/www.pmpf.rs.gov.br\/coordenadoria-da-mulher\/\",\"name\":\"Coordenadoria da Mulher\",\"description\":\"S\u00f3 mais um site Prefeitura de Passo Fundo\",\"potentialAction\":[{\"@type\":\"SearchAction\",\"target\":{\"@type\":\"EntryPoint\",\"urlTemplate\":\"https:\/\/www.pmpf.rs.gov.br\/coordenadoria-da-mulher\/?s={search_term_string}\"},\"query-input\":{\"@type\":\"PropertyValueSpecification\",\"valueRequired\":true,\"valueName\":\"search_term_string\"}}],\"inLanguage\":\"pt-BR\"},{\"@type\":\"Person\",\"@id\":\"https:\/\/www.pmpf.rs.gov.br\/coordenadoria-da-mulher\/#\/schema\/person\/6e93b0ab2174b69f691ac4f278ba2d0a\",\"name\":\"lilicrivello\",\"image\":{\"@type\":\"ImageObject\",\"inLanguage\":\"pt-BR\",\"@id\":\"https:\/\/www.pmpf.rs.gov.br\/coordenadoria-da-mulher\/#\/schema\/person\/image\/\",\"url\":\"https:\/\/secure.gravatar.com\/avatar\/0b546b667388f8edb7b67d70a57b5e46?s=96&d=mm&r=g\",\"contentUrl\":\"https:\/\/secure.gravatar.com\/avatar\/0b546b667388f8edb7b67d70a57b5e46?s=96&d=mm&r=g\",\"caption\":\"lilicrivello\"},\"url\":\"https:\/\/www.pmpf.rs.gov.br\/coordenadoria-da-mulher\/author\/lilicrivello\/\"}]}<\/script>\n<!-- \/ Yoast SEO plugin. -->","yoast_head_json":{"title":"Prefeito Pedro anuncia Dan\u00fabia Samora como nova coordenadora da Mulher em Passo Fundo - Coordenadoria da Mulher","robots":{"index":"index","follow":"follow","max-snippet":"max-snippet:-1","max-image-preview":"max-image-preview:large","max-video-preview":"max-video-preview:-1"},"canonical":"https:\/\/www.pmpf.rs.gov.br\/coordenadoria-da-mulher\/2026\/03\/09\/prefeito-pedro-anuncia-danubia-samora-como-nova-coordenadora-da-mulher-em-passo-fundo\/","og_locale":"pt_BR","og_type":"article","og_title":"Prefeito Pedro anuncia Dan\u00fabia Samora como nova coordenadora da Mulher em Passo Fundo - Coordenadoria da Mulher","og_description":"Com experi\u00eancia de mais de uma d\u00e9cada na \u00e1rea, Dan\u00fabia pretende fortalecer o acolhimento e ampliar a articula\u00e7\u00e3o da rede de prote\u00e7\u00e3o \u00e0s mulheres no munic\u00edpio","og_url":"https:\/\/www.pmpf.rs.gov.br\/coordenadoria-da-mulher\/2026\/03\/09\/prefeito-pedro-anuncia-danubia-samora-como-nova-coordenadora-da-mulher-em-passo-fundo\/","og_site_name":"Coordenadoria da Mulher","article_published_time":"2026-03-09T11:55:46+00:00","article_modified_time":"2026-03-09T11:55:47+00:00","author":"lilicrivello","twitter_card":"summary_large_image","twitter_misc":{"Escrito por":"lilicrivello","Est. tempo de leitura":"2 minutos"},"schema":{"@context":"https:\/\/schema.org","@graph":[{"@type":"WebPage","@id":"https:\/\/www.pmpf.rs.gov.br\/coordenadoria-da-mulher\/2026\/03\/09\/prefeito-pedro-anuncia-danubia-samora-como-nova-coordenadora-da-mulher-em-passo-fundo\/","url":"https:\/\/www.pmpf.rs.gov.br\/coordenadoria-da-mulher\/2026\/03\/09\/prefeito-pedro-anuncia-danubia-samora-como-nova-coordenadora-da-mulher-em-passo-fundo\/","name":"Prefeito Pedro anuncia Dan\u00fabia Samora como nova coordenadora da Mulher em Passo Fundo - Coordenadoria da Mulher","isPartOf":{"@id":"https:\/\/www.pmpf.rs.gov.br\/coordenadoria-da-mulher\/#website"},"primaryImageOfPage":{"@id":"https:\/\/www.pmpf.rs.gov.br\/coordenadoria-da-mulher\/2026\/03\/09\/prefeito-pedro-anuncia-danubia-samora-como-nova-coordenadora-da-mulher-em-passo-fundo\/#primaryimage"},"image":{"@id":"https:\/\/www.pmpf.rs.gov.br\/coordenadoria-da-mulher\/2026\/03\/09\/prefeito-pedro-anuncia-danubia-samora-como-nova-coordenadora-da-mulher-em-passo-fundo\/#primaryimage"},"thumbnailUrl":"https:\/\/www.pmpf.rs.gov.br\/coordenadoria-da-mulher\/wp-content\/uploads\/sites\/35\/2026\/03\/WhatsApp-Image-2026-03-06-at-09.23.32.jpeg","datePublished":"2026-03-09T11:55:46+00:00","dateModified":"2026-03-09T11:55:47+00:00","author":{"@id":"https:\/\/www.pmpf.rs.gov.br\/coordenadoria-da-mulher\/#\/schema\/person\/6e93b0ab2174b69f691ac4f278ba2d0a"},"inLanguage":"pt-BR","potentialAction":[{"@type":"ReadAction","target":["https:\/\/www.pmpf.rs.gov.br\/coordenadoria-da-mulher\/2026\/03\/09\/prefeito-pedro-anuncia-danubia-samora-como-nova-coordenadora-da-mulher-em-passo-fundo\/"]}]},{"@type":"ImageObject","inLanguage":"pt-BR","@id":"https:\/\/www.pmpf.rs.gov.br\/coordenadoria-da-mulher\/2026\/03\/09\/prefeito-pedro-anuncia-danubia-samora-como-nova-coordenadora-da-mulher-em-passo-fundo\/#primaryimage","url":"https:\/\/www.pmpf.rs.gov.br\/coordenadoria-da-mulher\/wp-content\/uploads\/sites\/35\/2026\/03\/WhatsApp-Image-2026-03-06-at-09.23.32.jpeg","contentUrl":"https:\/\/www.pmpf.rs.gov.br\/coordenadoria-da-mulher\/wp-content\/uploads\/sites\/35\/2026\/03\/WhatsApp-Image-2026-03-06-at-09.23.32.jpeg","width":1600,"height":1070},{"@type":"WebSite","@id":"https:\/\/www.pmpf.rs.gov.br\/coordenadoria-da-mulher\/#website","url":"https:\/\/www.pmpf.rs.gov.br\/coordenadoria-da-mulher\/","name":"Coordenadoria da Mulher","description":"S\u00f3 mais um site Prefeitura de Passo Fundo","potentialAction":[{"@type":"SearchAction","target":{"@type":"EntryPoint","urlTemplate":"https:\/\/www.pmpf.rs.gov.br\/coordenadoria-da-mulher\/?s={search_term_string}"},"query-input":{"@type":"PropertyValueSpecification","valueRequired":true,"valueName":"search_term_string"}}],"inLanguage":"pt-BR"},{"@type":"Person","@id":"https:\/\/www.pmpf.rs.gov.br\/coordenadoria-da-mulher\/#\/schema\/person\/6e93b0ab2174b69f691ac4f278ba2d0a","name":"lilicrivello","image":{"@type":"ImageObject","inLanguage":"pt-BR","@id":"https:\/\/www.pmpf.rs.gov.br\/coordenadoria-da-mulher\/#\/schema\/person\/image\/","url":"https:\/\/secure.gravatar.com\/avatar\/0b546b667388f8edb7b67d70a57b5e46?s=96&d=mm&r=g","contentUrl":"https:\/\/secure.gravatar.com\/avatar\/0b546b667388f8edb7b67d70a57b5e46?s=96&d=mm&r=g","caption":"lilicrivello"},"url":"https:\/\/www.pmpf.rs.gov.br\/coordenadoria-da-mulher\/author\/lilicrivello\/"}]}},"_links":{"self":[{"href":"https:\/\/www.pmpf.rs.gov.br\/coordenadoria-da-mulher\/wp-json\/wp\/v2\/posts\/184"}],"collection":[{"href":"https:\/\/www.pmpf.rs.gov.br\/coordenadoria-da-mulher\/wp-json\/wp\/v2\/posts"}],"about":[{"href":"https:\/\/www.pmpf.rs.gov.br\/coordenadoria-da-mulher\/wp-json\/wp\/v2\/types\/post"}],"author":[{"embeddable":true,"href":"https:\/\/www.pmpf.rs.gov.br\/coordenadoria-da-mulher\/wp-json\/wp\/v2\/users\/24"}],"replies":[{"embeddable":true,"href":"https:\/\/www.pmpf.rs.gov.br\/coordenadoria-da-mulher\/wp-json\/wp\/v2\/comments?post=184"}],"version-history":[{"count":1,"href":"https:\/\/www.pmpf.rs.gov.br\/coordenadoria-da-mulher\/wp-json\/wp\/v2\/posts\/184\/revisions"}],"predecessor-version":[{"id":186,"href":"https:\/\/www.pmpf.rs.gov.br\/coordenadoria-da-mulher\/wp-json\/wp\/v2\/posts\/184\/revisions\/186"}],"wp:featuredmedia":[{"embeddable":true,"href":"https:\/\/www.pmpf.rs.gov.br\/coordenadoria-da-mulher\/wp-json\/wp\/v2\/media\/185"}],"wp:attachment":[{"href":"https:\/\/www.pmpf.rs.gov.br\/coordenadoria-da-mulher\/wp-json\/wp\/v2\/media?parent=184"}],"wp:term":[{"taxonomy":"category","embeddable":true,"href":"https:\/\/www.pmpf.rs.gov.br\/coordenadoria-da-mulher\/wp-json\/wp\/v2\/categories?post=184"},{"taxonomy":"post_tag","embeddable":true,"href":"https:\/\/www.pmpf.rs.gov.br\/coordenadoria-da-mulher\/wp-json\/wp\/v2\/tags?post=184"}],"curies":[{"name":"wp","href":"https:\/\/api.w.org\/{rel}","templated":true}]}}