{"id":178,"date":"2025-08-14T08:23:37","date_gmt":"2025-08-14T11:23:37","guid":{"rendered":"https:\/\/www.pmpf.rs.gov.br\/coordenadoria-da-mulher\/?p=178"},"modified":"2025-08-14T08:23:38","modified_gmt":"2025-08-14T11:23:38","slug":"agosto-lilas-reforca-a-importancia-da-rede-de-protecao-as-mulheres-em-passo-fundo","status":"publish","type":"post","link":"https:\/\/www.pmpf.rs.gov.br\/coordenadoria-da-mulher\/2025\/08\/14\/agosto-lilas-reforca-a-importancia-da-rede-de-protecao-as-mulheres-em-passo-fundo\/","title":{"rendered":"Agosto Lil\u00e1s refor\u00e7a a import\u00e2ncia da rede de prote\u00e7\u00e3o \u00e0s mulheres em Passo Fundo"},"content":{"rendered":"\n<p><\/p>\n\n\n\n<p>Neste m\u00eas de agosto, a campanha Agosto Lil\u00e1s volta a chamar aten\u00e7\u00e3o para a preven\u00e7\u00e3o e o enfrentamento \u00e0 viol\u00eancia contra a mulher. Em Passo Fundo, o cuidado e a prote\u00e7\u00e3o s\u00e3o refor\u00e7ados por uma rede estruturada de servi\u00e7os que garantem acolhimento, seguran\u00e7a, autonomia e promo\u00e7\u00e3o da sa\u00fade para todas as mulheres.<\/p>\n\n\n\n<p>A coordenadora da Coordenadoria da Mulher, da Prefeitura de Passo Fundo, Taciana Modler, refor\u00e7a que a rede existe para amparar e dar respostas r\u00e1pidas a qualquer situa\u00e7\u00e3o de viol\u00eancia. \u201cNenhuma mulher deve caminhar sozinha quando o caminho for de dor. Em Passo Fundo, a rede \u00e9 viva, acolhe, protege e fortalece. Nossa miss\u00e3o \u00e9 garantir que toda mulher tenha acesso a apoio jur\u00eddico, psicol\u00f3gico, social e de sa\u00fade, al\u00e9m de oportunidades para reconstruir sua vida com dignidade e autonomia\u201d, afirma.<\/p>\n\n\n\n<p>O Agosto Lil\u00e1s \u00e9 um lembrete de que combater a viol\u00eancia contra a mulher exige compromisso coletivo e a\u00e7\u00f5es concretas. Em Passo Fundo, a uni\u00e3o de \u00f3rg\u00e3os p\u00fablicos, universidades, for\u00e7as de seguran\u00e7a e sociedade civil faz com que esse compromisso se traduza em atendimento humanizado, prote\u00e7\u00e3o efetiva e defesa incondicional da vida.<\/p>\n\n\n\n<p><strong>Atendimentos municipais para as mulheres<br><\/strong>A Prefeitura de Passo Fundo mant\u00e9m, de forma permanente, a\u00e7\u00f5es e servi\u00e7os que integram a rede de prote\u00e7\u00e3o:<br>Coordenadoria da Mulher \u2013 \u00d3rg\u00e3o ligado \u00e0 Prefeitura de Passo Fundo, respons\u00e1vel pela articula\u00e7\u00e3o das pol\u00edticas p\u00fablicas para as mulheres. Realiza acolhimento, escuta qualificada, orienta\u00e7\u00e3o jur\u00eddica e psicossocial, encaminhamentos \u00e0 rede de prote\u00e7\u00e3o e projetos de empoderamento e autonomia econ\u00f4mica.<br>Conselho Municipal dos Direitos da Mulher (COMDIM) \u2013 \u00d3rg\u00e3o parit\u00e1rio que formula, fiscaliza e acompanha pol\u00edticas p\u00fablicas para mulheres, garantindo di\u00e1logo entre sociedade civil e poder p\u00fablico.<br>Centro de Refer\u00eancia de Atendimento \u00e0 Mulher (CRAM) \u2013 Oferece apoio psicol\u00f3gico, social e jur\u00eddico gratuito a mulheres em situa\u00e7\u00e3o de viol\u00eancia, atuando de forma integrada com a Coordenadoria da Mulher e outros servi\u00e7os.<br>Servi\u00e7os da Assist\u00eancia Social (PAC) \u2013 Por meio dos CRAS e CREAS, oferece escuta social, benef\u00edcios eventuais, inclus\u00e3o em programas de gera\u00e7\u00e3o de renda e encaminhamentos.<br>Casa Maria da Penha \u2013 Acolhimento institucional para mulheres em risco iminente, com ou sem filhos, garantindo moradia provis\u00f3ria, alimenta\u00e7\u00e3o, acompanhamento psicossocial e jur\u00eddico.<br>Centro de Refer\u00eancia em Sa\u00fade da Mulher \u2013 Atendimento integral \u00e0 sa\u00fade feminina, com consultas, exames preventivos, planejamento familiar, pr\u00e9-natal de alto risco e acolhimento de mulheres v\u00edtimas de viol\u00eancia.<\/p>\n\n\n\n<p><strong>Outros servi\u00e7os da rede em Passo Fundo<br><\/strong>Al\u00e9m das a\u00e7\u00f5es municipais, o munic\u00edpio conta com outras institui\u00e7\u00f5es e \u00f3rg\u00e3os que fortalecem a prote\u00e7\u00e3o \u00e0s mulheres:<br>Procuradoria da Mulher da C\u00e2mara de Vereadores \u2013 Recebe den\u00fancias, orienta e encaminha casos, al\u00e9m de propor a\u00e7\u00f5es legislativas e campanhas de conscientiza\u00e7\u00e3o.<br>Delegacia Especializada de Atendimento \u00e0 Mulher (DEAM) \u2013 Unidade da Pol\u00edcia Civil para registro de ocorr\u00eancias, solicita\u00e7\u00e3o de medidas protetivas e investiga\u00e7\u00e3o de crimes.<br>Projur Mulher e Diversidade \u2013 UPF \u2013 Assist\u00eancia jur\u00eddica gratuita e qualificada para mulheres v\u00edtimas de viol\u00eancia e pessoas LGBTQIA+.<br>Defensoria P\u00fablica Especializada para Mulheres V\u00edtimas \u2013 Atendimento jur\u00eddico gratuito em casos de viol\u00eancia dom\u00e9stica e familiar.<br>Vara Especializada da Viol\u00eancia Dom\u00e9stica \u2013 Julgamento e acompanhamento de processos relacionados \u00e0 Lei Maria da Penha, garantindo celeridade e especializa\u00e7\u00e3o.<br>Patrulha Maria da Penha \u2013 Monitoramento das medidas protetivas de urg\u00eancia, com visitas peri\u00f3dicas e atendimento emergencial.<\/p>\n\n\n\n<p><\/p>\n","protected":false},"excerpt":{"rendered":"<p>Campanha destaca os servi\u00e7os dispon\u00edveis e refor\u00e7a o compromisso do munic\u00edpio com a preven\u00e7\u00e3o e o enfrentamento \u00e0 viol\u00eancia<\/p>\n","protected":false},"author":24,"featured_media":0,"comment_status":"closed","ping_status":"closed","sticky":false,"template":"","format":"standard","meta":{"footnotes":""},"categories":[1],"tags":[],"class_list":["post-178","post","type-post","status-publish","format-standard","hentry","category-sem-categoria"],"yoast_head":"<!-- This site is optimized with the Yoast SEO plugin v23.8 - https:\/\/yoast.com\/wordpress\/plugins\/seo\/ -->\n<title>Agosto Lil\u00e1s refor\u00e7a a import\u00e2ncia da rede de prote\u00e7\u00e3o \u00e0s mulheres em Passo Fundo - Coordenadoria da Mulher<\/title>\n<meta name=\"robots\" content=\"index, follow, max-snippet:-1, max-image-preview:large, max-video-preview:-1\" \/>\n<link rel=\"canonical\" href=\"https:\/\/www.pmpf.rs.gov.br\/coordenadoria-da-mulher\/2025\/08\/14\/agosto-lilas-reforca-a-importancia-da-rede-de-protecao-as-mulheres-em-passo-fundo\/\" \/>\n<meta property=\"og:locale\" content=\"pt_BR\" \/>\n<meta property=\"og:type\" content=\"article\" \/>\n<meta property=\"og:title\" content=\"Agosto Lil\u00e1s refor\u00e7a a import\u00e2ncia da rede de prote\u00e7\u00e3o \u00e0s mulheres em Passo Fundo - Coordenadoria da Mulher\" \/>\n<meta property=\"og:description\" content=\"Campanha destaca os servi\u00e7os dispon\u00edveis e refor\u00e7a o compromisso do munic\u00edpio com a preven\u00e7\u00e3o e o enfrentamento \u00e0 viol\u00eancia\" \/>\n<meta property=\"og:url\" content=\"https:\/\/www.pmpf.rs.gov.br\/coordenadoria-da-mulher\/2025\/08\/14\/agosto-lilas-reforca-a-importancia-da-rede-de-protecao-as-mulheres-em-passo-fundo\/\" \/>\n<meta property=\"og:site_name\" content=\"Coordenadoria da Mulher\" \/>\n<meta property=\"article:published_time\" content=\"2025-08-14T11:23:37+00:00\" \/>\n<meta property=\"article:modified_time\" content=\"2025-08-14T11:23:38+00:00\" \/>\n<meta name=\"author\" content=\"lilicrivello\" \/>\n<meta name=\"twitter:card\" content=\"summary_large_image\" \/>\n<meta name=\"twitter:label1\" content=\"Escrito por\" \/>\n\t<meta name=\"twitter:data1\" content=\"lilicrivello\" \/>\n\t<meta name=\"twitter:label2\" content=\"Est. tempo de leitura\" \/>\n\t<meta name=\"twitter:data2\" content=\"3 minutos\" \/>\n<script type=\"application\/ld+json\" class=\"yoast-schema-graph\">{\"@context\":\"https:\/\/schema.org\",\"@graph\":[{\"@type\":\"WebPage\",\"@id\":\"https:\/\/www.pmpf.rs.gov.br\/coordenadoria-da-mulher\/2025\/08\/14\/agosto-lilas-reforca-a-importancia-da-rede-de-protecao-as-mulheres-em-passo-fundo\/\",\"url\":\"https:\/\/www.pmpf.rs.gov.br\/coordenadoria-da-mulher\/2025\/08\/14\/agosto-lilas-reforca-a-importancia-da-rede-de-protecao-as-mulheres-em-passo-fundo\/\",\"name\":\"Agosto Lil\u00e1s refor\u00e7a a import\u00e2ncia da rede de prote\u00e7\u00e3o \u00e0s mulheres em Passo Fundo - Coordenadoria da Mulher\",\"isPartOf\":{\"@id\":\"https:\/\/www.pmpf.rs.gov.br\/coordenadoria-da-mulher\/#website\"},\"datePublished\":\"2025-08-14T11:23:37+00:00\",\"dateModified\":\"2025-08-14T11:23:38+00:00\",\"author\":{\"@id\":\"https:\/\/www.pmpf.rs.gov.br\/coordenadoria-da-mulher\/#\/schema\/person\/6e93b0ab2174b69f691ac4f278ba2d0a\"},\"inLanguage\":\"pt-BR\",\"potentialAction\":[{\"@type\":\"ReadAction\",\"target\":[\"https:\/\/www.pmpf.rs.gov.br\/coordenadoria-da-mulher\/2025\/08\/14\/agosto-lilas-reforca-a-importancia-da-rede-de-protecao-as-mulheres-em-passo-fundo\/\"]}]},{\"@type\":\"WebSite\",\"@id\":\"https:\/\/www.pmpf.rs.gov.br\/coordenadoria-da-mulher\/#website\",\"url\":\"https:\/\/www.pmpf.rs.gov.br\/coordenadoria-da-mulher\/\",\"name\":\"Coordenadoria da Mulher\",\"description\":\"S\u00f3 mais um site Prefeitura de Passo Fundo\",\"potentialAction\":[{\"@type\":\"SearchAction\",\"target\":{\"@type\":\"EntryPoint\",\"urlTemplate\":\"https:\/\/www.pmpf.rs.gov.br\/coordenadoria-da-mulher\/?s={search_term_string}\"},\"query-input\":{\"@type\":\"PropertyValueSpecification\",\"valueRequired\":true,\"valueName\":\"search_term_string\"}}],\"inLanguage\":\"pt-BR\"},{\"@type\":\"Person\",\"@id\":\"https:\/\/www.pmpf.rs.gov.br\/coordenadoria-da-mulher\/#\/schema\/person\/6e93b0ab2174b69f691ac4f278ba2d0a\",\"name\":\"lilicrivello\",\"image\":{\"@type\":\"ImageObject\",\"inLanguage\":\"pt-BR\",\"@id\":\"https:\/\/www.pmpf.rs.gov.br\/coordenadoria-da-mulher\/#\/schema\/person\/image\/\",\"url\":\"https:\/\/secure.gravatar.com\/avatar\/0b546b667388f8edb7b67d70a57b5e46?s=96&d=mm&r=g\",\"contentUrl\":\"https:\/\/secure.gravatar.com\/avatar\/0b546b667388f8edb7b67d70a57b5e46?s=96&d=mm&r=g\",\"caption\":\"lilicrivello\"},\"url\":\"https:\/\/www.pmpf.rs.gov.br\/coordenadoria-da-mulher\/author\/lilicrivello\/\"}]}<\/script>\n<!-- \/ Yoast SEO plugin. -->","yoast_head_json":{"title":"Agosto Lil\u00e1s refor\u00e7a a import\u00e2ncia da rede de prote\u00e7\u00e3o \u00e0s mulheres em Passo Fundo - Coordenadoria da Mulher","robots":{"index":"index","follow":"follow","max-snippet":"max-snippet:-1","max-image-preview":"max-image-preview:large","max-video-preview":"max-video-preview:-1"},"canonical":"https:\/\/www.pmpf.rs.gov.br\/coordenadoria-da-mulher\/2025\/08\/14\/agosto-lilas-reforca-a-importancia-da-rede-de-protecao-as-mulheres-em-passo-fundo\/","og_locale":"pt_BR","og_type":"article","og_title":"Agosto Lil\u00e1s refor\u00e7a a import\u00e2ncia da rede de prote\u00e7\u00e3o \u00e0s mulheres em Passo Fundo - Coordenadoria da Mulher","og_description":"Campanha destaca os servi\u00e7os dispon\u00edveis e refor\u00e7a o compromisso do munic\u00edpio com a preven\u00e7\u00e3o e o enfrentamento \u00e0 viol\u00eancia","og_url":"https:\/\/www.pmpf.rs.gov.br\/coordenadoria-da-mulher\/2025\/08\/14\/agosto-lilas-reforca-a-importancia-da-rede-de-protecao-as-mulheres-em-passo-fundo\/","og_site_name":"Coordenadoria da Mulher","article_published_time":"2025-08-14T11:23:37+00:00","article_modified_time":"2025-08-14T11:23:38+00:00","author":"lilicrivello","twitter_card":"summary_large_image","twitter_misc":{"Escrito por":"lilicrivello","Est. tempo de leitura":"3 minutos"},"schema":{"@context":"https:\/\/schema.org","@graph":[{"@type":"WebPage","@id":"https:\/\/www.pmpf.rs.gov.br\/coordenadoria-da-mulher\/2025\/08\/14\/agosto-lilas-reforca-a-importancia-da-rede-de-protecao-as-mulheres-em-passo-fundo\/","url":"https:\/\/www.pmpf.rs.gov.br\/coordenadoria-da-mulher\/2025\/08\/14\/agosto-lilas-reforca-a-importancia-da-rede-de-protecao-as-mulheres-em-passo-fundo\/","name":"Agosto Lil\u00e1s refor\u00e7a a import\u00e2ncia da rede de prote\u00e7\u00e3o \u00e0s mulheres em Passo Fundo - Coordenadoria da Mulher","isPartOf":{"@id":"https:\/\/www.pmpf.rs.gov.br\/coordenadoria-da-mulher\/#website"},"datePublished":"2025-08-14T11:23:37+00:00","dateModified":"2025-08-14T11:23:38+00:00","author":{"@id":"https:\/\/www.pmpf.rs.gov.br\/coordenadoria-da-mulher\/#\/schema\/person\/6e93b0ab2174b69f691ac4f278ba2d0a"},"inLanguage":"pt-BR","potentialAction":[{"@type":"ReadAction","target":["https:\/\/www.pmpf.rs.gov.br\/coordenadoria-da-mulher\/2025\/08\/14\/agosto-lilas-reforca-a-importancia-da-rede-de-protecao-as-mulheres-em-passo-fundo\/"]}]},{"@type":"WebSite","@id":"https:\/\/www.pmpf.rs.gov.br\/coordenadoria-da-mulher\/#website","url":"https:\/\/www.pmpf.rs.gov.br\/coordenadoria-da-mulher\/","name":"Coordenadoria da Mulher","description":"S\u00f3 mais um site Prefeitura de Passo Fundo","potentialAction":[{"@type":"SearchAction","target":{"@type":"EntryPoint","urlTemplate":"https:\/\/www.pmpf.rs.gov.br\/coordenadoria-da-mulher\/?s={search_term_string}"},"query-input":{"@type":"PropertyValueSpecification","valueRequired":true,"valueName":"search_term_string"}}],"inLanguage":"pt-BR"},{"@type":"Person","@id":"https:\/\/www.pmpf.rs.gov.br\/coordenadoria-da-mulher\/#\/schema\/person\/6e93b0ab2174b69f691ac4f278ba2d0a","name":"lilicrivello","image":{"@type":"ImageObject","inLanguage":"pt-BR","@id":"https:\/\/www.pmpf.rs.gov.br\/coordenadoria-da-mulher\/#\/schema\/person\/image\/","url":"https:\/\/secure.gravatar.com\/avatar\/0b546b667388f8edb7b67d70a57b5e46?s=96&d=mm&r=g","contentUrl":"https:\/\/secure.gravatar.com\/avatar\/0b546b667388f8edb7b67d70a57b5e46?s=96&d=mm&r=g","caption":"lilicrivello"},"url":"https:\/\/www.pmpf.rs.gov.br\/coordenadoria-da-mulher\/author\/lilicrivello\/"}]}},"_links":{"self":[{"href":"https:\/\/www.pmpf.rs.gov.br\/coordenadoria-da-mulher\/wp-json\/wp\/v2\/posts\/178"}],"collection":[{"href":"https:\/\/www.pmpf.rs.gov.br\/coordenadoria-da-mulher\/wp-json\/wp\/v2\/posts"}],"about":[{"href":"https:\/\/www.pmpf.rs.gov.br\/coordenadoria-da-mulher\/wp-json\/wp\/v2\/types\/post"}],"author":[{"embeddable":true,"href":"https:\/\/www.pmpf.rs.gov.br\/coordenadoria-da-mulher\/wp-json\/wp\/v2\/users\/24"}],"replies":[{"embeddable":true,"href":"https:\/\/www.pmpf.rs.gov.br\/coordenadoria-da-mulher\/wp-json\/wp\/v2\/comments?post=178"}],"version-history":[{"count":1,"href":"https:\/\/www.pmpf.rs.gov.br\/coordenadoria-da-mulher\/wp-json\/wp\/v2\/posts\/178\/revisions"}],"predecessor-version":[{"id":179,"href":"https:\/\/www.pmpf.rs.gov.br\/coordenadoria-da-mulher\/wp-json\/wp\/v2\/posts\/178\/revisions\/179"}],"wp:attachment":[{"href":"https:\/\/www.pmpf.rs.gov.br\/coordenadoria-da-mulher\/wp-json\/wp\/v2\/media?parent=178"}],"wp:term":[{"taxonomy":"category","embeddable":true,"href":"https:\/\/www.pmpf.rs.gov.br\/coordenadoria-da-mulher\/wp-json\/wp\/v2\/categories?post=178"},{"taxonomy":"post_tag","embeddable":true,"href":"https:\/\/www.pmpf.rs.gov.br\/coordenadoria-da-mulher\/wp-json\/wp\/v2\/tags?post=178"}],"curies":[{"name":"wp","href":"https:\/\/api.w.org\/{rel}","templated":true}]}}