{"id":774,"date":"2023-08-25T10:41:25","date_gmt":"2023-08-25T13:41:25","guid":{"rendered":"https:\/\/www.pmpf.rs.gov.br\/conselhos-municipais-de-passo-fundo\/?p=774"},"modified":"2023-08-25T10:51:59","modified_gmt":"2023-08-25T13:51:59","slug":"passo-fundo-realiza-conferencia-municipal-de-seguranca-alimentar-e-nutricional","status":"publish","type":"post","link":"https:\/\/www.pmpf.rs.gov.br\/conselhos-municipais-de-passo-fundo\/2023\/08\/25\/passo-fundo-realiza-conferencia-municipal-de-seguranca-alimentar-e-nutricional\/","title":{"rendered":"Passo Fundo realiza Confer\u00eancia Municipal de Seguran\u00e7a Alimentar e Nutricional."},"content":{"rendered":"\n<p>Acontece nesta pr\u00f3xima ter\u00e7a-feira, dia 29 de agosto de 2023, a partir das 13h30min, no Audit\u00f3rio da Universidade Federal Fronteira Sul (UFFS), a Confer\u00eancia Municipal de Seguran\u00e7a Alimentar e Nutricional de Passo Fundo. A Confer\u00eancia abordar\u00e1 o seguinte tema: \u201cErradicar a fome e garantir direitos com comida de verdade, democracia e equidade\u201d. A programa\u00e7\u00e3o contemplar\u00e1 discuss\u00f5es sobre a seguran\u00e7a alimentar e nutricional a n\u00edvel Municipal, Estadual e Federal.<\/p>\n\n\n\n<p>As inscri\u00e7\u00f5es podem ser feitas atrav\u00e9s do link: <a href=\"https:\/\/forms.gle\/mpju1aiXQrLYG5S2A\" target=\"_blank\" rel=\"noreferrer noopener\">https:\/\/forms.gle\/mpju1aiXQrLYG5S2A<\/a><\/p>\n","protected":false},"excerpt":{"rendered":"<p>No dia 29 de agosto, a partir das 13h30min, no Audit\u00f3rio da Universidade Federal Fronteira Sul (UFFS)<\/p>\n","protected":false},"author":4,"featured_media":0,"comment_status":"closed","ping_status":"closed","sticky":false,"template":"","format":"standard","meta":{"footnotes":""},"categories":[5],"tags":[],"class_list":["post-774","post","type-post","status-publish","format-standard","hentry","category-convite"],"yoast_head":"<!-- This site is optimized with the Yoast SEO plugin v23.8 - https:\/\/yoast.com\/wordpress\/plugins\/seo\/ -->\n<title>Passo Fundo realiza Confer\u00eancia Municipal de Seguran\u00e7a Alimentar e Nutricional. - Conselhos Municipais de Passo Fundo<\/title>\n<meta name=\"robots\" content=\"index, follow, max-snippet:-1, max-image-preview:large, max-video-preview:-1\" \/>\n<link rel=\"canonical\" href=\"https:\/\/www.pmpf.rs.gov.br\/conselhos-municipais-de-passo-fundo\/2023\/08\/25\/passo-fundo-realiza-conferencia-municipal-de-seguranca-alimentar-e-nutricional\/\" \/>\n<meta property=\"og:locale\" content=\"pt_BR\" \/>\n<meta property=\"og:type\" content=\"article\" \/>\n<meta property=\"og:title\" content=\"Passo Fundo realiza Confer\u00eancia Municipal de Seguran\u00e7a Alimentar e Nutricional. - Conselhos Municipais de Passo Fundo\" \/>\n<meta property=\"og:description\" content=\"No dia 29 de agosto, a partir das 13h30min, no Audit\u00f3rio da Universidade Federal Fronteira Sul (UFFS)\" \/>\n<meta property=\"og:url\" content=\"https:\/\/www.pmpf.rs.gov.br\/conselhos-municipais-de-passo-fundo\/2023\/08\/25\/passo-fundo-realiza-conferencia-municipal-de-seguranca-alimentar-e-nutricional\/\" \/>\n<meta property=\"og:site_name\" content=\"Conselhos Municipais de Passo Fundo\" \/>\n<meta property=\"article:published_time\" content=\"2023-08-25T13:41:25+00:00\" \/>\n<meta property=\"article:modified_time\" content=\"2023-08-25T13:51:59+00:00\" \/>\n<meta name=\"author\" content=\"cristianem\" \/>\n<meta name=\"twitter:card\" content=\"summary_large_image\" \/>\n<meta name=\"twitter:label1\" content=\"Escrito por\" \/>\n\t<meta name=\"twitter:data1\" content=\"cristianem\" \/>\n<script type=\"application\/ld+json\" class=\"yoast-schema-graph\">{\"@context\":\"https:\/\/schema.org\",\"@graph\":[{\"@type\":\"WebPage\",\"@id\":\"https:\/\/www.pmpf.rs.gov.br\/conselhos-municipais-de-passo-fundo\/2023\/08\/25\/passo-fundo-realiza-conferencia-municipal-de-seguranca-alimentar-e-nutricional\/\",\"url\":\"https:\/\/www.pmpf.rs.gov.br\/conselhos-municipais-de-passo-fundo\/2023\/08\/25\/passo-fundo-realiza-conferencia-municipal-de-seguranca-alimentar-e-nutricional\/\",\"name\":\"Passo Fundo realiza Confer\u00eancia Municipal de Seguran\u00e7a Alimentar e Nutricional. - Conselhos Municipais de Passo Fundo\",\"isPartOf\":{\"@id\":\"https:\/\/www.pmpf.rs.gov.br\/conselhos-municipais-de-passo-fundo\/#website\"},\"datePublished\":\"2023-08-25T13:41:25+00:00\",\"dateModified\":\"2023-08-25T13:51:59+00:00\",\"author\":{\"@id\":\"https:\/\/www.pmpf.rs.gov.br\/conselhos-municipais-de-passo-fundo\/#\/schema\/person\/7546f09893e4b6bb3b2692a8a4132462\"},\"inLanguage\":\"pt-BR\",\"potentialAction\":[{\"@type\":\"ReadAction\",\"target\":[\"https:\/\/www.pmpf.rs.gov.br\/conselhos-municipais-de-passo-fundo\/2023\/08\/25\/passo-fundo-realiza-conferencia-municipal-de-seguranca-alimentar-e-nutricional\/\"]}]},{\"@type\":\"WebSite\",\"@id\":\"https:\/\/www.pmpf.rs.gov.br\/conselhos-municipais-de-passo-fundo\/#website\",\"url\":\"https:\/\/www.pmpf.rs.gov.br\/conselhos-municipais-de-passo-fundo\/\",\"name\":\"Conselhos Municipais de Passo Fundo\",\"description\":\"S\u00f3 mais um site Prefeitura de Passo Fundo\",\"potentialAction\":[{\"@type\":\"SearchAction\",\"target\":{\"@type\":\"EntryPoint\",\"urlTemplate\":\"https:\/\/www.pmpf.rs.gov.br\/conselhos-municipais-de-passo-fundo\/?s={search_term_string}\"},\"query-input\":{\"@type\":\"PropertyValueSpecification\",\"valueRequired\":true,\"valueName\":\"search_term_string\"}}],\"inLanguage\":\"pt-BR\"},{\"@type\":\"Person\",\"@id\":\"https:\/\/www.pmpf.rs.gov.br\/conselhos-municipais-de-passo-fundo\/#\/schema\/person\/7546f09893e4b6bb3b2692a8a4132462\",\"name\":\"cristianem\",\"image\":{\"@type\":\"ImageObject\",\"inLanguage\":\"pt-BR\",\"@id\":\"https:\/\/www.pmpf.rs.gov.br\/conselhos-municipais-de-passo-fundo\/#\/schema\/person\/image\/\",\"url\":\"https:\/\/secure.gravatar.com\/avatar\/66d52b92d6080d2743ba29b3cdbdf293?s=96&d=mm&r=g\",\"contentUrl\":\"https:\/\/secure.gravatar.com\/avatar\/66d52b92d6080d2743ba29b3cdbdf293?s=96&d=mm&r=g\",\"caption\":\"cristianem\"},\"url\":\"https:\/\/www.pmpf.rs.gov.br\/conselhos-municipais-de-passo-fundo\/author\/cristianem\/\"}]}<\/script>\n<!-- \/ Yoast SEO plugin. -->","yoast_head_json":{"title":"Passo Fundo realiza Confer\u00eancia Municipal de Seguran\u00e7a Alimentar e Nutricional. - Conselhos Municipais de Passo Fundo","robots":{"index":"index","follow":"follow","max-snippet":"max-snippet:-1","max-image-preview":"max-image-preview:large","max-video-preview":"max-video-preview:-1"},"canonical":"https:\/\/www.pmpf.rs.gov.br\/conselhos-municipais-de-passo-fundo\/2023\/08\/25\/passo-fundo-realiza-conferencia-municipal-de-seguranca-alimentar-e-nutricional\/","og_locale":"pt_BR","og_type":"article","og_title":"Passo Fundo realiza Confer\u00eancia Municipal de Seguran\u00e7a Alimentar e Nutricional. - Conselhos Municipais de Passo Fundo","og_description":"No dia 29 de agosto, a partir das 13h30min, no Audit\u00f3rio da Universidade Federal Fronteira Sul (UFFS)","og_url":"https:\/\/www.pmpf.rs.gov.br\/conselhos-municipais-de-passo-fundo\/2023\/08\/25\/passo-fundo-realiza-conferencia-municipal-de-seguranca-alimentar-e-nutricional\/","og_site_name":"Conselhos Municipais de Passo Fundo","article_published_time":"2023-08-25T13:41:25+00:00","article_modified_time":"2023-08-25T13:51:59+00:00","author":"cristianem","twitter_card":"summary_large_image","twitter_misc":{"Escrito por":"cristianem"},"schema":{"@context":"https:\/\/schema.org","@graph":[{"@type":"WebPage","@id":"https:\/\/www.pmpf.rs.gov.br\/conselhos-municipais-de-passo-fundo\/2023\/08\/25\/passo-fundo-realiza-conferencia-municipal-de-seguranca-alimentar-e-nutricional\/","url":"https:\/\/www.pmpf.rs.gov.br\/conselhos-municipais-de-passo-fundo\/2023\/08\/25\/passo-fundo-realiza-conferencia-municipal-de-seguranca-alimentar-e-nutricional\/","name":"Passo Fundo realiza Confer\u00eancia Municipal de Seguran\u00e7a Alimentar e Nutricional. - Conselhos Municipais de Passo Fundo","isPartOf":{"@id":"https:\/\/www.pmpf.rs.gov.br\/conselhos-municipais-de-passo-fundo\/#website"},"datePublished":"2023-08-25T13:41:25+00:00","dateModified":"2023-08-25T13:51:59+00:00","author":{"@id":"https:\/\/www.pmpf.rs.gov.br\/conselhos-municipais-de-passo-fundo\/#\/schema\/person\/7546f09893e4b6bb3b2692a8a4132462"},"inLanguage":"pt-BR","potentialAction":[{"@type":"ReadAction","target":["https:\/\/www.pmpf.rs.gov.br\/conselhos-municipais-de-passo-fundo\/2023\/08\/25\/passo-fundo-realiza-conferencia-municipal-de-seguranca-alimentar-e-nutricional\/"]}]},{"@type":"WebSite","@id":"https:\/\/www.pmpf.rs.gov.br\/conselhos-municipais-de-passo-fundo\/#website","url":"https:\/\/www.pmpf.rs.gov.br\/conselhos-municipais-de-passo-fundo\/","name":"Conselhos Municipais de Passo Fundo","description":"S\u00f3 mais um site Prefeitura de Passo Fundo","potentialAction":[{"@type":"SearchAction","target":{"@type":"EntryPoint","urlTemplate":"https:\/\/www.pmpf.rs.gov.br\/conselhos-municipais-de-passo-fundo\/?s={search_term_string}"},"query-input":{"@type":"PropertyValueSpecification","valueRequired":true,"valueName":"search_term_string"}}],"inLanguage":"pt-BR"},{"@type":"Person","@id":"https:\/\/www.pmpf.rs.gov.br\/conselhos-municipais-de-passo-fundo\/#\/schema\/person\/7546f09893e4b6bb3b2692a8a4132462","name":"cristianem","image":{"@type":"ImageObject","inLanguage":"pt-BR","@id":"https:\/\/www.pmpf.rs.gov.br\/conselhos-municipais-de-passo-fundo\/#\/schema\/person\/image\/","url":"https:\/\/secure.gravatar.com\/avatar\/66d52b92d6080d2743ba29b3cdbdf293?s=96&d=mm&r=g","contentUrl":"https:\/\/secure.gravatar.com\/avatar\/66d52b92d6080d2743ba29b3cdbdf293?s=96&d=mm&r=g","caption":"cristianem"},"url":"https:\/\/www.pmpf.rs.gov.br\/conselhos-municipais-de-passo-fundo\/author\/cristianem\/"}]}},"_links":{"self":[{"href":"https:\/\/www.pmpf.rs.gov.br\/conselhos-municipais-de-passo-fundo\/wp-json\/wp\/v2\/posts\/774"}],"collection":[{"href":"https:\/\/www.pmpf.rs.gov.br\/conselhos-municipais-de-passo-fundo\/wp-json\/wp\/v2\/posts"}],"about":[{"href":"https:\/\/www.pmpf.rs.gov.br\/conselhos-municipais-de-passo-fundo\/wp-json\/wp\/v2\/types\/post"}],"author":[{"embeddable":true,"href":"https:\/\/www.pmpf.rs.gov.br\/conselhos-municipais-de-passo-fundo\/wp-json\/wp\/v2\/users\/4"}],"replies":[{"embeddable":true,"href":"https:\/\/www.pmpf.rs.gov.br\/conselhos-municipais-de-passo-fundo\/wp-json\/wp\/v2\/comments?post=774"}],"version-history":[{"count":4,"href":"https:\/\/www.pmpf.rs.gov.br\/conselhos-municipais-de-passo-fundo\/wp-json\/wp\/v2\/posts\/774\/revisions"}],"predecessor-version":[{"id":779,"href":"https:\/\/www.pmpf.rs.gov.br\/conselhos-municipais-de-passo-fundo\/wp-json\/wp\/v2\/posts\/774\/revisions\/779"}],"wp:attachment":[{"href":"https:\/\/www.pmpf.rs.gov.br\/conselhos-municipais-de-passo-fundo\/wp-json\/wp\/v2\/media?parent=774"}],"wp:term":[{"taxonomy":"category","embeddable":true,"href":"https:\/\/www.pmpf.rs.gov.br\/conselhos-municipais-de-passo-fundo\/wp-json\/wp\/v2\/categories?post=774"},{"taxonomy":"post_tag","embeddable":true,"href":"https:\/\/www.pmpf.rs.gov.br\/conselhos-municipais-de-passo-fundo\/wp-json\/wp\/v2\/tags?post=774"}],"curies":[{"name":"wp","href":"https:\/\/api.w.org\/{rel}","templated":true}]}}