{"id":710,"date":"2022-12-14T16:58:33","date_gmt":"2022-12-14T19:58:33","guid":{"rendered":"https:\/\/www.pmpf.rs.gov.br\/conselhos-municipais-de-passo-fundo\/?p=710"},"modified":"2022-12-14T16:59:58","modified_gmt":"2022-12-14T19:59:58","slug":"diretorias-de-grupos-do-dati-comai-tomam-posse-em-atividade-de-celebracao","status":"publish","type":"post","link":"https:\/\/www.pmpf.rs.gov.br\/conselhos-municipais-de-passo-fundo\/2022\/12\/14\/diretorias-de-grupos-do-dati-comai-tomam-posse-em-atividade-de-celebracao\/","title":{"rendered":"<strong>Diretorias de grupos do DATI\/COMAI tomam posse em atividade de celebra\u00e7\u00e3o<\/strong>"},"content":{"rendered":"\n<p><br><br>Nesta quarta-feira (14), durante o \u00faltimo encontro do ano promovido pelo DATI\/COMAI, foram empossadas as diretorias dos 51 grupos da cidade, respons\u00e1veis pela gest\u00e3o nas comunidades pelos pr\u00f3ximos dois anos. A cerim\u00f4nia foi realizada na Associa\u00e7\u00e3o de Sargentos e Subtenentes da Brigada Militar e contou com apresenta\u00e7\u00f5es art\u00edsticas, confraterniza\u00e7\u00e3o e o resgate de entregas feitas pela Prefeitura e que contribuem com os servi\u00e7os \u00e0 terceira idade.<br><br>Os grupos do Departamento de Aten\u00e7\u00e3o \u00e0 terceira idade (DATI) envolvem, nos bairros e no interior, aproximadamente 3,2 mil idosos. Com eles, s\u00e3o desenvolvidas in\u00fameras atividades que buscam, sobretudo, a conviv\u00eancia social e a qualidade de vida.<br><br>A coordenadora da Coordenadoria Municipal do Idoso, T\u00e2nia Carraro, enfatizou a import\u00e2ncia das diretorias para a manuten\u00e7\u00e3o dos grupos em cada bairro. \u201cVoc\u00eas s\u00e3o fundamentais porque fazem o elo entre a coordenadoria e as comunidades. Por isso, quero agradecer a todos que assumem hoje. Tamb\u00e9m agrade\u00e7o \u00e0 Administra\u00e7\u00e3o Municipal pela aten\u00e7\u00e3o e pela grande conquista que tivemos neste ano, que \u00e9 a nova sede da coordenadoria\u201d, disse.<br><br>O prefeito, Pedro Almeida, destacou o compromisso do governo municipal com iniciativas que atendam e valorizem a popula\u00e7\u00e3o idosa. \u201cAl\u00e9m do no espa\u00e7o para a coordenadoria, que \u00e9 fundamental para as atividades e oficinas realizadas com a terceira idade, n\u00f3s entregamos o Centro de Refer\u00eancia do Idoso, um local voltado para a sa\u00fade. S\u00e3o duas conquistas efetivadas neste ano e que impactam diretamente nos servi\u00e7os\u201d, pontuou.<br><br>Tamb\u00e9m presente na cerim\u00f4nia, o vice-prefeito, Jo\u00e3o Pedro Nunes, enfatizou que a Prefeitura est\u00e1 ao lado de cada grupo para fortalecer a atua\u00e7\u00e3o com a comunidade. \u201cTenho certeza que as novas diretorias v\u00e3o levar adiante os grupos nos bairros e buscar o melhor para todos. Contem com a Prefeitura, porque queremos estar pr\u00f3ximos e melhorar a qualidade de vida da popula\u00e7\u00e3o\u201d, afirmou.<br><br><strong>Sede da Coordenadoria do Idoso<\/strong><br>A Prefeitura entregou, em maio deste ano, a nova sede da Coordenadoria do Idoso, garantindo uma estrutura adequada para as atividades. Situado no Centro, o espa\u00e7o \u00e9 amplo e acess\u00edvel e passou a sediar as oficinas realizadas para a terceira idade.<br><br>A Coordenadoria do Idoso fornece mais de 20 oficinas, que recebem 700 pessoas. S\u00e3o aulas de artesanato, m\u00fasica, dan\u00e7a, alfabetiza\u00e7\u00e3o, cultura digital, entre outras, que criam experi\u00eancias e saberes, al\u00e9m de fortalecerem a conviv\u00eancia social.<br><br><strong>Centro de Refer\u00eancia do Idoso<\/strong><br>O Centro de Refer\u00eancia do Idoso tamb\u00e9m representa uma marca de aten\u00e7\u00e3o e acolhimento direcionados \u00e0 popula\u00e7\u00e3o idosa. A unidade foi inaugurada pela Prefeitura em outubro e atende as demandas em sa\u00fade dos idosos.<\/p>\n\n\n\n<p>O novo espa\u00e7o conta com uma equipe multidisciplinar para atendimentos nas \u00e1reas de cl\u00ednica geral, geriatria, psicologia, odontologia, nutri\u00e7\u00e3o, enfermagem, ginecologia, cardiologia, urologia e fisioterapia. Al\u00e9m disso, faz o encaminhamento para exames de laborat\u00f3rio, ecocardiograma, ultrassonografia, entre outros.<\/p>\n\n\n\n<p><strong>Fotos: Michel Sanderi<\/strong><\/p>\n","protected":false},"excerpt":{"rendered":"<p>Encontro foi marcado por confraterniza\u00e7\u00e3o e pelo resgate de entregas da Prefeitura para a Terceira Idade, como a nova sede da Coordenadoria do Idoso e o Centro de Refer\u00eancia do Idoso<\/p>\n","protected":false},"author":6,"featured_media":712,"comment_status":"closed","ping_status":"closed","sticky":true,"template":"","format":"standard","meta":{"footnotes":""},"categories":[1],"tags":[],"class_list":["post-710","post","type-post","status-publish","format-standard","has-post-thumbnail","hentry","category-sem-categoria"],"yoast_head":"<!-- This site is optimized with the Yoast SEO plugin v23.8 - https:\/\/yoast.com\/wordpress\/plugins\/seo\/ -->\n<title>Diretorias de grupos do DATI\/COMAI tomam posse em atividade de celebra\u00e7\u00e3o - Conselhos Municipais de Passo Fundo<\/title>\n<meta name=\"robots\" content=\"index, follow, max-snippet:-1, max-image-preview:large, max-video-preview:-1\" \/>\n<link rel=\"canonical\" href=\"https:\/\/www.pmpf.rs.gov.br\/conselhos-municipais-de-passo-fundo\/2022\/12\/14\/diretorias-de-grupos-do-dati-comai-tomam-posse-em-atividade-de-celebracao\/\" \/>\n<meta property=\"og:locale\" content=\"pt_BR\" \/>\n<meta property=\"og:type\" content=\"article\" \/>\n<meta property=\"og:title\" content=\"Diretorias de grupos do DATI\/COMAI tomam posse em atividade de celebra\u00e7\u00e3o - Conselhos Municipais de Passo Fundo\" \/>\n<meta property=\"og:description\" content=\"Encontro foi marcado por confraterniza\u00e7\u00e3o e pelo resgate de entregas da Prefeitura para a Terceira Idade, como a nova sede da Coordenadoria do Idoso e o Centro de Refer\u00eancia do Idoso\" \/>\n<meta property=\"og:url\" content=\"https:\/\/www.pmpf.rs.gov.br\/conselhos-municipais-de-passo-fundo\/2022\/12\/14\/diretorias-de-grupos-do-dati-comai-tomam-posse-em-atividade-de-celebracao\/\" \/>\n<meta property=\"og:site_name\" content=\"Conselhos Municipais de Passo Fundo\" \/>\n<meta property=\"article:published_time\" content=\"2022-12-14T19:58:33+00:00\" \/>\n<meta property=\"article:modified_time\" content=\"2022-12-14T19:59:58+00:00\" \/>\n<meta name=\"author\" content=\"andressazorzetto07\" \/>\n<meta name=\"twitter:card\" content=\"summary_large_image\" \/>\n<meta name=\"twitter:label1\" content=\"Escrito por\" \/>\n\t<meta name=\"twitter:data1\" content=\"andressazorzetto07\" \/>\n\t<meta name=\"twitter:label2\" content=\"Est. tempo de leitura\" \/>\n\t<meta name=\"twitter:data2\" content=\"3 minutos\" \/>\n<script type=\"application\/ld+json\" class=\"yoast-schema-graph\">{\"@context\":\"https:\/\/schema.org\",\"@graph\":[{\"@type\":\"WebPage\",\"@id\":\"https:\/\/www.pmpf.rs.gov.br\/conselhos-municipais-de-passo-fundo\/2022\/12\/14\/diretorias-de-grupos-do-dati-comai-tomam-posse-em-atividade-de-celebracao\/\",\"url\":\"https:\/\/www.pmpf.rs.gov.br\/conselhos-municipais-de-passo-fundo\/2022\/12\/14\/diretorias-de-grupos-do-dati-comai-tomam-posse-em-atividade-de-celebracao\/\",\"name\":\"Diretorias de grupos do DATI\/COMAI tomam posse em atividade de celebra\u00e7\u00e3o - Conselhos Municipais de Passo Fundo\",\"isPartOf\":{\"@id\":\"https:\/\/www.pmpf.rs.gov.br\/conselhos-municipais-de-passo-fundo\/#website\"},\"primaryImageOfPage\":{\"@id\":\"https:\/\/www.pmpf.rs.gov.br\/conselhos-municipais-de-passo-fundo\/2022\/12\/14\/diretorias-de-grupos-do-dati-comai-tomam-posse-em-atividade-de-celebracao\/#primaryimage\"},\"image\":{\"@id\":\"https:\/\/www.pmpf.rs.gov.br\/conselhos-municipais-de-passo-fundo\/2022\/12\/14\/diretorias-de-grupos-do-dati-comai-tomam-posse-em-atividade-de-celebracao\/#primaryimage\"},\"thumbnailUrl\":\"https:\/\/www.pmpf.rs.gov.br\/conselhos-municipais-de-passo-fundo\/wp-content\/uploads\/sites\/37\/2022\/12\/dati-3.jpg\",\"datePublished\":\"2022-12-14T19:58:33+00:00\",\"dateModified\":\"2022-12-14T19:59:58+00:00\",\"author\":{\"@id\":\"https:\/\/www.pmpf.rs.gov.br\/conselhos-municipais-de-passo-fundo\/#\/schema\/person\/30ee1d1bd74da1469b01fcf086e43351\"},\"inLanguage\":\"pt-BR\",\"potentialAction\":[{\"@type\":\"ReadAction\",\"target\":[\"https:\/\/www.pmpf.rs.gov.br\/conselhos-municipais-de-passo-fundo\/2022\/12\/14\/diretorias-de-grupos-do-dati-comai-tomam-posse-em-atividade-de-celebracao\/\"]}]},{\"@type\":\"ImageObject\",\"inLanguage\":\"pt-BR\",\"@id\":\"https:\/\/www.pmpf.rs.gov.br\/conselhos-municipais-de-passo-fundo\/2022\/12\/14\/diretorias-de-grupos-do-dati-comai-tomam-posse-em-atividade-de-celebracao\/#primaryimage\",\"url\":\"https:\/\/www.pmpf.rs.gov.br\/conselhos-municipais-de-passo-fundo\/wp-content\/uploads\/sites\/37\/2022\/12\/dati-3.jpg\",\"contentUrl\":\"https:\/\/www.pmpf.rs.gov.br\/conselhos-municipais-de-passo-fundo\/wp-content\/uploads\/sites\/37\/2022\/12\/dati-3.jpg\",\"width\":1600,\"height\":1066},{\"@type\":\"WebSite\",\"@id\":\"https:\/\/www.pmpf.rs.gov.br\/conselhos-municipais-de-passo-fundo\/#website\",\"url\":\"https:\/\/www.pmpf.rs.gov.br\/conselhos-municipais-de-passo-fundo\/\",\"name\":\"Conselhos Municipais de Passo Fundo\",\"description\":\"S\u00f3 mais um site Prefeitura de Passo Fundo\",\"potentialAction\":[{\"@type\":\"SearchAction\",\"target\":{\"@type\":\"EntryPoint\",\"urlTemplate\":\"https:\/\/www.pmpf.rs.gov.br\/conselhos-municipais-de-passo-fundo\/?s={search_term_string}\"},\"query-input\":{\"@type\":\"PropertyValueSpecification\",\"valueRequired\":true,\"valueName\":\"search_term_string\"}}],\"inLanguage\":\"pt-BR\"},{\"@type\":\"Person\",\"@id\":\"https:\/\/www.pmpf.rs.gov.br\/conselhos-municipais-de-passo-fundo\/#\/schema\/person\/30ee1d1bd74da1469b01fcf086e43351\",\"name\":\"andressazorzetto07\",\"image\":{\"@type\":\"ImageObject\",\"inLanguage\":\"pt-BR\",\"@id\":\"https:\/\/www.pmpf.rs.gov.br\/conselhos-municipais-de-passo-fundo\/#\/schema\/person\/image\/\",\"url\":\"https:\/\/secure.gravatar.com\/avatar\/14c5458ed79dc81da99a13b9ff5f9f19?s=96&d=mm&r=g\",\"contentUrl\":\"https:\/\/secure.gravatar.com\/avatar\/14c5458ed79dc81da99a13b9ff5f9f19?s=96&d=mm&r=g\",\"caption\":\"andressazorzetto07\"},\"url\":\"https:\/\/www.pmpf.rs.gov.br\/conselhos-municipais-de-passo-fundo\/author\/andressazorzetto07\/\"}]}<\/script>\n<!-- \/ Yoast SEO plugin. -->","yoast_head_json":{"title":"Diretorias de grupos do DATI\/COMAI tomam posse em atividade de celebra\u00e7\u00e3o - Conselhos Municipais de Passo Fundo","robots":{"index":"index","follow":"follow","max-snippet":"max-snippet:-1","max-image-preview":"max-image-preview:large","max-video-preview":"max-video-preview:-1"},"canonical":"https:\/\/www.pmpf.rs.gov.br\/conselhos-municipais-de-passo-fundo\/2022\/12\/14\/diretorias-de-grupos-do-dati-comai-tomam-posse-em-atividade-de-celebracao\/","og_locale":"pt_BR","og_type":"article","og_title":"Diretorias de grupos do DATI\/COMAI tomam posse em atividade de celebra\u00e7\u00e3o - Conselhos Municipais de Passo Fundo","og_description":"Encontro foi marcado por confraterniza\u00e7\u00e3o e pelo resgate de entregas da Prefeitura para a Terceira Idade, como a nova sede da Coordenadoria do Idoso e o Centro de Refer\u00eancia do Idoso","og_url":"https:\/\/www.pmpf.rs.gov.br\/conselhos-municipais-de-passo-fundo\/2022\/12\/14\/diretorias-de-grupos-do-dati-comai-tomam-posse-em-atividade-de-celebracao\/","og_site_name":"Conselhos Municipais de Passo Fundo","article_published_time":"2022-12-14T19:58:33+00:00","article_modified_time":"2022-12-14T19:59:58+00:00","author":"andressazorzetto07","twitter_card":"summary_large_image","twitter_misc":{"Escrito por":"andressazorzetto07","Est. tempo de leitura":"3 minutos"},"schema":{"@context":"https:\/\/schema.org","@graph":[{"@type":"WebPage","@id":"https:\/\/www.pmpf.rs.gov.br\/conselhos-municipais-de-passo-fundo\/2022\/12\/14\/diretorias-de-grupos-do-dati-comai-tomam-posse-em-atividade-de-celebracao\/","url":"https:\/\/www.pmpf.rs.gov.br\/conselhos-municipais-de-passo-fundo\/2022\/12\/14\/diretorias-de-grupos-do-dati-comai-tomam-posse-em-atividade-de-celebracao\/","name":"Diretorias de grupos do DATI\/COMAI tomam posse em atividade de celebra\u00e7\u00e3o - Conselhos Municipais de Passo Fundo","isPartOf":{"@id":"https:\/\/www.pmpf.rs.gov.br\/conselhos-municipais-de-passo-fundo\/#website"},"primaryImageOfPage":{"@id":"https:\/\/www.pmpf.rs.gov.br\/conselhos-municipais-de-passo-fundo\/2022\/12\/14\/diretorias-de-grupos-do-dati-comai-tomam-posse-em-atividade-de-celebracao\/#primaryimage"},"image":{"@id":"https:\/\/www.pmpf.rs.gov.br\/conselhos-municipais-de-passo-fundo\/2022\/12\/14\/diretorias-de-grupos-do-dati-comai-tomam-posse-em-atividade-de-celebracao\/#primaryimage"},"thumbnailUrl":"https:\/\/www.pmpf.rs.gov.br\/conselhos-municipais-de-passo-fundo\/wp-content\/uploads\/sites\/37\/2022\/12\/dati-3.jpg","datePublished":"2022-12-14T19:58:33+00:00","dateModified":"2022-12-14T19:59:58+00:00","author":{"@id":"https:\/\/www.pmpf.rs.gov.br\/conselhos-municipais-de-passo-fundo\/#\/schema\/person\/30ee1d1bd74da1469b01fcf086e43351"},"inLanguage":"pt-BR","potentialAction":[{"@type":"ReadAction","target":["https:\/\/www.pmpf.rs.gov.br\/conselhos-municipais-de-passo-fundo\/2022\/12\/14\/diretorias-de-grupos-do-dati-comai-tomam-posse-em-atividade-de-celebracao\/"]}]},{"@type":"ImageObject","inLanguage":"pt-BR","@id":"https:\/\/www.pmpf.rs.gov.br\/conselhos-municipais-de-passo-fundo\/2022\/12\/14\/diretorias-de-grupos-do-dati-comai-tomam-posse-em-atividade-de-celebracao\/#primaryimage","url":"https:\/\/www.pmpf.rs.gov.br\/conselhos-municipais-de-passo-fundo\/wp-content\/uploads\/sites\/37\/2022\/12\/dati-3.jpg","contentUrl":"https:\/\/www.pmpf.rs.gov.br\/conselhos-municipais-de-passo-fundo\/wp-content\/uploads\/sites\/37\/2022\/12\/dati-3.jpg","width":1600,"height":1066},{"@type":"WebSite","@id":"https:\/\/www.pmpf.rs.gov.br\/conselhos-municipais-de-passo-fundo\/#website","url":"https:\/\/www.pmpf.rs.gov.br\/conselhos-municipais-de-passo-fundo\/","name":"Conselhos Municipais de Passo Fundo","description":"S\u00f3 mais um site Prefeitura de Passo Fundo","potentialAction":[{"@type":"SearchAction","target":{"@type":"EntryPoint","urlTemplate":"https:\/\/www.pmpf.rs.gov.br\/conselhos-municipais-de-passo-fundo\/?s={search_term_string}"},"query-input":{"@type":"PropertyValueSpecification","valueRequired":true,"valueName":"search_term_string"}}],"inLanguage":"pt-BR"},{"@type":"Person","@id":"https:\/\/www.pmpf.rs.gov.br\/conselhos-municipais-de-passo-fundo\/#\/schema\/person\/30ee1d1bd74da1469b01fcf086e43351","name":"andressazorzetto07","image":{"@type":"ImageObject","inLanguage":"pt-BR","@id":"https:\/\/www.pmpf.rs.gov.br\/conselhos-municipais-de-passo-fundo\/#\/schema\/person\/image\/","url":"https:\/\/secure.gravatar.com\/avatar\/14c5458ed79dc81da99a13b9ff5f9f19?s=96&d=mm&r=g","contentUrl":"https:\/\/secure.gravatar.com\/avatar\/14c5458ed79dc81da99a13b9ff5f9f19?s=96&d=mm&r=g","caption":"andressazorzetto07"},"url":"https:\/\/www.pmpf.rs.gov.br\/conselhos-municipais-de-passo-fundo\/author\/andressazorzetto07\/"}]}},"_links":{"self":[{"href":"https:\/\/www.pmpf.rs.gov.br\/conselhos-municipais-de-passo-fundo\/wp-json\/wp\/v2\/posts\/710"}],"collection":[{"href":"https:\/\/www.pmpf.rs.gov.br\/conselhos-municipais-de-passo-fundo\/wp-json\/wp\/v2\/posts"}],"about":[{"href":"https:\/\/www.pmpf.rs.gov.br\/conselhos-municipais-de-passo-fundo\/wp-json\/wp\/v2\/types\/post"}],"author":[{"embeddable":true,"href":"https:\/\/www.pmpf.rs.gov.br\/conselhos-municipais-de-passo-fundo\/wp-json\/wp\/v2\/users\/6"}],"replies":[{"embeddable":true,"href":"https:\/\/www.pmpf.rs.gov.br\/conselhos-municipais-de-passo-fundo\/wp-json\/wp\/v2\/comments?post=710"}],"version-history":[{"count":1,"href":"https:\/\/www.pmpf.rs.gov.br\/conselhos-municipais-de-passo-fundo\/wp-json\/wp\/v2\/posts\/710\/revisions"}],"predecessor-version":[{"id":711,"href":"https:\/\/www.pmpf.rs.gov.br\/conselhos-municipais-de-passo-fundo\/wp-json\/wp\/v2\/posts\/710\/revisions\/711"}],"wp:featuredmedia":[{"embeddable":true,"href":"https:\/\/www.pmpf.rs.gov.br\/conselhos-municipais-de-passo-fundo\/wp-json\/wp\/v2\/media\/712"}],"wp:attachment":[{"href":"https:\/\/www.pmpf.rs.gov.br\/conselhos-municipais-de-passo-fundo\/wp-json\/wp\/v2\/media?parent=710"}],"wp:term":[{"taxonomy":"category","embeddable":true,"href":"https:\/\/www.pmpf.rs.gov.br\/conselhos-municipais-de-passo-fundo\/wp-json\/wp\/v2\/categories?post=710"},{"taxonomy":"post_tag","embeddable":true,"href":"https:\/\/www.pmpf.rs.gov.br\/conselhos-municipais-de-passo-fundo\/wp-json\/wp\/v2\/tags?post=710"}],"curies":[{"name":"wp","href":"https:\/\/api.w.org\/{rel}","templated":true}]}}