{"id":95,"date":"2026-01-27T09:08:12","date_gmt":"2026-01-27T12:08:12","guid":{"rendered":"https:\/\/www.pmpf.rs.gov.br\/comunicacao\/?p=95"},"modified":"2026-01-27T09:08:13","modified_gmt":"2026-01-27T12:08:13","slug":"prefeito-anuncia-diorges-oliveira-como-novo-secretario-de-comunicacao","status":"publish","type":"post","link":"https:\/\/www.pmpf.rs.gov.br\/comunicacao\/2026\/01\/27\/prefeito-anuncia-diorges-oliveira-como-novo-secretario-de-comunicacao\/","title":{"rendered":"Prefeito anuncia Diorges Oliveira como novo secret\u00e1rio de Comunica\u00e7\u00e3o"},"content":{"rendered":"\n<p><\/p>\n\n\n\n<p>O prefeito Pedro Almeida confirmou o nome de Diorges Oliveira como novo secret\u00e1rio municipal de Comunica\u00e7\u00e3o de Passo Fundo. Ele assume a pasta no lugar da jornalista Luciana Meneghetti, que esteve \u00e0 frente da secretaria por 13 anos e agora passa a se dedicar a novos projetos profissionais.<\/p>\n\n\n\n<p>Diorges possui ampla experi\u00eancia nas \u00e1reas de comunica\u00e7\u00e3o e gest\u00e3o p\u00fablica. Ao longo da carreira, atuou em grupos de comunica\u00e7\u00e3o no Rio Grande do Sul e integrou por 18 anos o Grupo RBS. No servi\u00e7o p\u00fablico municipal, ingressou em 2013, tendo ocupado cargos estrat\u00e9gicos como coordenador dos Programas de Governo e secret\u00e1rio em diferentes pastas da administra\u00e7\u00e3o.<\/p>\n\n\n\n<p>Ao anunciar o novo secret\u00e1rio, o prefeito destacou a qualifica\u00e7\u00e3o de Diorges. \u201cEle re\u00fane experi\u00eancia e conhecimento da gest\u00e3o p\u00fablica, o que contribuir\u00e1 para o fortalecimento da comunica\u00e7\u00e3o institucional do munic\u00edpio\u201d, afirmou Pedro. O prefeito tamb\u00e9m agradeceu a trajet\u00f3ria de Luciana \u00e0 frente da Secretaria de Comunica\u00e7\u00e3o. \u201cLuciana teve uma contribui\u00e7\u00e3o fundamental para Passo Fundo ao longo de mais de uma d\u00e9cada. Conduziu a comunica\u00e7\u00e3o em momentos decisivos da cidade, sempre com profissionalismo, responsabilidade e compromisso com o interesse p\u00fablico. Agrade\u00e7o profundamente por toda a dedica\u00e7\u00e3o e desejo sucesso nos novos projetos\u201d, completou.<\/p>\n\n\n\n<p><strong>Meio Ambiente<br><\/strong>Na atual gest\u00e3o, Diorges exercia o cargo de secret\u00e1rio de Meio Ambiente. Com sua ida para a Secretaria de Comunica\u00e7\u00e3o, Luiz Fabr\u00edcio Scheis, que j\u00e1 atua na Secretaria de Meio Ambiente, assumir\u00e1 interinamente a pasta.<\/p>\n\n\n\n<p><strong>Administra\u00e7\u00e3o<br><\/strong>O prefeito Pedro tamb\u00e9m confirmou que Glauber Vieira, que havia assumido interinamente a Secretaria de Administra\u00e7\u00e3o ap\u00f3s a sa\u00edda de Fernando Boeira, foi efetivado como titular da pasta.<\/p>\n\n\n\n<p><\/p>\n","protected":false},"excerpt":{"rendered":"<p>O prefeito Pedro Almeida confirmou o nome de Diorges Oliveira como novo secret\u00e1rio municipal de Comunica\u00e7\u00e3o de Passo Fundo. Ele assume a pasta no lugar da jornalista Luciana Meneghetti, que esteve \u00e0 [&hellip;]<\/p>\n","protected":false},"author":24,"featured_media":96,"comment_status":"closed","ping_status":"closed","sticky":false,"template":"","format":"standard","meta":{"footnotes":""},"categories":[1],"tags":[],"class_list":["post-95","post","type-post","status-publish","format-standard","has-post-thumbnail","hentry","category-sem-categoria"],"yoast_head":"<!-- This site is optimized with the Yoast SEO plugin v23.8 - https:\/\/yoast.com\/wordpress\/plugins\/seo\/ -->\n<title>Prefeito anuncia Diorges Oliveira como novo secret\u00e1rio de Comunica\u00e7\u00e3o - Secretaria de Comunica\u00e7\u00e3o Social<\/title>\n<meta name=\"robots\" content=\"index, follow, max-snippet:-1, max-image-preview:large, max-video-preview:-1\" \/>\n<link rel=\"canonical\" href=\"https:\/\/www.pmpf.rs.gov.br\/comunicacao\/2026\/01\/27\/prefeito-anuncia-diorges-oliveira-como-novo-secretario-de-comunicacao\/\" \/>\n<meta property=\"og:locale\" content=\"pt_BR\" \/>\n<meta property=\"og:type\" content=\"article\" \/>\n<meta property=\"og:title\" content=\"Prefeito anuncia Diorges Oliveira como novo secret\u00e1rio de Comunica\u00e7\u00e3o - Secretaria de Comunica\u00e7\u00e3o Social\" \/>\n<meta property=\"og:description\" content=\"O prefeito Pedro Almeida confirmou o nome de Diorges Oliveira como novo secret\u00e1rio municipal de Comunica\u00e7\u00e3o de Passo Fundo. Ele assume a pasta no lugar da jornalista Luciana Meneghetti, que esteve \u00e0 [&hellip;]\" \/>\n<meta property=\"og:url\" content=\"https:\/\/www.pmpf.rs.gov.br\/comunicacao\/2026\/01\/27\/prefeito-anuncia-diorges-oliveira-como-novo-secretario-de-comunicacao\/\" \/>\n<meta property=\"og:site_name\" content=\"Secretaria de Comunica\u00e7\u00e3o Social\" \/>\n<meta property=\"article:published_time\" content=\"2026-01-27T12:08:12+00:00\" \/>\n<meta property=\"article:modified_time\" content=\"2026-01-27T12:08:13+00:00\" \/>\n<meta name=\"author\" content=\"lilicrivello\" \/>\n<meta name=\"twitter:card\" content=\"summary_large_image\" \/>\n<meta name=\"twitter:label1\" content=\"Escrito por\" \/>\n\t<meta name=\"twitter:data1\" content=\"lilicrivello\" \/>\n\t<meta name=\"twitter:label2\" content=\"Est. tempo de leitura\" \/>\n\t<meta name=\"twitter:data2\" content=\"1 minuto\" \/>\n<script type=\"application\/ld+json\" class=\"yoast-schema-graph\">{\"@context\":\"https:\/\/schema.org\",\"@graph\":[{\"@type\":\"WebPage\",\"@id\":\"https:\/\/www.pmpf.rs.gov.br\/comunicacao\/2026\/01\/27\/prefeito-anuncia-diorges-oliveira-como-novo-secretario-de-comunicacao\/\",\"url\":\"https:\/\/www.pmpf.rs.gov.br\/comunicacao\/2026\/01\/27\/prefeito-anuncia-diorges-oliveira-como-novo-secretario-de-comunicacao\/\",\"name\":\"Prefeito anuncia Diorges Oliveira como novo secret\u00e1rio de Comunica\u00e7\u00e3o - Secretaria de Comunica\u00e7\u00e3o Social\",\"isPartOf\":{\"@id\":\"https:\/\/www.pmpf.rs.gov.br\/comunicacao\/#website\"},\"primaryImageOfPage\":{\"@id\":\"https:\/\/www.pmpf.rs.gov.br\/comunicacao\/2026\/01\/27\/prefeito-anuncia-diorges-oliveira-como-novo-secretario-de-comunicacao\/#primaryimage\"},\"image\":{\"@id\":\"https:\/\/www.pmpf.rs.gov.br\/comunicacao\/2026\/01\/27\/prefeito-anuncia-diorges-oliveira-como-novo-secretario-de-comunicacao\/#primaryimage\"},\"thumbnailUrl\":\"https:\/\/www.pmpf.rs.gov.br\/comunicacao\/wp-content\/uploads\/sites\/26\/2026\/01\/Captura-de-tela-2026-01-27-090737.png\",\"datePublished\":\"2026-01-27T12:08:12+00:00\",\"dateModified\":\"2026-01-27T12:08:13+00:00\",\"author\":{\"@id\":\"https:\/\/www.pmpf.rs.gov.br\/comunicacao\/#\/schema\/person\/6e93b0ab2174b69f691ac4f278ba2d0a\"},\"inLanguage\":\"pt-BR\",\"potentialAction\":[{\"@type\":\"ReadAction\",\"target\":[\"https:\/\/www.pmpf.rs.gov.br\/comunicacao\/2026\/01\/27\/prefeito-anuncia-diorges-oliveira-como-novo-secretario-de-comunicacao\/\"]}]},{\"@type\":\"ImageObject\",\"inLanguage\":\"pt-BR\",\"@id\":\"https:\/\/www.pmpf.rs.gov.br\/comunicacao\/2026\/01\/27\/prefeito-anuncia-diorges-oliveira-como-novo-secretario-de-comunicacao\/#primaryimage\",\"url\":\"https:\/\/www.pmpf.rs.gov.br\/comunicacao\/wp-content\/uploads\/sites\/26\/2026\/01\/Captura-de-tela-2026-01-27-090737.png\",\"contentUrl\":\"https:\/\/www.pmpf.rs.gov.br\/comunicacao\/wp-content\/uploads\/sites\/26\/2026\/01\/Captura-de-tela-2026-01-27-090737.png\",\"width\":1032,\"height\":690},{\"@type\":\"WebSite\",\"@id\":\"https:\/\/www.pmpf.rs.gov.br\/comunicacao\/#website\",\"url\":\"https:\/\/www.pmpf.rs.gov.br\/comunicacao\/\",\"name\":\"Secretaria de Comunica\u00e7\u00e3o Social\",\"description\":\"S\u00f3 mais um site Prefeitura de Passo Fundo\",\"potentialAction\":[{\"@type\":\"SearchAction\",\"target\":{\"@type\":\"EntryPoint\",\"urlTemplate\":\"https:\/\/www.pmpf.rs.gov.br\/comunicacao\/?s={search_term_string}\"},\"query-input\":{\"@type\":\"PropertyValueSpecification\",\"valueRequired\":true,\"valueName\":\"search_term_string\"}}],\"inLanguage\":\"pt-BR\"},{\"@type\":\"Person\",\"@id\":\"https:\/\/www.pmpf.rs.gov.br\/comunicacao\/#\/schema\/person\/6e93b0ab2174b69f691ac4f278ba2d0a\",\"name\":\"lilicrivello\",\"image\":{\"@type\":\"ImageObject\",\"inLanguage\":\"pt-BR\",\"@id\":\"https:\/\/www.pmpf.rs.gov.br\/comunicacao\/#\/schema\/person\/image\/\",\"url\":\"https:\/\/secure.gravatar.com\/avatar\/0b546b667388f8edb7b67d70a57b5e46?s=96&d=mm&r=g\",\"contentUrl\":\"https:\/\/secure.gravatar.com\/avatar\/0b546b667388f8edb7b67d70a57b5e46?s=96&d=mm&r=g\",\"caption\":\"lilicrivello\"},\"url\":\"https:\/\/www.pmpf.rs.gov.br\/comunicacao\/author\/lilicrivello\/\"}]}<\/script>\n<!-- \/ Yoast SEO plugin. -->","yoast_head_json":{"title":"Prefeito anuncia Diorges Oliveira como novo secret\u00e1rio de Comunica\u00e7\u00e3o - Secretaria de Comunica\u00e7\u00e3o Social","robots":{"index":"index","follow":"follow","max-snippet":"max-snippet:-1","max-image-preview":"max-image-preview:large","max-video-preview":"max-video-preview:-1"},"canonical":"https:\/\/www.pmpf.rs.gov.br\/comunicacao\/2026\/01\/27\/prefeito-anuncia-diorges-oliveira-como-novo-secretario-de-comunicacao\/","og_locale":"pt_BR","og_type":"article","og_title":"Prefeito anuncia Diorges Oliveira como novo secret\u00e1rio de Comunica\u00e7\u00e3o - Secretaria de Comunica\u00e7\u00e3o Social","og_description":"O prefeito Pedro Almeida confirmou o nome de Diorges Oliveira como novo secret\u00e1rio municipal de Comunica\u00e7\u00e3o de Passo Fundo. Ele assume a pasta no lugar da jornalista Luciana Meneghetti, que esteve \u00e0 [&hellip;]","og_url":"https:\/\/www.pmpf.rs.gov.br\/comunicacao\/2026\/01\/27\/prefeito-anuncia-diorges-oliveira-como-novo-secretario-de-comunicacao\/","og_site_name":"Secretaria de Comunica\u00e7\u00e3o Social","article_published_time":"2026-01-27T12:08:12+00:00","article_modified_time":"2026-01-27T12:08:13+00:00","author":"lilicrivello","twitter_card":"summary_large_image","twitter_misc":{"Escrito por":"lilicrivello","Est. tempo de leitura":"1 minuto"},"schema":{"@context":"https:\/\/schema.org","@graph":[{"@type":"WebPage","@id":"https:\/\/www.pmpf.rs.gov.br\/comunicacao\/2026\/01\/27\/prefeito-anuncia-diorges-oliveira-como-novo-secretario-de-comunicacao\/","url":"https:\/\/www.pmpf.rs.gov.br\/comunicacao\/2026\/01\/27\/prefeito-anuncia-diorges-oliveira-como-novo-secretario-de-comunicacao\/","name":"Prefeito anuncia Diorges Oliveira como novo secret\u00e1rio de Comunica\u00e7\u00e3o - Secretaria de Comunica\u00e7\u00e3o Social","isPartOf":{"@id":"https:\/\/www.pmpf.rs.gov.br\/comunicacao\/#website"},"primaryImageOfPage":{"@id":"https:\/\/www.pmpf.rs.gov.br\/comunicacao\/2026\/01\/27\/prefeito-anuncia-diorges-oliveira-como-novo-secretario-de-comunicacao\/#primaryimage"},"image":{"@id":"https:\/\/www.pmpf.rs.gov.br\/comunicacao\/2026\/01\/27\/prefeito-anuncia-diorges-oliveira-como-novo-secretario-de-comunicacao\/#primaryimage"},"thumbnailUrl":"https:\/\/www.pmpf.rs.gov.br\/comunicacao\/wp-content\/uploads\/sites\/26\/2026\/01\/Captura-de-tela-2026-01-27-090737.png","datePublished":"2026-01-27T12:08:12+00:00","dateModified":"2026-01-27T12:08:13+00:00","author":{"@id":"https:\/\/www.pmpf.rs.gov.br\/comunicacao\/#\/schema\/person\/6e93b0ab2174b69f691ac4f278ba2d0a"},"inLanguage":"pt-BR","potentialAction":[{"@type":"ReadAction","target":["https:\/\/www.pmpf.rs.gov.br\/comunicacao\/2026\/01\/27\/prefeito-anuncia-diorges-oliveira-como-novo-secretario-de-comunicacao\/"]}]},{"@type":"ImageObject","inLanguage":"pt-BR","@id":"https:\/\/www.pmpf.rs.gov.br\/comunicacao\/2026\/01\/27\/prefeito-anuncia-diorges-oliveira-como-novo-secretario-de-comunicacao\/#primaryimage","url":"https:\/\/www.pmpf.rs.gov.br\/comunicacao\/wp-content\/uploads\/sites\/26\/2026\/01\/Captura-de-tela-2026-01-27-090737.png","contentUrl":"https:\/\/www.pmpf.rs.gov.br\/comunicacao\/wp-content\/uploads\/sites\/26\/2026\/01\/Captura-de-tela-2026-01-27-090737.png","width":1032,"height":690},{"@type":"WebSite","@id":"https:\/\/www.pmpf.rs.gov.br\/comunicacao\/#website","url":"https:\/\/www.pmpf.rs.gov.br\/comunicacao\/","name":"Secretaria de Comunica\u00e7\u00e3o Social","description":"S\u00f3 mais um site Prefeitura de Passo Fundo","potentialAction":[{"@type":"SearchAction","target":{"@type":"EntryPoint","urlTemplate":"https:\/\/www.pmpf.rs.gov.br\/comunicacao\/?s={search_term_string}"},"query-input":{"@type":"PropertyValueSpecification","valueRequired":true,"valueName":"search_term_string"}}],"inLanguage":"pt-BR"},{"@type":"Person","@id":"https:\/\/www.pmpf.rs.gov.br\/comunicacao\/#\/schema\/person\/6e93b0ab2174b69f691ac4f278ba2d0a","name":"lilicrivello","image":{"@type":"ImageObject","inLanguage":"pt-BR","@id":"https:\/\/www.pmpf.rs.gov.br\/comunicacao\/#\/schema\/person\/image\/","url":"https:\/\/secure.gravatar.com\/avatar\/0b546b667388f8edb7b67d70a57b5e46?s=96&d=mm&r=g","contentUrl":"https:\/\/secure.gravatar.com\/avatar\/0b546b667388f8edb7b67d70a57b5e46?s=96&d=mm&r=g","caption":"lilicrivello"},"url":"https:\/\/www.pmpf.rs.gov.br\/comunicacao\/author\/lilicrivello\/"}]}},"_links":{"self":[{"href":"https:\/\/www.pmpf.rs.gov.br\/comunicacao\/wp-json\/wp\/v2\/posts\/95"}],"collection":[{"href":"https:\/\/www.pmpf.rs.gov.br\/comunicacao\/wp-json\/wp\/v2\/posts"}],"about":[{"href":"https:\/\/www.pmpf.rs.gov.br\/comunicacao\/wp-json\/wp\/v2\/types\/post"}],"author":[{"embeddable":true,"href":"https:\/\/www.pmpf.rs.gov.br\/comunicacao\/wp-json\/wp\/v2\/users\/24"}],"replies":[{"embeddable":true,"href":"https:\/\/www.pmpf.rs.gov.br\/comunicacao\/wp-json\/wp\/v2\/comments?post=95"}],"version-history":[{"count":1,"href":"https:\/\/www.pmpf.rs.gov.br\/comunicacao\/wp-json\/wp\/v2\/posts\/95\/revisions"}],"predecessor-version":[{"id":97,"href":"https:\/\/www.pmpf.rs.gov.br\/comunicacao\/wp-json\/wp\/v2\/posts\/95\/revisions\/97"}],"wp:featuredmedia":[{"embeddable":true,"href":"https:\/\/www.pmpf.rs.gov.br\/comunicacao\/wp-json\/wp\/v2\/media\/96"}],"wp:attachment":[{"href":"https:\/\/www.pmpf.rs.gov.br\/comunicacao\/wp-json\/wp\/v2\/media?parent=95"}],"wp:term":[{"taxonomy":"category","embeddable":true,"href":"https:\/\/www.pmpf.rs.gov.br\/comunicacao\/wp-json\/wp\/v2\/categories?post=95"},{"taxonomy":"post_tag","embeddable":true,"href":"https:\/\/www.pmpf.rs.gov.br\/comunicacao\/wp-json\/wp\/v2\/tags?post=95"}],"curies":[{"name":"wp","href":"https:\/\/api.w.org\/{rel}","templated":true}]}}