{"id":25,"date":"2013-02-08T00:00:00","date_gmt":"2013-02-08T02:00:00","guid":{"rendered":"https:\/\/www.pmpf.rs.gov.br\/secretaria-de-comunicacao-social\/?p=25"},"modified":"2021-11-17T10:58:08","modified_gmt":"2021-11-17T13:58:08","slug":"atraso-de-salarios-nao-tem-relacao-com-a-prefeitura","status":"publish","type":"post","link":"https:\/\/www.pmpf.rs.gov.br\/comunicacao\/2013\/02\/08\/atraso-de-salarios-nao-tem-relacao-com-a-prefeitura\/","title":{"rendered":"Atraso de sal\u00e1rios n\u00e3o tem rela\u00e7\u00e3o com a Prefeitura"},"content":{"rendered":"\n<h2 class=\"wp-block-heading\">NOTA DE ESCLARECIMENTO<\/h2>\n\n\n\n<p>Atraso de sal\u00e1rios n\u00e3o tem rela\u00e7\u00e3o com a Prefeitura<br><br>Durante esta sexta-feira, dia 8, servidores terceirizados pela empresa L\u00f3gica, que presta<br>servi\u00e7os ao Munic\u00edpio de Passo Fundo, procuraram a Prefeitura para comunicar que n\u00e3o<br>haviam recebido seus sal\u00e1rios. Diante do fato, a Prefeitura esclarece que os pagamentos<br>dos contratos com a L\u00f3gica est\u00e3o em dia e que a responsabilidade pelos sal\u00e1rios dos<br>funcion\u00e1rios \u00e9 da empresa.<br><br><br>Assessoria de Imprensa<br>Gest\u00e3o 2013\/2016<br>Prefeitura Municipal de Passo Fundo<\/p>\n","protected":false},"excerpt":{"rendered":"<p>NOTA DE ESCLARECIMENTO Atraso de sal\u00e1rios n\u00e3o tem rela\u00e7\u00e3o com a Prefeitura Durante esta sexta-feira, dia 8, servidores terceirizados pela empresa L\u00f3gica, que prestaservi\u00e7os ao Munic\u00edpio de Passo Fundo, procuraram a Prefeitura [&hellip;]<\/p>\n","protected":false},"author":1,"featured_media":0,"comment_status":"open","ping_status":"open","sticky":false,"template":"","format":"standard","meta":{"footnotes":""},"categories":[1],"tags":[],"class_list":["post-25","post","type-post","status-publish","format-standard","hentry","category-sem-categoria"],"yoast_head":"<!-- This site is optimized with the Yoast SEO plugin v23.8 - https:\/\/yoast.com\/wordpress\/plugins\/seo\/ -->\n<title>Atraso de sal\u00e1rios n\u00e3o tem rela\u00e7\u00e3o com a Prefeitura - Secretaria de Comunica\u00e7\u00e3o Social<\/title>\n<meta name=\"robots\" content=\"index, follow, max-snippet:-1, max-image-preview:large, max-video-preview:-1\" \/>\n<link rel=\"canonical\" href=\"https:\/\/www.pmpf.rs.gov.br\/comunicacao\/2013\/02\/08\/atraso-de-salarios-nao-tem-relacao-com-a-prefeitura\/\" \/>\n<meta property=\"og:locale\" content=\"pt_BR\" \/>\n<meta property=\"og:type\" content=\"article\" \/>\n<meta property=\"og:title\" content=\"Atraso de sal\u00e1rios n\u00e3o tem rela\u00e7\u00e3o com a Prefeitura - Secretaria de Comunica\u00e7\u00e3o Social\" \/>\n<meta property=\"og:description\" content=\"NOTA DE ESCLARECIMENTO Atraso de sal\u00e1rios n\u00e3o tem rela\u00e7\u00e3o com a Prefeitura Durante esta sexta-feira, dia 8, servidores terceirizados pela empresa L\u00f3gica, que prestaservi\u00e7os ao Munic\u00edpio de Passo Fundo, procuraram a Prefeitura [&hellip;]\" \/>\n<meta property=\"og:url\" content=\"https:\/\/www.pmpf.rs.gov.br\/comunicacao\/2013\/02\/08\/atraso-de-salarios-nao-tem-relacao-com-a-prefeitura\/\" \/>\n<meta property=\"og:site_name\" content=\"Secretaria de Comunica\u00e7\u00e3o Social\" \/>\n<meta property=\"article:published_time\" content=\"2013-02-08T02:00:00+00:00\" \/>\n<meta property=\"article:modified_time\" content=\"2021-11-17T13:58:08+00:00\" \/>\n<meta name=\"author\" content=\"mosite\" \/>\n<meta name=\"twitter:card\" content=\"summary_large_image\" \/>\n<meta name=\"twitter:label1\" content=\"Escrito por\" \/>\n\t<meta name=\"twitter:data1\" content=\"mosite\" \/>\n\t<meta name=\"twitter:label2\" content=\"Est. tempo de leitura\" \/>\n\t<meta name=\"twitter:data2\" content=\"1 minuto\" \/>\n<script type=\"application\/ld+json\" class=\"yoast-schema-graph\">{\"@context\":\"https:\/\/schema.org\",\"@graph\":[{\"@type\":\"WebPage\",\"@id\":\"https:\/\/www.pmpf.rs.gov.br\/comunicacao\/2013\/02\/08\/atraso-de-salarios-nao-tem-relacao-com-a-prefeitura\/\",\"url\":\"https:\/\/www.pmpf.rs.gov.br\/comunicacao\/2013\/02\/08\/atraso-de-salarios-nao-tem-relacao-com-a-prefeitura\/\",\"name\":\"Atraso de sal\u00e1rios n\u00e3o tem rela\u00e7\u00e3o com a Prefeitura - Secretaria de Comunica\u00e7\u00e3o Social\",\"isPartOf\":{\"@id\":\"https:\/\/www.pmpf.rs.gov.br\/comunicacao\/#website\"},\"datePublished\":\"2013-02-08T02:00:00+00:00\",\"dateModified\":\"2021-11-17T13:58:08+00:00\",\"author\":{\"@id\":\"https:\/\/www.pmpf.rs.gov.br\/comunicacao\/#\/schema\/person\/0c355b0fa68a7aa986c8594f7a60a2d7\"},\"inLanguage\":\"pt-BR\",\"potentialAction\":[{\"@type\":\"ReadAction\",\"target\":[\"https:\/\/www.pmpf.rs.gov.br\/comunicacao\/2013\/02\/08\/atraso-de-salarios-nao-tem-relacao-com-a-prefeitura\/\"]}]},{\"@type\":\"WebSite\",\"@id\":\"https:\/\/www.pmpf.rs.gov.br\/comunicacao\/#website\",\"url\":\"https:\/\/www.pmpf.rs.gov.br\/comunicacao\/\",\"name\":\"Secretaria de Comunica\u00e7\u00e3o Social\",\"description\":\"S\u00f3 mais um site Prefeitura de Passo Fundo\",\"potentialAction\":[{\"@type\":\"SearchAction\",\"target\":{\"@type\":\"EntryPoint\",\"urlTemplate\":\"https:\/\/www.pmpf.rs.gov.br\/comunicacao\/?s={search_term_string}\"},\"query-input\":{\"@type\":\"PropertyValueSpecification\",\"valueRequired\":true,\"valueName\":\"search_term_string\"}}],\"inLanguage\":\"pt-BR\"},{\"@type\":\"Person\",\"@id\":\"https:\/\/www.pmpf.rs.gov.br\/comunicacao\/#\/schema\/person\/0c355b0fa68a7aa986c8594f7a60a2d7\",\"name\":\"mosite\",\"image\":{\"@type\":\"ImageObject\",\"inLanguage\":\"pt-BR\",\"@id\":\"https:\/\/www.pmpf.rs.gov.br\/comunicacao\/#\/schema\/person\/image\/\",\"url\":\"https:\/\/secure.gravatar.com\/avatar\/63d72595d6cecfe12bd8a94829d5a26c?s=96&d=mm&r=g\",\"contentUrl\":\"https:\/\/secure.gravatar.com\/avatar\/63d72595d6cecfe12bd8a94829d5a26c?s=96&d=mm&r=g\",\"caption\":\"mosite\"},\"sameAs\":[\"http:\/\/example.com\"],\"url\":\"https:\/\/www.pmpf.rs.gov.br\/comunicacao\/author\/mosite\/\"}]}<\/script>\n<!-- \/ Yoast SEO plugin. -->","yoast_head_json":{"title":"Atraso de sal\u00e1rios n\u00e3o tem rela\u00e7\u00e3o com a Prefeitura - Secretaria de Comunica\u00e7\u00e3o Social","robots":{"index":"index","follow":"follow","max-snippet":"max-snippet:-1","max-image-preview":"max-image-preview:large","max-video-preview":"max-video-preview:-1"},"canonical":"https:\/\/www.pmpf.rs.gov.br\/comunicacao\/2013\/02\/08\/atraso-de-salarios-nao-tem-relacao-com-a-prefeitura\/","og_locale":"pt_BR","og_type":"article","og_title":"Atraso de sal\u00e1rios n\u00e3o tem rela\u00e7\u00e3o com a Prefeitura - Secretaria de Comunica\u00e7\u00e3o Social","og_description":"NOTA DE ESCLARECIMENTO Atraso de sal\u00e1rios n\u00e3o tem rela\u00e7\u00e3o com a Prefeitura Durante esta sexta-feira, dia 8, servidores terceirizados pela empresa L\u00f3gica, que prestaservi\u00e7os ao Munic\u00edpio de Passo Fundo, procuraram a Prefeitura [&hellip;]","og_url":"https:\/\/www.pmpf.rs.gov.br\/comunicacao\/2013\/02\/08\/atraso-de-salarios-nao-tem-relacao-com-a-prefeitura\/","og_site_name":"Secretaria de Comunica\u00e7\u00e3o Social","article_published_time":"2013-02-08T02:00:00+00:00","article_modified_time":"2021-11-17T13:58:08+00:00","author":"mosite","twitter_card":"summary_large_image","twitter_misc":{"Escrito por":"mosite","Est. tempo de leitura":"1 minuto"},"schema":{"@context":"https:\/\/schema.org","@graph":[{"@type":"WebPage","@id":"https:\/\/www.pmpf.rs.gov.br\/comunicacao\/2013\/02\/08\/atraso-de-salarios-nao-tem-relacao-com-a-prefeitura\/","url":"https:\/\/www.pmpf.rs.gov.br\/comunicacao\/2013\/02\/08\/atraso-de-salarios-nao-tem-relacao-com-a-prefeitura\/","name":"Atraso de sal\u00e1rios n\u00e3o tem rela\u00e7\u00e3o com a Prefeitura - Secretaria de Comunica\u00e7\u00e3o Social","isPartOf":{"@id":"https:\/\/www.pmpf.rs.gov.br\/comunicacao\/#website"},"datePublished":"2013-02-08T02:00:00+00:00","dateModified":"2021-11-17T13:58:08+00:00","author":{"@id":"https:\/\/www.pmpf.rs.gov.br\/comunicacao\/#\/schema\/person\/0c355b0fa68a7aa986c8594f7a60a2d7"},"inLanguage":"pt-BR","potentialAction":[{"@type":"ReadAction","target":["https:\/\/www.pmpf.rs.gov.br\/comunicacao\/2013\/02\/08\/atraso-de-salarios-nao-tem-relacao-com-a-prefeitura\/"]}]},{"@type":"WebSite","@id":"https:\/\/www.pmpf.rs.gov.br\/comunicacao\/#website","url":"https:\/\/www.pmpf.rs.gov.br\/comunicacao\/","name":"Secretaria de Comunica\u00e7\u00e3o Social","description":"S\u00f3 mais um site Prefeitura de Passo Fundo","potentialAction":[{"@type":"SearchAction","target":{"@type":"EntryPoint","urlTemplate":"https:\/\/www.pmpf.rs.gov.br\/comunicacao\/?s={search_term_string}"},"query-input":{"@type":"PropertyValueSpecification","valueRequired":true,"valueName":"search_term_string"}}],"inLanguage":"pt-BR"},{"@type":"Person","@id":"https:\/\/www.pmpf.rs.gov.br\/comunicacao\/#\/schema\/person\/0c355b0fa68a7aa986c8594f7a60a2d7","name":"mosite","image":{"@type":"ImageObject","inLanguage":"pt-BR","@id":"https:\/\/www.pmpf.rs.gov.br\/comunicacao\/#\/schema\/person\/image\/","url":"https:\/\/secure.gravatar.com\/avatar\/63d72595d6cecfe12bd8a94829d5a26c?s=96&d=mm&r=g","contentUrl":"https:\/\/secure.gravatar.com\/avatar\/63d72595d6cecfe12bd8a94829d5a26c?s=96&d=mm&r=g","caption":"mosite"},"sameAs":["http:\/\/example.com"],"url":"https:\/\/www.pmpf.rs.gov.br\/comunicacao\/author\/mosite\/"}]}},"_links":{"self":[{"href":"https:\/\/www.pmpf.rs.gov.br\/comunicacao\/wp-json\/wp\/v2\/posts\/25"}],"collection":[{"href":"https:\/\/www.pmpf.rs.gov.br\/comunicacao\/wp-json\/wp\/v2\/posts"}],"about":[{"href":"https:\/\/www.pmpf.rs.gov.br\/comunicacao\/wp-json\/wp\/v2\/types\/post"}],"author":[{"embeddable":true,"href":"https:\/\/www.pmpf.rs.gov.br\/comunicacao\/wp-json\/wp\/v2\/users\/1"}],"replies":[{"embeddable":true,"href":"https:\/\/www.pmpf.rs.gov.br\/comunicacao\/wp-json\/wp\/v2\/comments?post=25"}],"version-history":[{"count":1,"href":"https:\/\/www.pmpf.rs.gov.br\/comunicacao\/wp-json\/wp\/v2\/posts\/25\/revisions"}],"predecessor-version":[{"id":26,"href":"https:\/\/www.pmpf.rs.gov.br\/comunicacao\/wp-json\/wp\/v2\/posts\/25\/revisions\/26"}],"wp:attachment":[{"href":"https:\/\/www.pmpf.rs.gov.br\/comunicacao\/wp-json\/wp\/v2\/media?parent=25"}],"wp:term":[{"taxonomy":"category","embeddable":true,"href":"https:\/\/www.pmpf.rs.gov.br\/comunicacao\/wp-json\/wp\/v2\/categories?post=25"},{"taxonomy":"post_tag","embeddable":true,"href":"https:\/\/www.pmpf.rs.gov.br\/comunicacao\/wp-json\/wp\/v2\/tags?post=25"}],"curies":[{"name":"wp","href":"https:\/\/api.w.org\/{rel}","templated":true}]}}